{"id":8406,"date":"2012-03-10T11:49:48","date_gmt":"2012-03-10T11:49:48","guid":{"rendered":"https:\/\/archivioturi.lavocedelpaese.info\/index.php\/2012\/03\/10\/nasce-il-milan-club-qp-maldiniq\/"},"modified":"2012-03-10T11:49:48","modified_gmt":"2012-03-10T11:49:48","slug":"nasce-il-milan-club-qp-maldiniq","status":"publish","type":"post","link":"https:\/\/archivioturi.lavocedelpaese.info\/index.php\/2012\/03\/10\/nasce-il-milan-club-qp-maldiniq\/","title":{"rendered":"Nasce il Milan Club &#8220;P. Maldini&#8221;"},"content":{"rendered":"<p><img loading=\"lazy\" decoding=\"async\" class=\" size-full wp-image-8405\" style=\"margin-top: 0px; margin-right: 3px; margin-bottom: 0px; margin-left: 3px;\" src=\"https:\/\/archivioturi.lavocedelpaese.info\/wp-content\/uploads\/2012\/03\/IMG_9214.JPG\" alt=\"IMG 9214\" width=\"320\" height=\"150\" srcset=\"https:\/\/archivioturi.lavocedelpaese.info\/wp-content\/uploads\/2012\/03\/IMG_9214.JPG 320w, https:\/\/archivioturi.lavocedelpaese.info\/wp-content\/uploads\/2012\/03\/IMG_9214-300x141.jpg 300w\" sizes=\"auto, (max-width: 320px) 100vw, 320px\" \/><\/p>\n<p>&nbsp;<\/p>\n<p style=\"text-align: justify;\">La passione e la determina\u00adzione di un gruppo di tifosi milanisti turesi sono state co\u00adronate nella serata di domeni\u00adca quando, davanti a un folto numero di persone accorse per l\u2019evento, \u00e8 stato inaugura\u00adto il Milan Club \u201cPaolo Mal\u00addini\u201d. Una festa a tinte rosso\u00adnere per un club guidato dal presidente del club Lorenzo Di Venere, dal vice presiden\u00adte Giandavide Rizzo, dall\u2019ad\u00addetto stampa Giuseppe Top\u00adputi e dal segretario Oronzo Di Michele. Dopo il canonico taglio del nastro ad opera del presidente del club \u00e8 stato possibile ammirare dall\u2019in\u00adterno l\u2019elegante sede situata in via Alberto De Carolis. L\u2019ampio locale \u00e8 suddiviso in due ambienti; sulla parete opposta all\u2019ingresso c\u2019\u00e8 una gigantografia raffigurante il celebre difensore milanista e sulle altre pareti numerose foto di personaggi che hanno segnato la storia del club di via Turati (da Nereo Rocco ad Antonio Cassano, passan\u00addo per il trio delle meraviglie Gullit, Rijkaard e Van Ba\u00adsten). Nella seconda stanza su una parete rossa campeggia la scritta dorata \u201cIl club pi\u00f9 tito\u00adlato al mondo\u201d, primato che il Milan orgogliosamente detie\u00adne dal 2007, anno in cui con\u00adquist\u00f2 il Mondiale per Club battendo in finale gli argenti\u00adni del Boca Juniors; sulla pa\u00adrete opposta fa bella mostra di se un poster raffigurante i trofei della societ\u00e0 milanese. Sul soffitto drappeggia un enorme telo ovviamente ros\u00adsonero. La soddisfazione per quanto \u00e8 stato creato \u00e8 tutta nelle parole del segretario del club, Oronzo De Miche\u00adle: \u201cSiamo molto contenti che il nostro impegno sia stato premiato cos\u00ec; non avevamo ancora trovato un locale ido\u00adneo, ma moltissime persone avevano gi\u00e0 aderito al pro\u00adgetto sulla fiducia; per noi \u00e8 stato un grosso stimolo a fare bene\u201d.<\/p>\n<p style=\"text-align: justify;\">Presenti, oltre a nu\u00admerosissimi tifosi rossoneri anche esponenti dell\u2019ammi\u00adnistrazione comunale e de\u00adlegazioni di Inter e Juventus Club. \u201cSpero che quest\u2019inau\u00adgurazione sia un bell\u2019esem\u00adpio per Turi \u2013 dice il presi\u00addente del club bianconero Andrea Saffi \u2013 perch\u00e9 \u00e8 bello vedere le tre societ\u00e0 sportive italiane cos\u00ec rappresentate sul territorio\u201d. Gli fa eco Gio\u00advanni D\u2019Addabbo, presidente dell\u2019Inter Club: \u201cMi fa piace\u00adre che crescano queste realt\u00e0 e mi auguro di poter orga\u00adnizzare insieme qualcosa nel nome della sportivit\u00e0 aldil\u00e0 delle nostre fedi calcistiche\u201d. Ha preso parte alla cerimonia anche il coordinatore regio\u00adnale dell\u2019AIMC (Associazio\u00adne Italiana Milan Club) An\u00adgelo Gaeta il quale ha fatto i complimenti per il lavoro svolto. Il direttivo del Milan Club vuole cogliere l\u2019occa\u00adsione per scusarsi se qualche affermazione del coordinato\u00adre avesse offeso i responsabili dello Juventus club e dell\u2019In\u00adter club presenti. Il club, che conta gi\u00e0 oltre cento iscritti (agevolazioni per donne e ragazzi), si sta preparando per promuovere una serie di eventi. \u201cOrganizzeremo sicu\u00adramente qualche trasferta a San Siro \u2013 commenta Oron\u00adzo De Michele \u2013 e vorremo organizzare qualche mani\u00adfestazione in collaborazione con gli altri club, con le as\u00adsociazioni sportive e quelle di beneficenza, magari anche in estate\u201d. La voglia di fare pu\u00f2 superare gli ostacoli dettati dalla differenza di opinioni e credo calcistico; che magni\u00adfico esempio sarebbe per la nostra cara vecchia Turi.<\/p>\n<p style=\"text-align: justify;\">&nbsp;<\/p>\n<p>&nbsp;<\/p>\n<p><embed type=\"application\/x-shockwave-flash\" src=\"https:\/\/picasaweb.google.com\/s\/c\/bin\/slideshow.swf\" width=\"660\" height=\"660\" flashvars=\"host=picasaweb.google.com&#038;noautoplay=1&#038;hl=it&#038;feat=flashalbum&#038;RGB=0x000000&#038;feed=https%3A%2F%2Fpicasaweb.google.com%2Fdata%2Ffeed%2Fapi%2Fuser%2Fredazioneturiweb%2Falbumid%2F5718237507380207489%3Falt%3Drss%26kind%3Dphoto%26hl%3Dit\" pluginspage=\"http:\/\/www.macromedia.com\/go\/getflashplayer\"><\/embed><\/p>\n","protected":false},"excerpt":{"rendered":"<p><img loading=\"lazy\" decoding=\"async\" class=\" size-full wp-image-8405\" style=\"margin-top: 0px; margin-right: 3px; margin-bottom: 0px; margin-left: 3px;\" src=\"https:\/\/archivioturi.lavocedelpaese.info\/wp-content\/uploads\/2012\/03\/IMG_9214.JPG\" alt=\"IMG 9214\" width=\"320\" height=\"150\" srcset=\"https:\/\/archivioturi.lavocedelpaese.info\/wp-content\/uploads\/2012\/03\/IMG_9214.JPG 320w, https:\/\/archivioturi.lavocedelpaese.info\/wp-content\/uploads\/2012\/03\/IMG_9214-300x141.jpg 300w\" sizes=\"auto, (max-width: 320px) 100vw, 320px\" \/><\/p>\n","protected":false},"author":1,"featured_media":8405,"comment_status":"open","ping_status":"closed","sticky":false,"template":"","format":"standard","meta":{"colormag_page_container_layout":"default_layout","colormag_page_sidebar_layout":"default_layout","footnotes":""},"categories":[5],"tags":[],"class_list":["post-8406","post","type-post","status-publish","format-standard","has-post-thumbnail","hentry","category-sport"],"_links":{"self":[{"href":"https:\/\/archivioturi.lavocedelpaese.info\/index.php\/wp-json\/wp\/v2\/posts\/8406","targetHints":{"allow":["GET"]}}],"collection":[{"href":"https:\/\/archivioturi.lavocedelpaese.info\/index.php\/wp-json\/wp\/v2\/posts"}],"about":[{"href":"https:\/\/archivioturi.lavocedelpaese.info\/index.php\/wp-json\/wp\/v2\/types\/post"}],"author":[{"embeddable":true,"href":"https:\/\/archivioturi.lavocedelpaese.info\/index.php\/wp-json\/wp\/v2\/users\/1"}],"replies":[{"embeddable":true,"href":"https:\/\/archivioturi.lavocedelpaese.info\/index.php\/wp-json\/wp\/v2\/comments?post=8406"}],"version-history":[{"count":0,"href":"https:\/\/archivioturi.lavocedelpaese.info\/index.php\/wp-json\/wp\/v2\/posts\/8406\/revisions"}],"wp:featuredmedia":[{"embeddable":true,"href":"https:\/\/archivioturi.lavocedelpaese.info\/index.php\/wp-json\/wp\/v2\/media\/8405"}],"wp:attachment":[{"href":"https:\/\/archivioturi.lavocedelpaese.info\/index.php\/wp-json\/wp\/v2\/media?parent=8406"}],"wp:term":[{"taxonomy":"category","embeddable":true,"href":"https:\/\/archivioturi.lavocedelpaese.info\/index.php\/wp-json\/wp\/v2\/categories?post=8406"},{"taxonomy":"post_tag","embeddable":true,"href":"https:\/\/archivioturi.lavocedelpaese.info\/index.php\/wp-json\/wp\/v2\/tags?post=8406"}],"curies":[{"name":"wp","href":"https:\/\/api.w.org\/{rel}","templated":true}]}}