{"id":8386,"date":"2012-03-07T07:35:11","date_gmt":"2012-03-07T07:35:11","guid":{"rendered":"https:\/\/archivioturi.lavocedelpaese.info\/index.php\/2012\/03\/07\/incontro-dibattito-su-stalking-e-violenza\/"},"modified":"2012-03-07T07:35:11","modified_gmt":"2012-03-07T07:35:11","slug":"incontro-dibattito-su-stalking-e-violenza","status":"publish","type":"post","link":"https:\/\/archivioturi.lavocedelpaese.info\/index.php\/2012\/03\/07\/incontro-dibattito-su-stalking-e-violenza\/","title":{"rendered":"Incontro dibattito su stalking e violenza"},"content":{"rendered":"<p style=\"text-align: justify;\">&nbsp;<\/p>\n<p style=\"text-align: justify;\">&nbsp;<img loading=\"lazy\" decoding=\"async\" class=\" size-full wp-image-8385\" src=\"https:\/\/archivioturi.lavocedelpaese.info\/wp-content\/uploads\/2012\/03\/locandina-stalking.jpg\" width=\"320\" height=\"150\" alt=\"locandina stalking\" style=\"margin-top: 0px; margin-right: 3px; margin-bottom: 0px; margin-left: 3px;\" srcset=\"https:\/\/archivioturi.lavocedelpaese.info\/wp-content\/uploads\/2012\/03\/locandina-stalking.jpg 640w, https:\/\/archivioturi.lavocedelpaese.info\/wp-content\/uploads\/2012\/03\/locandina-stalking-300x140.jpg 300w\" sizes=\"auto, (max-width: 320px) 100vw, 320px\" \/><\/p>\n<p style=\"text-align: justify;\">Venerd\u00ec 9 marzo, alle ore 18.00, presso la libreria Eleutera, l\u2019 Associazione \u201cFuori dal silenzio\u201c, che si occupa della tutela della persona, organizza un incontro dibattito dal titolo \u201cStalking e violenze\u201d.<\/p>\n<p style=\"text-align: justify;\">L\u2019incontro \u00e8 indirizzato a tutti, uomini e donne, in quanto la violenza, soprattutto psicologica, potrebbe colpire entrambi i sessi.<\/p>\n<p style=\"text-align: justify;\">Interverranno in qualit\u00e0 di relatori: la dott.ssa Maria Pia Iurlaro, &nbsp;presidente dell\u2019associazione, counselor e mediatore culturale e la dott.ssa Donatella Marchione, psicologa. Gli avvocati dell\u2019associazione saranno a diposizione in sala per domande e chiarimenti.<\/p>\n<p style=\"text-align: justify;\">L&#8217;Associazione &#8220;Fuori dal Silenzio&#8221;&nbsp;\u00e8 un&#8217;associazione, senza fine di lucro, che si occupa di tutela, sostegno e protezione di adulti e minori, stalking, mobbing, bullismo e separazioni. Ne fanno parte&nbsp; professionisti con qualifiche e competenze diverse, accomunati da un unico obiettivo: aiutare chi ne ha bisogno.<\/p>\n<p style=\"text-align: justify;\">L\u2019 associazione sta ricevendo interesse e appoggio, nelle sue attivit\u00e0 di volontariato, dai diversi comuni della provincia di Bari.<\/p>\n<p style=\"text-align: justify;\">Un gruppo di esperti offrir\u00e0 l\u2019opportunit\u00e0 di ascolto gratuito e interventi di varia natura (formativa, psicologica, giuridica, culturale e informativa). E\u2019 importante imparare ad esprimere i propri bisogni, le proprie difficolt\u00e0, i propri desideri senza il timore di essere giudicati. Le varie professionalit\u00e0 presenti saranno al servizio delle persone, garantendo assoluta riservatezza.<\/p>\n<p style=\"text-align: justify;\">Sono previsti altri incontri sulla genitorialit\u00e0 e sulla mediazione culturale.<\/p>\n<p style=\"text-align: justify;\">Il sito dell\u2019associazione \u00e8: <a href=\"http:\/\/www.fuoridalsilenzio.altervista.org\/\">www.fuoridalsilenzio.altervista.org<\/a><\/p>\n<p style=\"text-align: justify;\">L\u2019associazione ringrazia la libreria Eleutera per l\u2019ospitalit\u00e0 e il presidio del libro per la disponibilit\u00e0 e la sensibilit\u00e0 mostrata verso la cultura in ogni suo aspetto.<\/p>\n<p style=\"text-align: justify;\">Ringrazia anche l\u2019associazione TURIsti in tour per la collaborazione organizzativa.<\/p>\n<p style=\"text-align: justify;\">Monica Notarnicola<\/p>\n","protected":false},"excerpt":{"rendered":"<p style=\"text-align: justify;\">&nbsp;<\/p>\n<p style=\"text-align: justify;\">&nbsp;<img loading=\"lazy\" decoding=\"async\" class=\" size-full wp-image-8385\" src=\"https:\/\/archivioturi.lavocedelpaese.info\/wp-content\/uploads\/2012\/03\/locandina-stalking.jpg\" width=\"320\" height=\"150\" alt=\"locandina stalking\" style=\"margin-top: 0px; margin-right: 3px; margin-bottom: 0px; margin-left: 3px;\" srcset=\"https:\/\/archivioturi.lavocedelpaese.info\/wp-content\/uploads\/2012\/03\/locandina-stalking.jpg 640w, https:\/\/archivioturi.lavocedelpaese.info\/wp-content\/uploads\/2012\/03\/locandina-stalking-300x140.jpg 300w\" sizes=\"auto, (max-width: 320px) 100vw, 320px\" \/><\/p>\n","protected":false},"author":1,"featured_media":8385,"comment_status":"open","ping_status":"closed","sticky":false,"template":"","format":"standard","meta":{"colormag_page_container_layout":"default_layout","colormag_page_sidebar_layout":"default_layout","footnotes":""},"categories":[7],"tags":[],"class_list":["post-8386","post","type-post","status-publish","format-standard","has-post-thumbnail","hentry","category-attualita"],"_links":{"self":[{"href":"https:\/\/archivioturi.lavocedelpaese.info\/index.php\/wp-json\/wp\/v2\/posts\/8386","targetHints":{"allow":["GET"]}}],"collection":[{"href":"https:\/\/archivioturi.lavocedelpaese.info\/index.php\/wp-json\/wp\/v2\/posts"}],"about":[{"href":"https:\/\/archivioturi.lavocedelpaese.info\/index.php\/wp-json\/wp\/v2\/types\/post"}],"author":[{"embeddable":true,"href":"https:\/\/archivioturi.lavocedelpaese.info\/index.php\/wp-json\/wp\/v2\/users\/1"}],"replies":[{"embeddable":true,"href":"https:\/\/archivioturi.lavocedelpaese.info\/index.php\/wp-json\/wp\/v2\/comments?post=8386"}],"version-history":[{"count":0,"href":"https:\/\/archivioturi.lavocedelpaese.info\/index.php\/wp-json\/wp\/v2\/posts\/8386\/revisions"}],"wp:featuredmedia":[{"embeddable":true,"href":"https:\/\/archivioturi.lavocedelpaese.info\/index.php\/wp-json\/wp\/v2\/media\/8385"}],"wp:attachment":[{"href":"https:\/\/archivioturi.lavocedelpaese.info\/index.php\/wp-json\/wp\/v2\/media?parent=8386"}],"wp:term":[{"taxonomy":"category","embeddable":true,"href":"https:\/\/archivioturi.lavocedelpaese.info\/index.php\/wp-json\/wp\/v2\/categories?post=8386"},{"taxonomy":"post_tag","embeddable":true,"href":"https:\/\/archivioturi.lavocedelpaese.info\/index.php\/wp-json\/wp\/v2\/tags?post=8386"}],"curies":[{"name":"wp","href":"https:\/\/api.w.org\/{rel}","templated":true}]}}