{"id":8380,"date":"2012-03-07T07:26:36","date_gmt":"2012-03-07T07:26:36","guid":{"rendered":"https:\/\/archivioturi.lavocedelpaese.info\/index.php\/2012\/03\/07\/resta-qobiettivo-vincere-ma-io-resto-assessoreq\/"},"modified":"2012-03-07T07:26:36","modified_gmt":"2012-03-07T07:26:36","slug":"resta-qobiettivo-vincere-ma-io-resto-assessoreq","status":"publish","type":"post","link":"https:\/\/archivioturi.lavocedelpaese.info\/index.php\/2012\/03\/07\/resta-qobiettivo-vincere-ma-io-resto-assessoreq\/","title":{"rendered":"Resta: &#8220;obiettivo vincere &#8230; ma io resto assessore&#8221;"},"content":{"rendered":"<p style=\"text-align: justify;\"><img loading=\"lazy\" decoding=\"async\" class=\" size-full wp-image-8323\" src=\"https:\/\/archivioturi.lavocedelpaese.info\/wp-content\/uploads\/2012\/02\/onofrio-r.PNG\" width=\"320\" height=\"150\" alt=\"onofrio r\" style=\"margin-top: 0px; margin-right: 3px; margin-bottom: 0px; margin-left: 3px;\" \/><\/p>\n<p style=\"text-align: justify;\">Durante le fasi di saluto del congresso provinciale del PDL, una nota ha fatto vibrare l&#8217;intero centro-destra. A suonarla, Tato Greco, coordinatore regionale del movimento politico La Puglia prima di tutto. &#8220;Un anno fa con il Pdl la Puglia prima di tutto ha sottoscritto un patto federativo: lo scopo doveva essere consacrare il rapporto tra i due partiti come vasi comunicanti di idee progetti e consensi. In realt\u00e0 noi abbiamo avuto, in questo anno, la sensazione di essere considerati i cugini rompiscatole o i fratelli scemi, buoni soltanto durante i momenti elettorali. \u00c8 evidente che quel patto ha bisogno di essere onorato perch\u00e9 possa produrre frutti, e questo credo sia il primo obiettivo che dovr\u00e0 porsi la nuova dirigenza provinciale pdl che il vostro congresso andr\u00e0 a eleggere&#8230;.stessa mancanza di dialogo e di confronto da anni denunciamo al presidente Schittulli per ci\u00f2 che riguarda la Provincia di Bari. Ecco perch\u00e9 annuncio che da oggi la Puglia prima di tutto comincia un lungo periodo di riflessione. Perch\u00e9 prima ancora della politica ci sono i rapporti di lealt\u00e0, di rispetto e di correttezza, valori che fin qui sono mancati&#8221;. Parole pesanti quelle lanciate durante le fasi pi\u00f9 calde del congresso e che non ha lasciato sicuramente calme le acque dei componenti dello stesso partito, tra i quali l&#8217;Assessore Onofrio Resta.<\/p>\n<p style=\"text-align: justify;\">&#8220;Nella serata di mercoled\u00ec &#8211; ci confida l&#8217;Assessore Resta &#8211; si \u00e8 tenuto il direttivo provinciale della PpdT&#8221;. Due i punti all&#8217;ordine del giorno: la criticit\u00e0 del movimento Schittulli e i rapporti che d&#8217;ora in avanti si avranno con lo stesso PDL.<\/p>\n<p style=\"text-align: justify;\">&#8220;Circa il primo punto, <strong>\u00e8 passata la &#8216;linea Resta&#8217;<\/strong>, nel senso che pur rimanendo la situazione di criticit\u00e0, comunque per il momento la PpdT continuer\u00e0 a lavorare, soprattutto perch\u00e8 ci stiamo impegnando per le Amministrative durante le quali contiamo di avere un buon risultato&#8221;. Forte infatti l&#8217;accento che l&#8217;Assessore Provinciale pone nei confronti di un lavoro che si protrae da diverso tempo e attraverso il quale sono stati avviati &#8220;<strong>tanti progetti da completare, impegni importanti per il nostro territorio da portare a termine<\/strong>, obiettivi da concludere e valorizzare, come quello nel settore cerasicolo&#8221;.<\/p>\n<p style=\"text-align: justify;\">Riguardo al rapporto con il PDL, continua l&#8217;Assessore &#8211; &#8220;<strong>preferiamo operare con chi rispetta il nostro ruolo e lavoro e con cui si possa vincere<\/strong>&#8220;.<\/p>\n<p style=\"text-align: justify;\">Pare essere prevalsa una linea moderata preferita al possibile scenario che le parole del coordinatore regionale lasciavano presagire, ma lo &#8220;sfogo&#8221; di Greco era cos\u00ec improvviso o gi\u00e0 si assaporava all&#8217;interno del partito? I nostri dubbi sono stati sciolti dallo stesso assessore che in effetti ci chiarisce che non erano del tutto estranei. I sentimenti di Greco erano condivisi da tutti, ma &#8220;il suo \u00e8 stato pi\u00f9 uno sfogo, \u00e8 andato oltre&#8221;. Nonostante questa parentesi, la Ppdt a Turi, continua l&#8217;Assessore, continuer\u00e0 il suo percorso, proseguir\u00e0 per arrivare alle prossime amministrative pronta per raccogliere maggiori consensi e per avere voce all&#8217;interno del comune. &#8220;Per ora non ci sono percorsi precostituiti, ma possimo affermare che Resta ci sar\u00e0 e l&#8217;assessorato rester\u00e0&#8221;.<\/p>\n<p style=\"text-align: justify;\">Tornando al congresso, infine, una domanda ci sorge spontanea. <strong>Visti i risultati, chi ha vinto a Turi, Michele Boccardi o Antonio Coppi? <\/strong>&#8220;Hanno vinto tutti e due, ma l&#8217;importante, in tutto questo, \u00e8 che questo risultato crei e dia maggiori opportunit\u00e0 per Turi. Crediamo che comunque da soli non possano fare molto&#8221;.<\/p>\n","protected":false},"excerpt":{"rendered":"<p style=\"text-align: justify;\"><img loading=\"lazy\" decoding=\"async\" class=\" size-full wp-image-8323\" src=\"https:\/\/archivioturi.lavocedelpaese.info\/wp-content\/uploads\/2012\/02\/onofrio-r.PNG\" width=\"320\" height=\"150\" alt=\"onofrio r\" style=\"margin-top: 0px; margin-right: 3px; margin-bottom: 0px; margin-left: 3px;\" \/><\/p>\n","protected":false},"author":1,"featured_media":8323,"comment_status":"open","ping_status":"closed","sticky":false,"template":"","format":"standard","meta":{"colormag_page_container_layout":"default_layout","colormag_page_sidebar_layout":"default_layout","footnotes":""},"categories":[4],"tags":[],"class_list":["post-8380","post","type-post","status-publish","format-standard","has-post-thumbnail","hentry","category-politica"],"_links":{"self":[{"href":"https:\/\/archivioturi.lavocedelpaese.info\/index.php\/wp-json\/wp\/v2\/posts\/8380","targetHints":{"allow":["GET"]}}],"collection":[{"href":"https:\/\/archivioturi.lavocedelpaese.info\/index.php\/wp-json\/wp\/v2\/posts"}],"about":[{"href":"https:\/\/archivioturi.lavocedelpaese.info\/index.php\/wp-json\/wp\/v2\/types\/post"}],"author":[{"embeddable":true,"href":"https:\/\/archivioturi.lavocedelpaese.info\/index.php\/wp-json\/wp\/v2\/users\/1"}],"replies":[{"embeddable":true,"href":"https:\/\/archivioturi.lavocedelpaese.info\/index.php\/wp-json\/wp\/v2\/comments?post=8380"}],"version-history":[{"count":0,"href":"https:\/\/archivioturi.lavocedelpaese.info\/index.php\/wp-json\/wp\/v2\/posts\/8380\/revisions"}],"wp:featuredmedia":[{"embeddable":true,"href":"https:\/\/archivioturi.lavocedelpaese.info\/index.php\/wp-json\/wp\/v2\/media\/8323"}],"wp:attachment":[{"href":"https:\/\/archivioturi.lavocedelpaese.info\/index.php\/wp-json\/wp\/v2\/media?parent=8380"}],"wp:term":[{"taxonomy":"category","embeddable":true,"href":"https:\/\/archivioturi.lavocedelpaese.info\/index.php\/wp-json\/wp\/v2\/categories?post=8380"},{"taxonomy":"post_tag","embeddable":true,"href":"https:\/\/archivioturi.lavocedelpaese.info\/index.php\/wp-json\/wp\/v2\/tags?post=8380"}],"curies":[{"name":"wp","href":"https:\/\/api.w.org\/{rel}","templated":true}]}}