{"id":8252,"date":"2012-02-22T08:38:28","date_gmt":"2012-02-22T08:38:28","guid":{"rendered":"https:\/\/archivioturi.lavocedelpaese.info\/index.php\/2012\/02\/22\/anti-imu-la-proposta-del-consigliere-ventrella\/"},"modified":"2012-02-22T08:38:28","modified_gmt":"2012-02-22T08:38:28","slug":"anti-imu-la-proposta-del-consigliere-ventrella","status":"publish","type":"post","link":"https:\/\/archivioturi.lavocedelpaese.info\/index.php\/2012\/02\/22\/anti-imu-la-proposta-del-consigliere-ventrella\/","title":{"rendered":"\u201cAnti \u2013 IMU\u201d. La proposta del consigliere Ventrella"},"content":{"rendered":"<p style=\"text-align: justify;\"><img loading=\"lazy\" decoding=\"async\" class=\" size-full wp-image-8251\" src=\"https:\/\/archivioturi.lavocedelpaese.info\/wp-content\/uploads\/2012\/02\/ventrella-nat.JPG\" width=\"320\" height=\"150\" alt=\"ventrella nat\" style=\"margin-top: 0px; margin-right: 3px; margin-bottom: 0px; margin-left: 3px;\" srcset=\"https:\/\/archivioturi.lavocedelpaese.info\/wp-content\/uploads\/2012\/02\/ventrella-nat.JPG 640w, https:\/\/archivioturi.lavocedelpaese.info\/wp-content\/uploads\/2012\/02\/ventrella-nat-300x141.jpg 300w\" sizes=\"auto, (max-width: 320px) 100vw, 320px\" \/><\/p>\n<p style=\"text-align: justify;\">La casa \u00e8 il bene che la maggior parte degli italiani ricerca e possiede. \u00c8 un sinonimo di sicurezza, di tranquillit\u00e0, di accoglienza, e come tale la maggior parte degli italiani cerca di entrarne in possesso. Finalmente, con il Governo Berlusconi tale bene era esente da una forma di tassazione che gravava sulle famiglie, ma alla fine del mese di dicembre 2011 il Governo Monti ha decretato la necessit\u00e0 di tassarla con la reintroduzione di quella che un tempo si chiamava ICI. Oggi si parla di IMU, un\u2019imposta che comporter\u00e0 non pochi problemi alle famiglie italiane. A Turi, su richiesta del consigliere comunale Natalino Ventrella, che si \u00e8 fatto promotore di un\u2019iniziativa cittadina, le cose potrebbero avere un risvolto differente e chiss\u00e0, le case, non essere soggette a sgravi fiscali come quelli imposti dal governo.<\/p>\n<p style=\"text-align: justify;\">Da una mozione presentata ai Consiglieri del Comune di Turi, si legge la possibilit\u00e0, loro offerta, di deliberare una variare in aumento o diminuzione di 0,2 punti percentuali l&#8217;aliquota dello 0,4%. \u201cIl decreto Monti prevede che si paghi come base lo 0,4% del valore catastale dell&#8217;immobile se prima casa e lo 0,76% se seconda o terza e cos\u00ec via. I consigli comunali possono per\u00f2 variare in aumento o diminuzione di 0,2 punti percentuali l&#8217;aliquota dello 0,4%\u201d. Una bella sfida e un\u2019ottima opportunit\u00e0 per tutti i cittadini turesi, quella di vedersi abbassare l\u2019aliquota percentuale per il pagamento di una tassa che nessuno, si potrebbe avanzare, vorrebbe pagare. La mozione del consigliere Ventrella, valutabile durante il forse futuro Consiglio Comunale permetterebbe di vincolare l\u2019amministrazione ad abbassare l&#8217;aliquota IMU allo 0,2% non appena la legge entra in vigore.<\/p>\n<p style=\"text-align: justify;\">In un periodo di crisi economica che Turi, come tutta l\u2019Italia, sta attraversando, l\u2019iniziativa avanzata dal consigliere Ventrella di riduzione del 50% l&#8217;IMU sulla prima casa, si spera possa essere accolta cos\u00ec da poter aiutare quelle famiglie che gi\u00e0 oggi attraversano difficolt\u00e0 concrete a giungere a fine mese. \u201cL&#8217;invito mio e di tutti i Consiglieri che lo condivideranno rivolto all\u2019Amministrazione Comunale di Turi \u2013 continuiamo a leggere &#8211; \u00e8 di rinunciare al gettito proveniente dalla prima abitazione, applicando un corrispettivo taglio alla spesa e non un trasferimento della tassa dalla prima abitazione ad altri beni. Prima di chiedere ai cittadini di fare cassa di tasca propria, oltretutto in periodo di crisi \u00e8 indispensabile che il Comune dimostri di non avere nessuna spesa in eccesso, nessuno spreco, nessuna uscita ingiustificata. A oggi, la mozione &#8220;anti-IMU&#8221; \u00e8 stata presentata in numerosi Comuni\u201d.<\/p>\n","protected":false},"excerpt":{"rendered":"<p style=\"text-align: justify;\"><img loading=\"lazy\" decoding=\"async\" class=\" size-full wp-image-8251\" src=\"https:\/\/archivioturi.lavocedelpaese.info\/wp-content\/uploads\/2012\/02\/ventrella-nat.JPG\" width=\"320\" height=\"150\" alt=\"ventrella nat\" style=\"margin-top: 0px; margin-right: 3px; margin-bottom: 0px; margin-left: 3px;\" srcset=\"https:\/\/archivioturi.lavocedelpaese.info\/wp-content\/uploads\/2012\/02\/ventrella-nat.JPG 640w, https:\/\/archivioturi.lavocedelpaese.info\/wp-content\/uploads\/2012\/02\/ventrella-nat-300x141.jpg 300w\" sizes=\"auto, (max-width: 320px) 100vw, 320px\" \/><\/p>\n","protected":false},"author":1,"featured_media":8251,"comment_status":"open","ping_status":"closed","sticky":false,"template":"","format":"standard","meta":{"colormag_page_container_layout":"default_layout","colormag_page_sidebar_layout":"default_layout","footnotes":""},"categories":[4],"tags":[],"class_list":["post-8252","post","type-post","status-publish","format-standard","has-post-thumbnail","hentry","category-politica"],"_links":{"self":[{"href":"https:\/\/archivioturi.lavocedelpaese.info\/index.php\/wp-json\/wp\/v2\/posts\/8252","targetHints":{"allow":["GET"]}}],"collection":[{"href":"https:\/\/archivioturi.lavocedelpaese.info\/index.php\/wp-json\/wp\/v2\/posts"}],"about":[{"href":"https:\/\/archivioturi.lavocedelpaese.info\/index.php\/wp-json\/wp\/v2\/types\/post"}],"author":[{"embeddable":true,"href":"https:\/\/archivioturi.lavocedelpaese.info\/index.php\/wp-json\/wp\/v2\/users\/1"}],"replies":[{"embeddable":true,"href":"https:\/\/archivioturi.lavocedelpaese.info\/index.php\/wp-json\/wp\/v2\/comments?post=8252"}],"version-history":[{"count":0,"href":"https:\/\/archivioturi.lavocedelpaese.info\/index.php\/wp-json\/wp\/v2\/posts\/8252\/revisions"}],"wp:featuredmedia":[{"embeddable":true,"href":"https:\/\/archivioturi.lavocedelpaese.info\/index.php\/wp-json\/wp\/v2\/media\/8251"}],"wp:attachment":[{"href":"https:\/\/archivioturi.lavocedelpaese.info\/index.php\/wp-json\/wp\/v2\/media?parent=8252"}],"wp:term":[{"taxonomy":"category","embeddable":true,"href":"https:\/\/archivioturi.lavocedelpaese.info\/index.php\/wp-json\/wp\/v2\/categories?post=8252"},{"taxonomy":"post_tag","embeddable":true,"href":"https:\/\/archivioturi.lavocedelpaese.info\/index.php\/wp-json\/wp\/v2\/tags?post=8252"}],"curies":[{"name":"wp","href":"https:\/\/api.w.org\/{rel}","templated":true}]}}