{"id":8240,"date":"2012-02-21T09:11:51","date_gmt":"2012-02-21T09:11:51","guid":{"rendered":"https:\/\/archivioturi.lavocedelpaese.info\/index.php\/2012\/02\/21\/mancino-e-lart-18\/"},"modified":"2012-02-21T09:11:51","modified_gmt":"2012-02-21T09:11:51","slug":"mancino-e-lart-18","status":"publish","type":"post","link":"https:\/\/archivioturi.lavocedelpaese.info\/index.php\/2012\/02\/21\/mancino-e-lart-18\/","title":{"rendered":"Mancino e l&#8217;art. 18"},"content":{"rendered":"<p>&nbsp;<img loading=\"lazy\" decoding=\"async\" src=\"http:\/\/4.bp.blogspot.com\/-i4MDMzjdywQ\/TvCI6X4sbcI\/AAAAAAAAGP0\/LeD29lw9iFI\/s1600\/fornero%2Bart%2B18a.jpg\" width=\"320\" height=\"150\"  style=\"margin-top: 0px; margin-right: 3px; margin-bottom: 0px; margin-left: 3px;\" \/><\/p>\n<p style=\"text-align: justify;\">Gentile Direttore, di solito, chi Le scrive, non \u00e8 avvezzo ad apparire ma, in questo caso, vista la propria foto pubblicata sul Vs. giornale, mi induce a dare seguito, con una ragionevole motivazione ad esplicitare le frasi contenute nel piccolo cartello esposto, con la preghiera di ospitarmi sul Suo, seguitissimo, settimanale. Innanzi tutto, sono nella piena convinzione che i due leader politici menzionati (Berlusconi e Casini), sentite le loro affermazioni e a seguito del loro, incondizionato, appoggio al Presidente Monti, mi fanno credere che, per eliminare l&#8217;art.18 della lg. 300 dell970, il cosiddetto &#8220;Statuto dei Lavoratori &#8220;, c&#8217;\u00e8 stato un accordo preventivo, tra di loro, facendolo seguire da un percorso politico prestabilito, ed \u00e8 ci\u00f2 che stiamo vedendo. Per questa ragione, non \u00e8 per nulla condivisibile il loro obiettivo ma soprattutto il metodo. Da ex sindacalista difendo con forza l&#8217;art.18 perch\u00e9 mette un freno a tutte le discriminazioni. Si deve tener presente che, colui il quale ha solo un lavoro per poter sopravvivere, \u00e8 sempre un soggetto debole e l &#8216;unico strumento a sua difesa \u00e8, appunto, l&#8217;art.18. \u00c8 da evidenziare, comunque, che l&#8217;art.18 si applica solamente sul 20% della forza lavoro attuale. Ci\u00f2 significa che il restante 80% \u00e8 precario, sempre. E allora, io direi di estendere a tutti la tutela dell&#8217;art.18. Voglio ricordare, specialmente ai giovani, che, prima della sua applicazione, le dipendenti, specie le braccianti, erano soggette ai soprusi dei loro rispettivi &#8220;Padroni&#8221; le quali, se non sottostavano, perdevano il posto di lavoro. Cos\u00ec come la mancanza di tutela agli ammalati e ai disabili. Ricordiamocelo tutti: i &#8220;Padroni&#8221; rincorrono, sempre e solamente i profitti. E non \u00e8 vero che abolendo l&#8217;art.18 si creerebbero nuovi posti di lavoro: \u00e8 pura demagogia. La sola eccezione che si pu\u00f2 fare \u00e8 quella di sopprimere o sospendere la sua applicazione nei soli tre anni, di una futura applicazione dell&#8217;apprendistato, dopo tale periodo, deve esserci l&#8217;obbligo dell&#8217;assunzione a tempo indeterminato e il reinserimento nella sua piena valenza della lg. 300 del &#8217;70. E ancora. La sospensione dell&#8217;art.18, per sopraggiunta crisi economica di un&#8217;azienda, si pu\u00f2 accettare ad una sola condizione: adottare il sistema tedesco. Garantire al dipendente, per legge, la continuit\u00e0 salariale e successivamente, nuova occupazione e a totale carico dello Stato. Dopo la definizione di &#8220;Salva Italia&#8221;, ci siamo accorti che gli unici a fare sacrifici siamo stati noi: dipendenti e pensionati. Mentre con il &#8220;Cresci Italia&#8221; assistiamo, ancora, al versamento delle super-liquidazioni milionarie, ai continui contributi ai partiti, alla crescita, appunto, delle evasioni fiscali ecc &#8230; ecc &#8230; Io penso che stiamo giocando una brutta partita, molto pericolosa. La gente \u00e8 stanca, si \u00e8 impoverita: non ce la fa pi\u00f9. Pensaci! Presidente Monti. Pensaci!<\/p>\n<p>Ci\u00f2 che rimane da fare per poter riannodare la spirale per la crescita dell&#8217;economia \u00e8 quello di diminuire le tasse, le tariffe, i carburanti. E per risanare le casse dello Stato e per poter diminuire il debito pubblico bisogna: eliminare le Provincie, alienare gli immobili inutili, dimezzare i Parlamentari e i loro stipendi, decisa lotta agli evasori fiscali, eliminare gli sprechi, i privilegi e quant\u2019altro. Infine, per salvaguardare il potere di acquisto, bisogna ripristinare la &#8220;Scala Mobile&#8221; sia sugli stipendi che sulle pensioni.<\/p>\n<p>Solo cos\u00ec il popolo italiano potr\u00e0 cambiare opinione su tutta la classe politica e tecnica.<\/p>\n<p align=\"right\">Distinti saluti<\/p>\n<p align=\"right\"><strong><em>Angelo Mancino<\/em><\/strong><\/p>\n","protected":false},"excerpt":{"rendered":"<p>&nbsp;<img loading=\"lazy\" decoding=\"async\" src=\"http:\/\/4.bp.blogspot.com\/-i4MDMzjdywQ\/TvCI6X4sbcI\/AAAAAAAAGP0\/LeD29lw9iFI\/s1600\/fornero%2Bart%2B18a.jpg\" width=\"320\" height=\"150\"  style=\"margin-top: 0px; margin-right: 3px; margin-bottom: 0px; margin-left: 3px;\" \/><\/p>\n","protected":false},"author":1,"featured_media":0,"comment_status":"open","ping_status":"closed","sticky":false,"template":"","format":"standard","meta":{"colormag_page_container_layout":"default_layout","colormag_page_sidebar_layout":"default_layout","footnotes":""},"categories":[4],"tags":[],"class_list":["post-8240","post","type-post","status-publish","format-standard","hentry","category-politica"],"_links":{"self":[{"href":"https:\/\/archivioturi.lavocedelpaese.info\/index.php\/wp-json\/wp\/v2\/posts\/8240","targetHints":{"allow":["GET"]}}],"collection":[{"href":"https:\/\/archivioturi.lavocedelpaese.info\/index.php\/wp-json\/wp\/v2\/posts"}],"about":[{"href":"https:\/\/archivioturi.lavocedelpaese.info\/index.php\/wp-json\/wp\/v2\/types\/post"}],"author":[{"embeddable":true,"href":"https:\/\/archivioturi.lavocedelpaese.info\/index.php\/wp-json\/wp\/v2\/users\/1"}],"replies":[{"embeddable":true,"href":"https:\/\/archivioturi.lavocedelpaese.info\/index.php\/wp-json\/wp\/v2\/comments?post=8240"}],"version-history":[{"count":0,"href":"https:\/\/archivioturi.lavocedelpaese.info\/index.php\/wp-json\/wp\/v2\/posts\/8240\/revisions"}],"wp:attachment":[{"href":"https:\/\/archivioturi.lavocedelpaese.info\/index.php\/wp-json\/wp\/v2\/media?parent=8240"}],"wp:term":[{"taxonomy":"category","embeddable":true,"href":"https:\/\/archivioturi.lavocedelpaese.info\/index.php\/wp-json\/wp\/v2\/categories?post=8240"},{"taxonomy":"post_tag","embeddable":true,"href":"https:\/\/archivioturi.lavocedelpaese.info\/index.php\/wp-json\/wp\/v2\/tags?post=8240"}],"curies":[{"name":"wp","href":"https:\/\/api.w.org\/{rel}","templated":true}]}}