{"id":8226,"date":"2012-02-20T09:31:40","date_gmt":"2012-02-20T09:31:40","guid":{"rendered":"https:\/\/archivioturi.lavocedelpaese.info\/index.php\/2012\/02\/20\/il-freddo-un-bene-per-le-nostre-ciliegie\/"},"modified":"2012-02-20T09:31:40","modified_gmt":"2012-02-20T09:31:40","slug":"il-freddo-un-bene-per-le-nostre-ciliegie","status":"publish","type":"post","link":"https:\/\/archivioturi.lavocedelpaese.info\/index.php\/2012\/02\/20\/il-freddo-un-bene-per-le-nostre-ciliegie\/","title":{"rendered":"Il freddo? Un bene per le nostre ciliegie"},"content":{"rendered":"<p style=\"text-align: justify;\"><img loading=\"lazy\" decoding=\"async\" class=\" size-full wp-image-8225\" src=\"https:\/\/archivioturi.lavocedelpaese.info\/wp-content\/uploads\/2012\/02\/alberi.jpg\" width=\"320\" height=\"150\" alt=\"alberi\" style=\"margin-top: 0px; margin-right: 3px; margin-bottom: 0px; margin-left: 3px;\" srcset=\"https:\/\/archivioturi.lavocedelpaese.info\/wp-content\/uploads\/2012\/02\/alberi.jpg 640w, https:\/\/archivioturi.lavocedelpaese.info\/wp-content\/uploads\/2012\/02\/alberi-300x141.jpg 300w\" sizes=\"auto, (max-width: 320px) 100vw, 320px\" \/><\/p>\n<p style=\"text-align: justify;\">Nei giorni scorsi le precipitazioni nevose hanno interessato il nostro paese. Parte della popolazione, estranea al mondo del settore primario, quello dell\u2019agricoltura, ha temuto che queste basse temperature avrebbero potuto mettere in ginocchio un settore gi\u00e0 debole e sempre sul filo del rasoio. In realt\u00e0 come ha potuto ben spiegarci un esperto del settore agricolo turese, questo freddo (normale per la nostra fascia climatica e per il periodo) provoca solo giovamento alle nostre colture.<\/p>\n<p style=\"text-align: justify;\"><strong>In questi giorni la temperatura si \u00e8 abbassata di molto, anche con precipitazioni nevose. Questo pu\u00f2 provocare danni alle nostre colture (ciliegie, uva, altri alberi da frutto; coltivazioni ortive)?<\/strong><\/p>\n<p style=\"text-align: justify;\">Le temperature medie del periodo sono risultate pi\u00f9 basse della norma, ma non sono state tali da provocare danni alle nostre colture, almeno nella nostra zona. Le uniche colture che possono essere state danneggiate sono le ortive in fase di raccolta. \u00c8 evidente che laddove le precipitazioni nevose sono risultate pi\u00f9 intense (non \u00e8 il caso di Turi) si registrano danni meccanici anche agli alberi e alle strutture (serre, tendoni, ecc.).<\/p>\n<p style=\"text-align: justify;\"><strong>Che benefici, invece, hanno apportato queste basse temperature?<\/strong><\/p>\n<p style=\"text-align: justify;\">Le temperature registrate non sono mai scese a livelli tali da provocare danni. Semmai, in tale periodo le basse temperature stanno permettendo il soddisfacimento del fabbisogno in freddo. Infatti, molte colture arboree quali ciliegio, pesco, albicocco e in misura minore vite, necessitano di un numero minimo di ore di freddo (temperature al di sotto di 7\u00b0C) per poter fiorire e fruttificare in maniera ottimale. &nbsp;&nbsp;<\/p>\n<p style=\"text-align: justify;\"><strong>Le temperature basse posso annullare gli effetti del dormex\u00ae e di altri eventuali &#8220;anticipatori&#8221; sugli alberi di ciliegie?<\/strong><\/p>\n<p style=\"text-align: justify;\">Il Dormex\u00ae non pu\u00f2 essere impiegato in Europa per cui non ha nemmeno senso parlarne. Altri prodotti impiegati per anticipare l\u2019interruzione della dormienza delle gemme non sono condizionati dalle basse temperature successive al trattamento. \u00c8 logico che, con le basse temperature registrate, anche le piante non trattate soddisfano completamente il fabbisogno in freddo. Per cui le differenze dovrebbero risultare meno evidenti.<\/p>\n<p style=\"text-align: justify;\"><strong>La neve ha provocato agli agricoltori altri danni oltre a quelli diretti dalle colture?<\/strong><\/p>\n<p style=\"text-align: justify;\">Nelle nostre zone gli unici danni sono provocati agli imprenditori agricoli che non potendo lavorare nei campi stanno accumulando dei ritardi nell\u2019esecuzione di determinate operazioni colturali e, soprattutto, per gli operai agricoli che non possono lavorare.<\/p>\n<p style=\"text-align: justify;\"><strong>Se fra qualche settimana ci&nbsp;fossero&nbsp;temperature primaverili, e poi tornasse il gelo, questo provocherebbe qualche conseguenza?<\/strong><\/p>\n<p style=\"text-align: justify;\">In quella situazione certamente i danni potrebbero risultare consistenti. Infatti, le gelate primaverili, possono ridurre fino ad annullare completamente le produzioni.<\/p>\n","protected":false},"excerpt":{"rendered":"<p style=\"text-align: justify;\"><img loading=\"lazy\" decoding=\"async\" class=\" size-full wp-image-8225\" src=\"https:\/\/archivioturi.lavocedelpaese.info\/wp-content\/uploads\/2012\/02\/alberi.jpg\" width=\"320\" height=\"150\" alt=\"alberi\" style=\"margin-top: 0px; margin-right: 3px; margin-bottom: 0px; margin-left: 3px;\" srcset=\"https:\/\/archivioturi.lavocedelpaese.info\/wp-content\/uploads\/2012\/02\/alberi.jpg 640w, https:\/\/archivioturi.lavocedelpaese.info\/wp-content\/uploads\/2012\/02\/alberi-300x141.jpg 300w\" sizes=\"auto, (max-width: 320px) 100vw, 320px\" \/><\/p>\n","protected":false},"author":1,"featured_media":8225,"comment_status":"open","ping_status":"closed","sticky":false,"template":"","format":"standard","meta":{"colormag_page_container_layout":"default_layout","colormag_page_sidebar_layout":"default_layout","footnotes":""},"categories":[7],"tags":[],"class_list":["post-8226","post","type-post","status-publish","format-standard","has-post-thumbnail","hentry","category-attualita"],"_links":{"self":[{"href":"https:\/\/archivioturi.lavocedelpaese.info\/index.php\/wp-json\/wp\/v2\/posts\/8226","targetHints":{"allow":["GET"]}}],"collection":[{"href":"https:\/\/archivioturi.lavocedelpaese.info\/index.php\/wp-json\/wp\/v2\/posts"}],"about":[{"href":"https:\/\/archivioturi.lavocedelpaese.info\/index.php\/wp-json\/wp\/v2\/types\/post"}],"author":[{"embeddable":true,"href":"https:\/\/archivioturi.lavocedelpaese.info\/index.php\/wp-json\/wp\/v2\/users\/1"}],"replies":[{"embeddable":true,"href":"https:\/\/archivioturi.lavocedelpaese.info\/index.php\/wp-json\/wp\/v2\/comments?post=8226"}],"version-history":[{"count":0,"href":"https:\/\/archivioturi.lavocedelpaese.info\/index.php\/wp-json\/wp\/v2\/posts\/8226\/revisions"}],"wp:featuredmedia":[{"embeddable":true,"href":"https:\/\/archivioturi.lavocedelpaese.info\/index.php\/wp-json\/wp\/v2\/media\/8225"}],"wp:attachment":[{"href":"https:\/\/archivioturi.lavocedelpaese.info\/index.php\/wp-json\/wp\/v2\/media?parent=8226"}],"wp:term":[{"taxonomy":"category","embeddable":true,"href":"https:\/\/archivioturi.lavocedelpaese.info\/index.php\/wp-json\/wp\/v2\/categories?post=8226"},{"taxonomy":"post_tag","embeddable":true,"href":"https:\/\/archivioturi.lavocedelpaese.info\/index.php\/wp-json\/wp\/v2\/tags?post=8226"}],"curies":[{"name":"wp","href":"https:\/\/api.w.org\/{rel}","templated":true}]}}