{"id":819,"date":"2009-11-27T13:30:41","date_gmt":"2009-11-27T13:30:41","guid":{"rendered":"https:\/\/archivioturi.lavocedelpaese.info\/index.php\/2009\/11\/27\/la-scuola-chiede-aiuto-ai-genitori-3-per-ogni-bambino\/"},"modified":"2009-11-27T13:30:41","modified_gmt":"2009-11-27T13:30:41","slug":"la-scuola-chiede-aiuto-ai-genitori-3-per-ogni-bambino","status":"publish","type":"post","link":"https:\/\/archivioturi.lavocedelpaese.info\/index.php\/2009\/11\/27\/la-scuola-chiede-aiuto-ai-genitori-3-per-ogni-bambino\/","title":{"rendered":"LA SCUOLA CHIEDE AIUTO AI GENITORI: 3\u20ac PER OGNI BAMBINO"},"content":{"rendered":"<p><img loading=\"lazy\" decoding=\"async\" class=\" alignleft size-full wp-image-818\" style=\"margin: 5px; float: left;\" alt=\"scuolaaaaa\" src=\"https:\/\/archivioturi.lavocedelpaese.info\/wp-content\/uploads\/2009\/11\/scuolaaaaa.jpg\" width=\"320\" height=\"150\" srcset=\"https:\/\/archivioturi.lavocedelpaese.info\/wp-content\/uploads\/2009\/11\/scuolaaaaa.jpg 640w, https:\/\/archivioturi.lavocedelpaese.info\/wp-content\/uploads\/2009\/11\/scuolaaaaa-300x141.jpg 300w\" sizes=\"auto, (max-width: 320px) 100vw, 320px\" \/> <\/p>\n<p style=\"text-align: justify;\">Diversi genitori di bambini frequentanti il Circolo Didattico &#8220;P. De Donato Giannini&#8221; (<strong>scuola elementare<\/strong>) ci hanno contattato in questi giorni per segnalarci un avvenimento al quanto singolare, e , soprattutto, scomodo per loro.<\/p>\n<div style=\"text-align: justify;\"><\/div>\n<p style=\"text-align: justify;\">La scuola pare abbia le casse al verde e tramite una circolare fatta girare in tutte le classi, il<strong> Dirigente Scolastico Vincenzo Tardi <\/strong>ha sollecitato i genitori a contribuire alle spese utili al corretto funzionamento del settore segreteria.<\/p>\n<div style=\"text-align: justify;\"><\/div>\n<p style=\"text-align: justify;\">Ecco il testo integrale della richiesta mandata in tutte le case dei bambini turesi:<\/p>\n<div style=\"text-align: justify;\"><\/div>\n<p style=\"text-align: justify;\">&#8220;Come ben sapete, la <strong>crisi finanziaria<\/strong> ha fatto sentire i suoi effetti negativi anche nella scuola. I fondi scolastici per il funzionamento amministrativo e didattico sono stati decurtati notevolmente. In particolare, abbiamo difficolt\u00e0 a reperire i fondi per le fotocopie (carta, toner, ecc.).<\/p>\n<div style=\"text-align: justify;\"><\/div>\n<p style=\"text-align: justify;\">Ogni scuola, all&#8217;inizio dell&#8217;anno, per far fronte alle spese scolastiche, richiede alle famiglie un piccolo contributo. Pertanto facciamo appello alla vostra collaborazione, chiedendovi <strong>3 \u20ac per ogni bambino\/a<\/strong>.&#8221;<\/p>\n<div style=\"text-align: justify;\"><\/div>\n<p style=\"text-align: justify;\">I genitori che abbiamo ascoltato, nello specifico, hanno due e tre figli. Per loro bisognerebbe contribuire con 6 o 9 \u20ac. Si sono lamentati perch\u00e9 siamo in un periodo di crisi e questi soldi, anche se pochi, fanno rimanere sempre pi\u00f9 vuote le tasche di chi gi\u00e0 ha problemi ad arrivare alla fine del mese.<\/p>\n<div style=\"text-align: justify;\"><\/div>\n<p style=\"text-align: justify;\">Inoltre si sono lamentati del fatto che &#8220;gi\u00e0 in diverse classi sono stati istituiti dei <strong>fondi cassa<\/strong> per far fronte alle spese relative alle fotocopie e materiale didattico di ogni singola scolaresca; in pi\u00f9 ora viene chiesto di contribuire per la segreteria&#8221;.<\/p>\n","protected":false},"excerpt":{"rendered":"<p><img loading=\"lazy\" decoding=\"async\" class=\" alignleft size-full wp-image-818\" style=\"margin: 5px; float: left;\" alt=\"scuolaaaaa\" src=\"https:\/\/archivioturi.lavocedelpaese.info\/wp-content\/uploads\/2009\/11\/scuolaaaaa.jpg\" width=\"320\" height=\"150\" srcset=\"https:\/\/archivioturi.lavocedelpaese.info\/wp-content\/uploads\/2009\/11\/scuolaaaaa.jpg 640w, https:\/\/archivioturi.lavocedelpaese.info\/wp-content\/uploads\/2009\/11\/scuolaaaaa-300x141.jpg 300w\" sizes=\"auto, (max-width: 320px) 100vw, 320px\" \/> <\/p>\n","protected":false},"author":1,"featured_media":818,"comment_status":"open","ping_status":"closed","sticky":false,"template":"","format":"standard","meta":{"colormag_page_container_layout":"default_layout","colormag_page_sidebar_layout":"default_layout","footnotes":""},"categories":[7],"tags":[],"class_list":["post-819","post","type-post","status-publish","format-standard","has-post-thumbnail","hentry","category-attualita"],"_links":{"self":[{"href":"https:\/\/archivioturi.lavocedelpaese.info\/index.php\/wp-json\/wp\/v2\/posts\/819","targetHints":{"allow":["GET"]}}],"collection":[{"href":"https:\/\/archivioturi.lavocedelpaese.info\/index.php\/wp-json\/wp\/v2\/posts"}],"about":[{"href":"https:\/\/archivioturi.lavocedelpaese.info\/index.php\/wp-json\/wp\/v2\/types\/post"}],"author":[{"embeddable":true,"href":"https:\/\/archivioturi.lavocedelpaese.info\/index.php\/wp-json\/wp\/v2\/users\/1"}],"replies":[{"embeddable":true,"href":"https:\/\/archivioturi.lavocedelpaese.info\/index.php\/wp-json\/wp\/v2\/comments?post=819"}],"version-history":[{"count":0,"href":"https:\/\/archivioturi.lavocedelpaese.info\/index.php\/wp-json\/wp\/v2\/posts\/819\/revisions"}],"wp:featuredmedia":[{"embeddable":true,"href":"https:\/\/archivioturi.lavocedelpaese.info\/index.php\/wp-json\/wp\/v2\/media\/818"}],"wp:attachment":[{"href":"https:\/\/archivioturi.lavocedelpaese.info\/index.php\/wp-json\/wp\/v2\/media?parent=819"}],"wp:term":[{"taxonomy":"category","embeddable":true,"href":"https:\/\/archivioturi.lavocedelpaese.info\/index.php\/wp-json\/wp\/v2\/categories?post=819"},{"taxonomy":"post_tag","embeddable":true,"href":"https:\/\/archivioturi.lavocedelpaese.info\/index.php\/wp-json\/wp\/v2\/tags?post=819"}],"curies":[{"name":"wp","href":"https:\/\/api.w.org\/{rel}","templated":true}]}}