{"id":8171,"date":"2012-02-13T15:24:06","date_gmt":"2012-02-13T15:24:06","guid":{"rendered":"https:\/\/archivioturi.lavocedelpaese.info\/index.php\/2012\/02\/13\/cinque-turesi-tra-le-nevi-del-falco\/"},"modified":"2012-02-13T15:24:06","modified_gmt":"2012-02-13T15:24:06","slug":"cinque-turesi-tra-le-nevi-del-falco","status":"publish","type":"post","link":"https:\/\/archivioturi.lavocedelpaese.info\/index.php\/2012\/02\/13\/cinque-turesi-tra-le-nevi-del-falco\/","title":{"rendered":"Cinque turesi tra le nevi \u201cdel falco\u201d"},"content":{"rendered":"<p style=\"text-align: justify;\"><img loading=\"lazy\" decoding=\"async\" class=\" size-full wp-image-8167\" style=\"margin-top: 0px; margin-right: 3px; margin-bottom: 0px; margin-left: 3px;\" src=\"https:\/\/archivioturi.lavocedelpaese.info\/wp-content\/uploads\/2012\/02\/dof-3.jpg\" alt=\"dof 3\" width=\"320\" height=\"151\" srcset=\"https:\/\/archivioturi.lavocedelpaese.info\/wp-content\/uploads\/2012\/02\/dof-3.jpg 640w, https:\/\/archivioturi.lavocedelpaese.info\/wp-content\/uploads\/2012\/02\/dof-3-300x141.jpg 300w\" sizes=\"auto, (max-width: 320px) 100vw, 320px\" \/><\/p>\n<p class=\"Standard\" style=\"text-align: justify;\"><img loading=\"lazy\" decoding=\"async\" class=\" alignright size-full wp-image-8168\" style=\"margin-top: 10px; margin-right: 0px; margin-bottom: 10px; margin-left: 10px; float: right;\" src=\"https:\/\/archivioturi.lavocedelpaese.info\/wp-content\/uploads\/2012\/02\/dof-4.jpg\" alt=\"dof 4\" width=\"329\" height=\"247\" srcset=\"https:\/\/archivioturi.lavocedelpaese.info\/wp-content\/uploads\/2012\/02\/dof-4.jpg 448w, https:\/\/archivioturi.lavocedelpaese.info\/wp-content\/uploads\/2012\/02\/dof-4-300x225.jpg 300w\" sizes=\"auto, (max-width: 329px) 100vw, 329px\" \/>Che la domenica fosse la giornata di riposo per eccellenza lo si sapeva gi\u00e0. Il turese medio impegna solitamente questa giornata tra hobbies e famiglia, e magari c&#8217;\u00e8 anche chi, dato il clima, di uscire dal letto, non ne vuol sentire proprio parlare. Sicuramente non se la sono passata benissimo i cinque turesi che domenica 5 febbraio hanno preso parte all&#8217;ormai classico appuntamento del cross ad altissimo livello ormai noto come \u201cgiro del falco\u201d inquadrato presso il Bosco Comunale di Gravina, cross a giro unico di 6,5 km composto da salite e discese su terreno solitamente fangoso.<\/p>\n<p class=\"Standard\" style=\"text-align: justify;\">\u201cIl \u2018giro del falco\u2019 gode di notoriet\u00e0 non solo per il suo circuito sinuoso e limaccioso ma anche e soprattutto per la presenza di atleti di fama nazionale nell&#8217;elenco degli iscritti\u201d \u2013 spiega ai nostri microfoni l\u2019atleta turese Angelo Casulli.<\/p>\n<p><img loading=\"lazy\" decoding=\"async\" class=\" alignleft size-full wp-image-8169\" style=\"margin-top: 10px; margin-right: 10px; margin-bottom: 10px; float: left;\" src=\"https:\/\/archivioturi.lavocedelpaese.info\/wp-content\/uploads\/2012\/02\/dof-1.jpg\" alt=\"dof 1\" width=\"320\" height=\"240\" srcset=\"https:\/\/archivioturi.lavocedelpaese.info\/wp-content\/uploads\/2012\/02\/dof-1.jpg 448w, https:\/\/archivioturi.lavocedelpaese.info\/wp-content\/uploads\/2012\/02\/dof-1-300x225.jpg 300w\" sizes=\"auto, (max-width: 320px) 100vw, 320px\" \/><\/p>\n<p class=\"Standard\" style=\"text-align: justify;\">A sorprendere i podisti in questa edizione \u00e8 stata la presenza della neve ormai raggelata che ha accolto tutti con un \u201ccaloroso\u201d -2 gradi centigradi sulla colonnina di mercurio e un fondo di terreno a prima vista ghiacciato ma che si \u00e8 rivelato al giro di boa come una pista da pattinaggio lungo un percorso sali-scendi che faceva letteralmente pattinare gli avventurosi atleti grazie ad uno strato di fanghiglia misto ghiaccio. La gara ha portato sul gradino pi\u00f9 alto del podio il giovane Laurieri Michele classe 1993 dell&#8217;atl.<\/p>\n<p class=\"Standard\" style=\"text-align: justify;\">Aden exprivia Molfetta seguito da Sardella Vito (2\u00b0 posto) e Zullo Luigi (3\u00b0 posto), mentre per quanto concerne i nostri 5 atleti, l&#8217;ormai non pi\u00f9 giovane ma inossidabile Angelo De Chirico ha prevalso sui suoi compaesani (tra l&#8217;altro \u00e8 il pi\u00f9 anziano dei 5) dotato di una corsa di potenza. Parte come un diesel ma al 2\u00b0 km inizia la sua progressione che lo porter\u00e0 39\u00b0 in classifica (7\u00b0 di categoria MM50). A seguire Angelo Casulli 45\u00b0 (7\u00b0 TM); considerevole la prova che vede Franco Laera fare da lepre a Filippo Palumbo, che chiudono rispettivamente 51\u00b0 e 55\u00b0 (7\u00b0 ed 11\u00b0 di categoria). Chiude Toni Desio che sbaglia scarpe ma sorprende con un incoraggiante 88\u00b0 posto (10\u00b0 TM). A fine gara tutti i presenti hanno potuto degustare l&#8217;ormai consueto piatto di pasta e ceci accompagnato da salsicce arrosto offerti a volont\u00e0 dagli organizzatori.<\/p>\n<p class=\"Standard\" style=\"text-align: justify;\"><img loading=\"lazy\" decoding=\"async\" class=\" alignright size-full wp-image-8170\" style=\"margin-top: 10px; margin-right: 0px; margin-bottom: 10px; margin-left: 10px; float: right;\" src=\"https:\/\/archivioturi.lavocedelpaese.info\/wp-content\/uploads\/2012\/02\/dof-2.jpg\" alt=\"dof 2\" width=\"320\" height=\"240\" srcset=\"https:\/\/archivioturi.lavocedelpaese.info\/wp-content\/uploads\/2012\/02\/dof-2.jpg 448w, https:\/\/archivioturi.lavocedelpaese.info\/wp-content\/uploads\/2012\/02\/dof-2-300x225.jpg 300w\" sizes=\"auto, (max-width: 320px) 100vw, 320px\" \/>Affrontare le avversit\u00e0 che hanno accomunato gli atleti turesi non \u00e8 frutto dell&#8217;improvvisazione o di un azzardo repentino: ci sono persone che lavorano rigorosamente durante l&#8217;intera settimana inserendo tra una pausa e l&#8217;altra allenamenti che occupano 1 ora circa al giorno e la domenica che comunemente dovrebbe essere considerata giornata di riposo, viene impegnata praticando \u201cSano\u201d sport, dovendo rinunciare a volte ai piaceri culinari o alla vita notturna. \u201cLo sport \u00e8 anche sacrificio, &#8211; commenta a fine gara l\u2019atleta Casulli &#8211; ma ricordate sempre che sport \u00e8 salute\u201d. \u201cVivere bene per noi sportivi significa stare bene con noi stessi, &#8211; aggiunge con soddisfazione lo stesso &#8211; la felicit\u00e0 viene dalle piccole cose come lo stare insieme prima di una gara o mangiare un piatto di pasta e ceci a fine evento. Tutto questo ripaga per tutti i sacrifici che si affrontano giorno dopo giorno\u201d.&nbsp;<\/p>\n","protected":false},"excerpt":{"rendered":"<p style=\"text-align: justify;\"><img loading=\"lazy\" decoding=\"async\" class=\" size-full wp-image-8167\" style=\"margin-top: 0px; margin-right: 3px; margin-bottom: 0px; margin-left: 3px;\" src=\"https:\/\/archivioturi.lavocedelpaese.info\/wp-content\/uploads\/2012\/02\/dof-3.jpg\" alt=\"dof 3\" width=\"320\" height=\"151\" srcset=\"https:\/\/archivioturi.lavocedelpaese.info\/wp-content\/uploads\/2012\/02\/dof-3.jpg 640w, https:\/\/archivioturi.lavocedelpaese.info\/wp-content\/uploads\/2012\/02\/dof-3-300x141.jpg 300w\" sizes=\"auto, (max-width: 320px) 100vw, 320px\" \/><\/p>\n","protected":false},"author":1,"featured_media":8167,"comment_status":"open","ping_status":"closed","sticky":false,"template":"","format":"standard","meta":{"colormag_page_container_layout":"default_layout","colormag_page_sidebar_layout":"default_layout","footnotes":""},"categories":[5],"tags":[],"class_list":["post-8171","post","type-post","status-publish","format-standard","has-post-thumbnail","hentry","category-sport"],"_links":{"self":[{"href":"https:\/\/archivioturi.lavocedelpaese.info\/index.php\/wp-json\/wp\/v2\/posts\/8171","targetHints":{"allow":["GET"]}}],"collection":[{"href":"https:\/\/archivioturi.lavocedelpaese.info\/index.php\/wp-json\/wp\/v2\/posts"}],"about":[{"href":"https:\/\/archivioturi.lavocedelpaese.info\/index.php\/wp-json\/wp\/v2\/types\/post"}],"author":[{"embeddable":true,"href":"https:\/\/archivioturi.lavocedelpaese.info\/index.php\/wp-json\/wp\/v2\/users\/1"}],"replies":[{"embeddable":true,"href":"https:\/\/archivioturi.lavocedelpaese.info\/index.php\/wp-json\/wp\/v2\/comments?post=8171"}],"version-history":[{"count":0,"href":"https:\/\/archivioturi.lavocedelpaese.info\/index.php\/wp-json\/wp\/v2\/posts\/8171\/revisions"}],"wp:featuredmedia":[{"embeddable":true,"href":"https:\/\/archivioturi.lavocedelpaese.info\/index.php\/wp-json\/wp\/v2\/media\/8167"}],"wp:attachment":[{"href":"https:\/\/archivioturi.lavocedelpaese.info\/index.php\/wp-json\/wp\/v2\/media?parent=8171"}],"wp:term":[{"taxonomy":"category","embeddable":true,"href":"https:\/\/archivioturi.lavocedelpaese.info\/index.php\/wp-json\/wp\/v2\/categories?post=8171"},{"taxonomy":"post_tag","embeddable":true,"href":"https:\/\/archivioturi.lavocedelpaese.info\/index.php\/wp-json\/wp\/v2\/tags?post=8171"}],"curies":[{"name":"wp","href":"https:\/\/api.w.org\/{rel}","templated":true}]}}