{"id":8125,"date":"2012-02-07T12:03:05","date_gmt":"2012-02-07T12:03:05","guid":{"rendered":"https:\/\/archivioturi.lavocedelpaese.info\/index.php\/2012\/02\/07\/il-md-redavid-per-aprire-shoah\/"},"modified":"2012-02-07T12:03:05","modified_gmt":"2012-02-07T12:03:05","slug":"il-md-redavid-per-aprire-shoah","status":"publish","type":"post","link":"https:\/\/archivioturi.lavocedelpaese.info\/index.php\/2012\/02\/07\/il-md-redavid-per-aprire-shoah\/","title":{"rendered":"Il M\u00b0 Redavid per aprire \u201cShoah\u201d"},"content":{"rendered":"<p style=\"text-align: justify;\"><img loading=\"lazy\" decoding=\"async\" class=\" size-full wp-image-8124\" src=\"https:\/\/archivioturi.lavocedelpaese.info\/wp-content\/uploads\/2012\/02\/shoa.JPG\" width=\"320\" height=\"150\" alt=\"shoa\" style=\"margin-top: 0px; margin-right: 3px; margin-bottom: 0px; margin-left: 3px;\" srcset=\"https:\/\/archivioturi.lavocedelpaese.info\/wp-content\/uploads\/2012\/02\/shoa.JPG 640w, https:\/\/archivioturi.lavocedelpaese.info\/wp-content\/uploads\/2012\/02\/shoa-300x141.jpg 300w\" sizes=\"auto, (max-width: 320px) 100vw, 320px\" \/><\/p>\n<p style=\"text-align: justify;\">Turi &#8211;&nbsp;Si \u00e8 aperta il 26 gennaio la lunga kermesse organizzata dalla Regione Puglia per ricordare la terribile pagina di storia della \u201cShoah\u201d. \u201cSuoni, domande, storie e parole\u201d racchiude il senso di quanto organizzato sino a fine febbraio con il Presidio del Libro e il patrocinio della Provincia di Bari e l\u2019Universit\u00e0 degli studi di Bari \u201cAldo Moro\u201d.<\/p>\n<p style=\"text-align: justify;\">\u00c8 un programma ricco di appuntamenti (cinquanta gli eventi previsti per ricordare la \u201cshoah\u201d) quello inaugurato lo scorso 26 genniao durante un convegno presso il Palazzo Sagges, Sovrintendenza Archivistica per la Puglia e un\u2019emozionante \u201cLettura scenica in concerto\u201d pomeridiana presso il Salone degli Affreschi del Palazzo Ateneo. \u201cL\u2019impegno della Regione Puglia \u2013 ha detto l\u2019assessore al Mediterraneo, Silvia Godelli \u2013 va nel senso della lotta a qualsiasi discriminazione di ogni popolo. Il popolo che \u00e8 stato vittima della shoah va ricordato tra i giovani e il ruolo civile che le scuole devono avere \u00e8 quello dello studio e della memoria. Il tema \u00e8 quello simbolico della ricostruzione storica che va ad incardinarsi sull\u2019attualit\u00e0. E il giovane pubblico ha gi\u00e0 dato una straordinaria accoglienza a questo patrimonio di civilt\u00e0 che continua ad esprimersi con forti attivit\u00e0\u201d. Al clarinetto, tra i musicisti dell\u2019Ensemble Apulia Musica, il maestro turese Ferdinando Redavid dell\u2019Accademia \u201cChi \u00e8 di scena?!\u201d. \u201cImmergersi nella musica e nel canto de \u201cIl violinista sul tetto\u201d \u00e8 stata una forte emozione\u201d \u2013 ha commentato il maestro Redavid al termine dell\u2019esibizione. Un capolavoro teatrale del 1964 tratto da una delle storie dello scrittore ebraico Shalom Aleichem, affresco della storia di una piccola comunit\u00e0 ebraica nella Russia pre-rivoluzionaria. Alla storia del protagonista, un simpatico lattaio che deve pensare al matrimonio per le sue tre figlie, si affianca la vita di tutto un villaggio, le profonde tradizioni della cultura e religione ebraica, le canzoni e le danze folkloristiche, le sofferenze storiche che questo popolo ha dovuto subire.<\/p>\n<p style=\"text-align: justify;\">Con quest\u2019apertura ha preso il via la IV edizione del Mese della Memoria 2012, su invito dell\u2019Assessorato al Mediterraneo, cultura e turismo della Regione Puglia e che porter\u00e0 in ogni angolo della provincia di Bari e dell\u2019intera Regione l\u2019importante messaggio del non dimenticare.<\/p>\n<p style=\"text-align: justify;\">Per Turi, l\u2019appuntamento \u00e8 previsto per il 23 febbraio con la presentazione, nella mattinata, di \u201cLa porta della libert\u00e0\u201d di Daniela Morelli presso la Scuola Media \u201cR. Resta\u201d. Nel pomeriggio, l\u2019incontro si svolger\u00e0 presso il Centro Culturale Polivalente.<\/p>\n<p style=\"text-align: justify;\">Con Turi si chiuder\u00e0 la kermesse di ricordi dedicata alla Shoah \u2013 suoni, domande, storie e parole.<\/p>\n","protected":false},"excerpt":{"rendered":"<p style=\"text-align: justify;\"><img loading=\"lazy\" decoding=\"async\" class=\" size-full wp-image-8124\" src=\"https:\/\/archivioturi.lavocedelpaese.info\/wp-content\/uploads\/2012\/02\/shoa.JPG\" width=\"320\" height=\"150\" alt=\"shoa\" style=\"margin-top: 0px; margin-right: 3px; margin-bottom: 0px; margin-left: 3px;\" srcset=\"https:\/\/archivioturi.lavocedelpaese.info\/wp-content\/uploads\/2012\/02\/shoa.JPG 640w, https:\/\/archivioturi.lavocedelpaese.info\/wp-content\/uploads\/2012\/02\/shoa-300x141.jpg 300w\" sizes=\"auto, (max-width: 320px) 100vw, 320px\" \/><\/p>\n","protected":false},"author":1,"featured_media":8124,"comment_status":"open","ping_status":"closed","sticky":false,"template":"","format":"standard","meta":{"colormag_page_container_layout":"default_layout","colormag_page_sidebar_layout":"default_layout","footnotes":""},"categories":[6],"tags":[],"class_list":["post-8125","post","type-post","status-publish","format-standard","has-post-thumbnail","hentry","category-cultura"],"_links":{"self":[{"href":"https:\/\/archivioturi.lavocedelpaese.info\/index.php\/wp-json\/wp\/v2\/posts\/8125","targetHints":{"allow":["GET"]}}],"collection":[{"href":"https:\/\/archivioturi.lavocedelpaese.info\/index.php\/wp-json\/wp\/v2\/posts"}],"about":[{"href":"https:\/\/archivioturi.lavocedelpaese.info\/index.php\/wp-json\/wp\/v2\/types\/post"}],"author":[{"embeddable":true,"href":"https:\/\/archivioturi.lavocedelpaese.info\/index.php\/wp-json\/wp\/v2\/users\/1"}],"replies":[{"embeddable":true,"href":"https:\/\/archivioturi.lavocedelpaese.info\/index.php\/wp-json\/wp\/v2\/comments?post=8125"}],"version-history":[{"count":0,"href":"https:\/\/archivioturi.lavocedelpaese.info\/index.php\/wp-json\/wp\/v2\/posts\/8125\/revisions"}],"wp:featuredmedia":[{"embeddable":true,"href":"https:\/\/archivioturi.lavocedelpaese.info\/index.php\/wp-json\/wp\/v2\/media\/8124"}],"wp:attachment":[{"href":"https:\/\/archivioturi.lavocedelpaese.info\/index.php\/wp-json\/wp\/v2\/media?parent=8125"}],"wp:term":[{"taxonomy":"category","embeddable":true,"href":"https:\/\/archivioturi.lavocedelpaese.info\/index.php\/wp-json\/wp\/v2\/categories?post=8125"},{"taxonomy":"post_tag","embeddable":true,"href":"https:\/\/archivioturi.lavocedelpaese.info\/index.php\/wp-json\/wp\/v2\/tags?post=8125"}],"curies":[{"name":"wp","href":"https:\/\/api.w.org\/{rel}","templated":true}]}}