{"id":8109,"date":"2012-02-07T06:09:19","date_gmt":"2012-02-07T06:09:19","guid":{"rendered":"https:\/\/archivioturi.lavocedelpaese.info\/index.php\/2012\/02\/07\/turi-rutigliano-accorpamento-definistivo\/"},"modified":"2012-02-07T06:09:19","modified_gmt":"2012-02-07T06:09:19","slug":"turi-rutigliano-accorpamento-definistivo","status":"publish","type":"post","link":"https:\/\/archivioturi.lavocedelpaese.info\/index.php\/2012\/02\/07\/turi-rutigliano-accorpamento-definistivo\/","title":{"rendered":"Turi \u2013 Rutigliano: accorpamento definistivo"},"content":{"rendered":"<p>&nbsp;<img loading=\"lazy\" decoding=\"async\" class=\" size-full wp-image-8107\" style=\"margin-top: 0px; margin-right: 3px; margin-bottom: 0px; margin-left: 3px;\" src=\"https:\/\/archivioturi.lavocedelpaese.info\/wp-content\/uploads\/2012\/02\/LaScuola10.jpg\" alt=\"LaScuola10\" width=\"320\" height=\"150\" \/><\/p>\n<p style=\"text-align: justify;\">\u201c\u00c8 indubbio che l&#8217;accorpamento con Rutigliano, che era la prima decisione della provincia, e cassato non per mia volont\u00e0, sia pi\u00f9 digeribile rispetto a quello con Locorotondo almeno sul piano dei chilometri. Si rendano conto, comunque, quelli che sprizzano soddisfazione da tutti i pori, che Turi ha perso l\u2019autonomia che avevamo sollecitato con il consigliere regionale turese alla Stellacci e che rischia di perdere col tempo anche la governance amministrativa. D&#8217;altra parte, \u00e8 strano che la Regione abbia mantenuto l&#8217;autonomia di altri istituti anche con un numero inferiore alle 600 unit\u00e0, concedendo una proroga di due anni. Cosi inconcepibile \u00e8 la decisione dell&#8217;assessore Sasso di lasciare autonomia all&#8217;ITC di Gioia che ha meno di 600 alunni. Peraltro, da Rutigliano, non giungono notizie rassicuranti sulla decisione presa dall&#8217;assessore Sasso. Rimango, comunque, sempre dell&#8217;avviso che, vista la perdita dell&#8217;autonomia decisa dalla Regione, l&#8217;accorpamento con Locorotondo, pur complicato, aveva il senso di una prospettiva pi\u00f9 competitiva e pi\u00f9 congeniale per il futuro dei nostri giovani.\u201d. \u00c8 con queste parole che l\u2019Assessore Provinciale Onofrio Resta commenta la decisione presa dalla Regione per il nuovo Piano regionale di dimensionamento della rete delle istituzioni scolastiche per il 2012\/\u201913.<\/p>\n<p style=\"text-align: justify;\"><img loading=\"lazy\" decoding=\"async\" class=\" alignright size-full wp-image-8108\" style=\"margin-top: 10px; margin-right: 0px; margin-bottom: 10px; margin-left: 10px; float: right;\" src=\"https:\/\/archivioturi.lavocedelpaese.info\/wp-content\/uploads\/2012\/02\/Immagine_scuola.jpg\" alt=\"Immagine scuola\" width=\"333\" height=\"250\" srcset=\"https:\/\/archivioturi.lavocedelpaese.info\/wp-content\/uploads\/2012\/02\/Immagine_scuola.jpg 333w, https:\/\/archivioturi.lavocedelpaese.info\/wp-content\/uploads\/2012\/02\/Immagine_scuola-300x225.jpg 300w\" sizes=\"auto, (max-width: 333px) 100vw, 333px\" \/>Con la Deliberazione n. 125 del 25 gennaio, infatti, la Regione Puglia ha scritto la parola fine alla lunga questione del dimensionamento scolastico che aveva investito la nostra cittadina e che prospettava un accorpamento di Istituti poco gradito ai pi\u00f9. Alla prospettiva di un accorpamento dell\u2019ITES \u201cS. Pertini\u201d con l\u2019ITAgr di Locorotondo, avanzato dalla Provincia di Bari con una proposta di Giunta, a seguito di numerosi solleciti di disapprovazione, la Regione ha modificato l\u2019indirizzo preso dalla provincia ed ha deliberato l\u2019accorpamento dell\u2019Istituto Superiore turese con l\u2019ITC \u201cMontale\u201d di Rutigliano.<\/p>\n<p style=\"text-align: justify;\">Interpellato il preside Erminio De Leonardis dell\u2019ITES \u201cS. Pertini\u201d, si \u00e8 detto soddisfatto della decisione finale della Regione, aggiungendo che \u201cha prevalso il buon senso e la razionalit\u00e0\u201d nella definizione del futuro dell\u2019Istituto scolastico di cui \u00e8 preside da circa venti anni. Pari soddisfazione \u00e8 stata espressa dal consigliere regionale Michele Boccardi che ha evidenziato come la decisione finale abbia guardato \u201call\u2019affinit\u00e0 didattica dei due istituti e per la vicinanza territoriale\u201d.<\/p>\n","protected":false},"excerpt":{"rendered":"<p>&nbsp;<img loading=\"lazy\" decoding=\"async\" class=\" size-full wp-image-8107\" style=\"margin-top: 0px; margin-right: 3px; margin-bottom: 0px; margin-left: 3px;\" src=\"https:\/\/archivioturi.lavocedelpaese.info\/wp-content\/uploads\/2012\/02\/LaScuola10.jpg\" alt=\"LaScuola10\" width=\"320\" height=\"150\" \/><\/p>\n","protected":false},"author":1,"featured_media":8107,"comment_status":"open","ping_status":"closed","sticky":false,"template":"","format":"standard","meta":{"colormag_page_container_layout":"default_layout","colormag_page_sidebar_layout":"default_layout","footnotes":""},"categories":[7],"tags":[],"class_list":["post-8109","post","type-post","status-publish","format-standard","has-post-thumbnail","hentry","category-attualita"],"_links":{"self":[{"href":"https:\/\/archivioturi.lavocedelpaese.info\/index.php\/wp-json\/wp\/v2\/posts\/8109","targetHints":{"allow":["GET"]}}],"collection":[{"href":"https:\/\/archivioturi.lavocedelpaese.info\/index.php\/wp-json\/wp\/v2\/posts"}],"about":[{"href":"https:\/\/archivioturi.lavocedelpaese.info\/index.php\/wp-json\/wp\/v2\/types\/post"}],"author":[{"embeddable":true,"href":"https:\/\/archivioturi.lavocedelpaese.info\/index.php\/wp-json\/wp\/v2\/users\/1"}],"replies":[{"embeddable":true,"href":"https:\/\/archivioturi.lavocedelpaese.info\/index.php\/wp-json\/wp\/v2\/comments?post=8109"}],"version-history":[{"count":0,"href":"https:\/\/archivioturi.lavocedelpaese.info\/index.php\/wp-json\/wp\/v2\/posts\/8109\/revisions"}],"wp:featuredmedia":[{"embeddable":true,"href":"https:\/\/archivioturi.lavocedelpaese.info\/index.php\/wp-json\/wp\/v2\/media\/8107"}],"wp:attachment":[{"href":"https:\/\/archivioturi.lavocedelpaese.info\/index.php\/wp-json\/wp\/v2\/media?parent=8109"}],"wp:term":[{"taxonomy":"category","embeddable":true,"href":"https:\/\/archivioturi.lavocedelpaese.info\/index.php\/wp-json\/wp\/v2\/categories?post=8109"},{"taxonomy":"post_tag","embeddable":true,"href":"https:\/\/archivioturi.lavocedelpaese.info\/index.php\/wp-json\/wp\/v2\/tags?post=8109"}],"curies":[{"name":"wp","href":"https:\/\/api.w.org\/{rel}","templated":true}]}}