{"id":8100,"date":"2012-02-06T14:41:36","date_gmt":"2012-02-06T14:41:36","guid":{"rendered":"https:\/\/archivioturi.lavocedelpaese.info\/index.php\/2012\/02\/06\/luomo-non-solo-la-sua-anima-e-il-riflesso-di-dio\/"},"modified":"2012-02-06T14:41:36","modified_gmt":"2012-02-06T14:41:36","slug":"luomo-non-solo-la-sua-anima-e-il-riflesso-di-dio","status":"publish","type":"post","link":"https:\/\/archivioturi.lavocedelpaese.info\/index.php\/2012\/02\/06\/luomo-non-solo-la-sua-anima-e-il-riflesso-di-dio\/","title":{"rendered":"\u201cL\u2019uomo, non solo la sua anima, \u00e8 il riflesso di Dio\u201d"},"content":{"rendered":"<p style=\"text-align: justify;\"><img loading=\"lazy\" decoding=\"async\" class=\" size-full wp-image-8098\" style=\"margin-top: 0px; margin-right: 3px; margin-bottom: 0px; margin-left: 3px;\" src=\"https:\/\/archivioturi.lavocedelpaese.info\/wp-content\/uploads\/2012\/02\/Il-tavolo-dei-relatori.JPG\" alt=\"Il tavolo dei relatori\" width=\"320\" height=\"150\" srcset=\"https:\/\/archivioturi.lavocedelpaese.info\/wp-content\/uploads\/2012\/02\/Il-tavolo-dei-relatori.JPG 640w, https:\/\/archivioturi.lavocedelpaese.info\/wp-content\/uploads\/2012\/02\/Il-tavolo-dei-relatori-300x141.jpg 300w\" sizes=\"auto, (max-width: 320px) 100vw, 320px\" \/><\/p>\n<p style=\"text-align: justify;\">Turi &#8211; Don Nicola D\u2019Onghia torna a casa, per una sera, per presentare il suo libro nell\u2019accogliente sala convegni della parrocchia del S.S. Nome di Ges\u00f9, a Noci. Non potrebbe esserci data pi\u00f9 indicata del 28 gennaio, giorno in cui la Chiesa ricorda san Tommaso d\u2019Aquino, punto di raccordo tra filosofia e teologia, per una serata di ricerca e riflessione sui grandi temi della natura umana. Dopo i saluti del presidente dell\u2019Azione Cattolica parrocchiale, Francesco Ferulli, l\u2019arduo compito da una parte di presentare il lavoro di don Nicola e dall\u2019altra quasi di impersonare uno dei tre capitoli in cui la trattazione si divide va a Beppe Novembre, professore di Filosofia, a Rosa Roberto, prof.ssa di Scienze Naturali e attualmente dirigente dell\u2019 I.I.S.S. Agherbino di Noci, e a mons. Luigi Renna, rettore del Seminario di Molfetta. Filosofia, Scienza e Teologia&nbsp; a confronto sui significati, i caratteri e le possibilit\u00e0 dell\u2019anima.<\/p>\n<p style=\"text-align: justify;\">Il prof. Novembre inizia dall\u2019etimologia di \u201canima\u201d, che rimanda a vento, soffio, respiro. Passa poi alla definizione che oggi d\u00e0 Wikipedia, l\u2019enciclopedia libera, per poi perdersi nella storia del pensiero filosofico occidentale, dai poemi omerici a Platone, dall\u2019ottocento fino ai nostri tempi, alla ricerca di una risposta a domande senza tempo.<\/p>\n<p style=\"text-align: justify;\"><img loading=\"lazy\" decoding=\"async\" class=\" alignright size-full wp-image-8099\" style=\"margin-top: 10px; margin-right: 0px; margin-bottom: 10px; margin-left: 10px; float: right;\" src=\"https:\/\/archivioturi.lavocedelpaese.info\/wp-content\/uploads\/2012\/02\/IMG_7835.JPG\" alt=\"IMG 7835\" width=\"448\" height=\"299\" srcset=\"https:\/\/archivioturi.lavocedelpaese.info\/wp-content\/uploads\/2012\/02\/IMG_7835.JPG 448w, https:\/\/archivioturi.lavocedelpaese.info\/wp-content\/uploads\/2012\/02\/IMG_7835-300x200.jpg 300w\" sizes=\"auto, (max-width: 448px) 100vw, 448px\" \/>In sala, un uditorio composito, persone di ogni et\u00e0, nocesi e anche qualche turese, antichi e nuovi parrocchiani di don Nicola, e molti sacerdoti, tra cui padre Donato Ogliari, abate della Madonna della Scala, si mescolano attenzione ed entusiasmo. \u201cIo conosco don Nicola da quando era alto cos\u00ec! \u2013 sussurra un\u2019anziana signora \u2013 E invece \u2026 guardalo ora!\u201d<\/p>\n<p style=\"text-align: justify;\">La parola passa alla prof.ssa Roberto, che sottolinea come ognuno di noi, fin da piccolissimo, si d\u00e0 una risposta alla domanda \u201cChe cos\u2019\u00e8 l\u2019anima?\u201d, risposta destinata ad essere ridefinita con il passare degli anni, e a volte stravolta, mediante incontri, studi, eventi. Il suo \u00e8 un arduo compito: tentare in meno di mezz\u2019ora di approcciarsi ad una spiegazione del sistema nervoso centrale, anche alla luce delle straordinarie tecniche, dalla PET alla Risonanza Magnetica Funzionale, che negli ultimi anni hanno accelerato sullo studio delle relazioni mente \u2013 cervello, e cervello \u2013 coscienza.<\/p>\n<p style=\"text-align: justify;\">Infine, a rappresentare quella che egli stesso definir\u00e0 la parte pi\u00f9 \u201coriginale\u201d della trattazione, quella teologica, mons. Luigi Renna, che trae anche le somme di quanto \u00e8 stato detto. \u201cLa teologia \u00e8 proprio il ponte tra filosofia e neuroscienze. La chiesa ha fatto propria la definizione di anima di matrice aristotelica, definendo l\u2019anima come \u2018forma del corpo\u2019, definizione che rende ragione della versione biblica di anima e corpo come unit\u00e0\u201d.<\/p>\n<p style=\"text-align: justify;\">\u201cL\u2019uomo \u00e8 il riflesso di Dio, non solo la sua anima &#8211; ha continuato, in una sala fattasi d\u2019un tratto pi\u00f9 attenta \u2013 dobbiamo tutti, filosofi, teologi e scienziati, evitare il paradigma della semplificazione e la tentazione di usare lo stesso metodo di analisi.\u201d Ha poi citato qualche frase del libro di don Nicola, sottolineando come non sia possibile dimostrare l\u2019esistenza dell\u2019 \u201cio narrante\u201d che chiamiamo anima, ma che possiamo continuare a cercare, senza fermarci solo a quanto \u00e8 misurabile. \u201cIl cervello \u00e8 sociale, e l\u2019anima dice una relazione, con Dio e con gli altri. Per questo va recuperato il concetto di persona.\u201d. L\u2019augurio poi, per don Nicola, \u00e8 di passare \u201cda questa ad ancora altre prove di dialogo tra neuroscienze e teologia\u201d.<\/p>\n<p style=\"text-align: justify;\">La parola infine a don Nicola, per un brevissimo saluto e un ringraziamento. \u201cQuesta avventura \u00e8 iniziata qualche anno fa. Mi ha affascinato la sua complessit\u00e0. Per noi credenti la sfida \u00e8 nel non avere paura del dialogo. Il dialogo ha bisogno d\u2019identit\u00e0 e di differenza, e per affrontarlo c\u2019\u00e8 bisogno di umilt\u00e0 e capacit\u00e0 di ascolto.\u201d<\/p>\n<p style=\"text-align: justify;\">Infine, un brusco risveglio dopo una serata che ha saputo affrontare i grandi temi dell\u2019essere umano. L\u2019uditorio \u00e8 gi\u00e0 in piedi, ma la prof.ssa Roberto, dirigente scolastica, riprende la parola per sottolineare, con vivo disappunto, come l\u2019unica scuola superiore di Noci stia per essere accorpata, secondo la legge vigente. \u201cRiprendetevi la vostra scuola!\u201d, incita, e in un attimo tutta la magia dei discorsi sull\u2019anima, sulla coscienza, sulla vita eterna, svanisce a contatto con la quotidianit\u00e0 che irrompe con le sue piccole grandi preoccupazioni.&nbsp;<\/p>\n","protected":false},"excerpt":{"rendered":"<p style=\"text-align: justify;\"><img loading=\"lazy\" decoding=\"async\" class=\" size-full wp-image-8098\" style=\"margin-top: 0px; margin-right: 3px; margin-bottom: 0px; margin-left: 3px;\" src=\"https:\/\/archivioturi.lavocedelpaese.info\/wp-content\/uploads\/2012\/02\/Il-tavolo-dei-relatori.JPG\" alt=\"Il tavolo dei relatori\" width=\"320\" height=\"150\" srcset=\"https:\/\/archivioturi.lavocedelpaese.info\/wp-content\/uploads\/2012\/02\/Il-tavolo-dei-relatori.JPG 640w, https:\/\/archivioturi.lavocedelpaese.info\/wp-content\/uploads\/2012\/02\/Il-tavolo-dei-relatori-300x141.jpg 300w\" sizes=\"auto, (max-width: 320px) 100vw, 320px\" \/><\/p>\n","protected":false},"author":1,"featured_media":8098,"comment_status":"open","ping_status":"closed","sticky":false,"template":"","format":"standard","meta":{"colormag_page_container_layout":"default_layout","colormag_page_sidebar_layout":"default_layout","footnotes":""},"categories":[6],"tags":[],"class_list":["post-8100","post","type-post","status-publish","format-standard","has-post-thumbnail","hentry","category-cultura"],"_links":{"self":[{"href":"https:\/\/archivioturi.lavocedelpaese.info\/index.php\/wp-json\/wp\/v2\/posts\/8100","targetHints":{"allow":["GET"]}}],"collection":[{"href":"https:\/\/archivioturi.lavocedelpaese.info\/index.php\/wp-json\/wp\/v2\/posts"}],"about":[{"href":"https:\/\/archivioturi.lavocedelpaese.info\/index.php\/wp-json\/wp\/v2\/types\/post"}],"author":[{"embeddable":true,"href":"https:\/\/archivioturi.lavocedelpaese.info\/index.php\/wp-json\/wp\/v2\/users\/1"}],"replies":[{"embeddable":true,"href":"https:\/\/archivioturi.lavocedelpaese.info\/index.php\/wp-json\/wp\/v2\/comments?post=8100"}],"version-history":[{"count":0,"href":"https:\/\/archivioturi.lavocedelpaese.info\/index.php\/wp-json\/wp\/v2\/posts\/8100\/revisions"}],"wp:featuredmedia":[{"embeddable":true,"href":"https:\/\/archivioturi.lavocedelpaese.info\/index.php\/wp-json\/wp\/v2\/media\/8098"}],"wp:attachment":[{"href":"https:\/\/archivioturi.lavocedelpaese.info\/index.php\/wp-json\/wp\/v2\/media?parent=8100"}],"wp:term":[{"taxonomy":"category","embeddable":true,"href":"https:\/\/archivioturi.lavocedelpaese.info\/index.php\/wp-json\/wp\/v2\/categories?post=8100"},{"taxonomy":"post_tag","embeddable":true,"href":"https:\/\/archivioturi.lavocedelpaese.info\/index.php\/wp-json\/wp\/v2\/tags?post=8100"}],"curies":[{"name":"wp","href":"https:\/\/api.w.org\/{rel}","templated":true}]}}