{"id":81,"date":"2009-07-14T15:14:13","date_gmt":"2009-07-14T15:14:13","guid":{"rendered":"https:\/\/archivioturi.lavocedelpaese.info\/index.php\/2009\/07\/14\/cancro-non-mi-fai-paura\/"},"modified":"2009-07-14T15:14:13","modified_gmt":"2009-07-14T15:14:13","slug":"cancro-non-mi-fai-paura","status":"publish","type":"post","link":"https:\/\/archivioturi.lavocedelpaese.info\/index.php\/2009\/07\/14\/cancro-non-mi-fai-paura\/","title":{"rendered":"FABIO SALVATORE: CANCRO NON MI FAI PAURA"},"content":{"rendered":"<p><img loading=\"lazy\" decoding=\"async\" class=\" size-full wp-image-80\" alt=\"paura1logo\" src=\"https:\/\/archivioturi.lavocedelpaese.info\/wp-content\/uploads\/2009\/07\/paura1logo.jpg\" width=\"320\" height=\"156\" srcset=\"https:\/\/archivioturi.lavocedelpaese.info\/wp-content\/uploads\/2009\/07\/paura1logo.jpg 410w, https:\/\/archivioturi.lavocedelpaese.info\/wp-content\/uploads\/2009\/07\/paura1logo-300x146.jpg 300w\" sizes=\"auto, (max-width: 320px) 100vw, 320px\" \/> <\/p>\n<p>Si informa che il <strong>24 luglio 2009 alle ore 21,00 in Piazza della SS. Annunziata<\/strong> avr\u00e0 luogo la presentazione del libro \u201cCancro, non mi fai paura\u201d, a cura dell\u2019autore sig. Fabio Salvatore.<\/p>\n<p>Alla presentazione interverranno:<\/p>\n<p>\u2022 Prof. Francesco Schittulli Presidente della Provincia di Bari;<br \/>\u2022 On.le Salvatore Tatarella Europarlamentare;<br \/>\u2022 Dott. Vincenzo Gigantelli Sindaco del Comune di Turi;<br \/>\u2022 Sig. Paolo Tundo Assessore alle Politiche Sociali e per la Salute del Comune di Turi.<br \/>A moderare l\u2019incontro e ad intervistare l\u2019autore, ci sar\u00e0 il giornalista di Antenna Sud, Gian Vito Cafaro.<\/p>\n<p><strong>IN SINTESI<\/strong><\/p>\n<p style=\"text-align: justify;\"><span>Estate 1999. Estate di sogni, passione. E amore. Andrea, in riva al mare, fra silenzi e mareggiate, si guarda dentro e si rende conto di essere in preda a una crisi di panico per l&#8217;eccessiva gioia, all&#8217;improvviso spezzata da sei lettere: CANCRO. Andrea ha soli vent&#8217;anni e si trova all&#8217;improvviso su un letto di ospedale completamente nudo dentro e fuori, con un essere oscuro, che chiama &#8220;scarafaggio&#8221;, che lo osserva e che gli cammina dentro. Il cancro gli prende le viscere, lo inganna. Prova a farlo patire ma Andrea respira e non gli permette di raggiungere lo scopo: la morte. Questo \u00e8 il viaggio in prima persona di un ragazzo che non si \u00e8 fatto travolgere dal destino.\u00a0 (ibs)<\/span><\/p>\n<p><span><strong>IL LIBRO<\/strong><\/span><\/p>\n<div style=\"text-align: justify;\">\u00c8 in libreria dallo scorso 30 aprile, pubblicato per i tipi di Aliberti, un&#8217;opera che sta facendo molto parlare di s\u00e9: il libro <em>Cancro, non mi fai paura<\/em> dell&#8217;attore e regista pugliese <strong>Fabio Salvatore<\/strong> (pp. 206, euro 15,50), con una presentazione del cantautore Pacifico. Il libro \u00e8 gi\u00e0 stato presentato nei giorni scorsi in Puglia, a Massafra e Bari, e si prepara a un tour in tutte le maggiori citt\u00e0 italiane, da Milano a Roma, da Bologna a Napoli, dove l&#8217;autore sar\u00e0 accompagnato nella presentazione da partner molto famosi, come Fabio Canino ed Enzo De Caro. L&#8217;autore \u00e8 attore e regista prevalentemente di teatro. \u00c8 stato diretto da grandi maestri come Enzo Garinei, Walter Manfr\u00e8, Corrado Veneziano, ha interpretato ruoli in importanti produzioni teatrali e televisive. La lettura dei brani in poesia tratti dall\u2019opera poetica <em>La Passione<\/em> scritta da Mario Luzi, con musiche composte da Luciano Vavolo e con Pamela Villoresi, segna il debutto alla regia teatrale di Fabio Salvatore, al quale si lega il suo ultimo spettacolo \u201cIo come Voi \u2013 Le parole di Alda Merini\u201d con Sarah Maestri. Fondatore del Magna Grecia Awards e del laboratorio creativo Rodolfo Valentino Opera, ha diretto spot sociali e innumerevoli opere teatrali, portando in scena, racconti di vita.<\/div>\n<p><\/p>\n<div style=\"text-align: justify;\">Quella del libro \u00e8 una storia autobiografica: ambientata nel 1999, racconta la storia di Andrea e della sua dura battaglia, fatta di dialogo e conoscenza, con la malattia, un male a cui Andrea dice: \u00abNon mi fai paura\u00bb. Questo \u00e8 un estratto dal libro: \u00abAscolta la voce che ti chiama. Ascolta il respiro che ti sfiora. Ascolta il tempo che passa. Ascolta il passo della vita. S\u00ec, tu ascolti. Tu vedi. Tu decidi. Io, fermo, posso solo esaudirti. Ti sorrido. Tu mi hai concesso giorni. Tu mi hai dato vita. Tu mi hai donato sogni. Tu mi hai segnato di paura. La paura. Oggi, la paura \u00e8 ormai lontana. Si, lo penso e te lo dico: Non mi fai paura. Non mi fai paura, perch\u00e9 mi pensi. Non mi fai paura, perch\u00e9 mi respiri la vita. Non mi fai paura, perch\u00e9 mi ascolti. Oggi sono in riva alla vita, che \u00e8 in piena, fra onde e mareggiate, di ricordi inquieti e passati. Non mi fai paura, perch\u00e9 scivoli via con me. Tu, se scappi via, sei via da me. Se ritorni, sei da me, dentro e fuori me. Lontano da me e per sempre con me. S\u00ec che ritorni via. Devo guardarti. Devo non abbandonarti e non abbandonarmi. Ora, s\u00ec che ti guardo ed i tuoi occhi mi fissano. Lo so, lo sai. Non mi fai paura\u00bb.<\/div>\n<p>\u00a0<\/p>\n<p><strong>ALCUNI COMMENTI DEI LETTORI<\/strong><\/p>\n<p><strong>Agnese (07-11-2008)<\/strong><br \/>E&#8217; una lezione di vita per la nostra anima. Meraviglioso ,ti prende e lo leggi tutto d&#8217;un fiato. GRAZIE.<\/p>\n<p><strong>Greta (22-06-2008)<\/strong><br \/>Mentre leggevo questo libro,ho chiuso per un attimo gli occhi,ed ho provato ad immaginare cosa nutre il cuore di un bambino consapevole che gli rimane solo qualche battito.Poi man mano che le pagine scorrevano,il sogno si faceva sempre pi\u00f9 nitido..una forza superiore,una fede,continuava a pervadere la mia immagine.Alla fine del libro,ho notato che quel bambino sorrideva.Lui sorrideva fin dall&#8217;inizio del sogno,sono io che me ne sono accorta solo alla fine.La Forza che tu Fabio hai saputo dare a te stesso ed a tutte quelle persone che non ci credono pi\u00f9,ha salvato quella mia immagine.Credo che valga per tutti,non solo per chi ha una malattia fisica,ma anche morale..in molti perdono per strada il loro senso,ma con il tuo stile inconfondibile e con le tue parole hai trasmesso non solo fede,ma la serenit\u00e0 che ogni giorno ci passa davanti e che spesso rifiutiamo.Non importa quanto tempo si vive,ma come si vive.Grazie \u00e8 davvero il minimo,grazie a te ed alla vita.Un libro che tutti dovrebbero leggere,per puro piacere.<\/p>\n<p><strong>Alessandra (20-06-2008)<\/strong><br \/>E&#8217; un inno alla vita! Ho avuto sempre una certa diffidenza verso certi racconti, ma questo romanzo mi ha permesso di avvicinarmi a questa malattia con serenit\u00e0! In una societ\u00e0 che corre e pensa solo alle apparenze, tutti dovremmo leggere queste pagine cos\u00ec vere! Grande Fabio!<\/p>\n<p><strong>Sara (17-06-2008)<\/strong><br \/>Che emozione queste parole, che credo porter\u00f2 per sempre nel mio cuore! Grazie Fabio per avermi donato un raggio di sole. Ti ho letto in un soffio! Ti stringo pur non conoscendoti, ma questo tuo romanzo, da oggi \u00e8 anche un p\u00f2 mio! GRAZIE<\/p>\n","protected":false},"excerpt":{"rendered":"<p><img loading=\"lazy\" decoding=\"async\" class=\" size-full wp-image-80\" alt=\"paura1logo\" src=\"https:\/\/archivioturi.lavocedelpaese.info\/wp-content\/uploads\/2009\/07\/paura1logo.jpg\" width=\"320\" height=\"156\" srcset=\"https:\/\/archivioturi.lavocedelpaese.info\/wp-content\/uploads\/2009\/07\/paura1logo.jpg 410w, https:\/\/archivioturi.lavocedelpaese.info\/wp-content\/uploads\/2009\/07\/paura1logo-300x146.jpg 300w\" sizes=\"auto, (max-width: 320px) 100vw, 320px\" \/> <\/p>\n","protected":false},"author":1,"featured_media":80,"comment_status":"open","ping_status":"closed","sticky":false,"template":"","format":"standard","meta":{"colormag_page_container_layout":"default_layout","colormag_page_sidebar_layout":"default_layout","footnotes":""},"categories":[6],"tags":[],"class_list":["post-81","post","type-post","status-publish","format-standard","has-post-thumbnail","hentry","category-cultura"],"_links":{"self":[{"href":"https:\/\/archivioturi.lavocedelpaese.info\/index.php\/wp-json\/wp\/v2\/posts\/81","targetHints":{"allow":["GET"]}}],"collection":[{"href":"https:\/\/archivioturi.lavocedelpaese.info\/index.php\/wp-json\/wp\/v2\/posts"}],"about":[{"href":"https:\/\/archivioturi.lavocedelpaese.info\/index.php\/wp-json\/wp\/v2\/types\/post"}],"author":[{"embeddable":true,"href":"https:\/\/archivioturi.lavocedelpaese.info\/index.php\/wp-json\/wp\/v2\/users\/1"}],"replies":[{"embeddable":true,"href":"https:\/\/archivioturi.lavocedelpaese.info\/index.php\/wp-json\/wp\/v2\/comments?post=81"}],"version-history":[{"count":0,"href":"https:\/\/archivioturi.lavocedelpaese.info\/index.php\/wp-json\/wp\/v2\/posts\/81\/revisions"}],"wp:featuredmedia":[{"embeddable":true,"href":"https:\/\/archivioturi.lavocedelpaese.info\/index.php\/wp-json\/wp\/v2\/media\/80"}],"wp:attachment":[{"href":"https:\/\/archivioturi.lavocedelpaese.info\/index.php\/wp-json\/wp\/v2\/media?parent=81"}],"wp:term":[{"taxonomy":"category","embeddable":true,"href":"https:\/\/archivioturi.lavocedelpaese.info\/index.php\/wp-json\/wp\/v2\/categories?post=81"},{"taxonomy":"post_tag","embeddable":true,"href":"https:\/\/archivioturi.lavocedelpaese.info\/index.php\/wp-json\/wp\/v2\/tags?post=81"}],"curies":[{"name":"wp","href":"https:\/\/api.w.org\/{rel}","templated":true}]}}