{"id":8094,"date":"2012-02-06T12:31:09","date_gmt":"2012-02-06T12:31:09","guid":{"rendered":"https:\/\/archivioturi.lavocedelpaese.info\/index.php\/2012\/02\/06\/qmi-piacerebbe-essere-un-anello-di-una-catena-di-montaggio-che-funzionaq\/"},"modified":"2012-02-06T12:31:09","modified_gmt":"2012-02-06T12:31:09","slug":"qmi-piacerebbe-essere-un-anello-di-una-catena-di-montaggio-che-funzionaq","status":"publish","type":"post","link":"https:\/\/archivioturi.lavocedelpaese.info\/index.php\/2012\/02\/06\/qmi-piacerebbe-essere-un-anello-di-una-catena-di-montaggio-che-funzionaq\/","title":{"rendered":"&#8220;Mi piacerebbe essere un anello di una catena di montaggio che funziona!&#8221;"},"content":{"rendered":"<p><img loading=\"lazy\" decoding=\"async\" class=\" size-full wp-image-8093\" src=\"https:\/\/archivioturi.lavocedelpaese.info\/wp-content\/uploads\/2012\/02\/danese.png\" width=\"320\" height=\"152\" alt=\"danese\" style=\"margin-top: 0px; margin-right: 3px; margin-bottom: 0px; margin-left: 3px;\" srcset=\"https:\/\/archivioturi.lavocedelpaese.info\/wp-content\/uploads\/2012\/02\/danese.png 640w, https:\/\/archivioturi.lavocedelpaese.info\/wp-content\/uploads\/2012\/02\/danese-300x143.png 300w\" sizes=\"auto, (max-width: 320px) 100vw, 320px\" \/><\/p>\n<p style=\"text-align: justify;\">Questa settimana abbiamo voluto incontrare un altro elemento che costituir\u00e0 il motore del movimento politico \u201cImpegno per Turi\u201d. Nel precedente numero, un altro componente, Donato Giuliani, ci ha lasciato la curiosit\u00e0 sulla presenza di numerosi giovani tra le prime file del neo movimento, pertanto questa settimana abbiamo voluto incontrarne uno di questi e capire le motivazioni che abbiano spinto lui, come altri ragazzi, ad interessarsi del proprio paese e del proprio futuro cittadino. Tra i pi\u00f9 giovani del gruppo, Dario Danese che ci ha rilasciato qualche dichiarazione circa la sua partecipazione alla formazione politica di \u201cImpegno per Turi\u201d.<\/p>\n<p style=\"text-align: justify;\"><strong>Cosa ti ha spinto ad entrare nel gruppo e quindi, impegnarti attivamente ed in prima linea al suo interno?<\/strong><\/p>\n<p style=\"text-align: justify;\">&nbsp;Premetto che fino a ieri non avrei mai sognato di interessarmi alla politica e tantomeno alle questioni del mio paese, ma quando ho conosciuto Franco Mercieri e il movimento di cui \u00e8 leader, nonch\u00e8 le persone che ne fanno parte, ho sentito che avrei potuto dare anche il mio contributo. Ho compreso che a tutti stanno a cuore gli interessi della collettivit\u00e0\u201d. Ho deciso perci\u00f2 di affacciarmi al panorama politico turese e capire come mai siamo una delle poche realt\u00e0 provinciali con delle ottime risorse ma che non danno alcun segnale di progresso e anzi leggeri cenni di regressione.<\/p>\n<p style=\"text-align: justify;\"><strong>Possiamo dire che si \u00e8 trattato di un incontro \u201crivelatore\u201d!<\/strong><\/p>\n<p style=\"text-align: justify;\">Dopo aver sposato la causa per la quale noi di Impegno per Turi vorremmo lavorare, mi \u00e8 stata data la possibilt\u00e0 di essere addirittura parte attiva di questa frangia che non sventola alcuna bandiera politica bens\u00ec ha l&#8217;unico e nobile obiettivo di trovare una soluzione alle numerose problematiche venutesi a creare fino ad oggi che affliggono il nostro paese e che non ci permettono la famosa e suddetta &#8220;crescita&#8221;: perch\u00e8 penso che a questo mondo tutto ci\u00f2 che non cresce, muore&#8230;<\/p>\n<p style=\"text-align: justify;\"><strong>Quali sono quindi le tue aspirazioni oggi e quale ruolo potresti ricoprire in seno alle tue esperienze?<\/strong><\/p>\n<p style=\"text-align: justify;\">Non vorrei sembrare troppo banale, ma ad oggi sarei falso a spacciarmi per un esperto del campo politico e vantare conoscenze che non ho, ma quello che posso mettere a disposizione della collettivit\u00e0 \u00e8 la mia sete di sapere, il mio entusiasmo per aiutare a compiere un rinnovamento, la mia rettitudine ed il senso di giustizia e quindi di onest\u00e0, la sollecitudine e mi riferisco alla diligenza ed operosit\u00e0 di un braccio ed una mente giovane al servizio della gente. Purtroppo sono tutte virt\u00f9 contrarie alla natura dell&#8217;uomo ma per questo basta semplicemente che ci sia qualcuno o qualcosa che ce li ricordi e che ci aiuti ad imboccare e mantenere la strada giusta.<\/p>\n<p style=\"text-align: justify;\">Non nego che mi piacerebbe essere un anello di una catena di montaggio che funziona !!!<\/p>\n<p style=\"text-align: justify;\">Come dicevo all&#8217;inizio non sono mai stato un &#8220;politicante&#8221; nel senso stretto del termine, e tantomeno lo voglio diventare oggi; io rimarr\u00f2 il ragazzo di sempre che presenta i suoi tanti difetti ma che annovera tra i suoi pochi pregi quelli della consapevolezza e umilt\u00e0 che, come ci insegna il pi\u00f9 saggio re della storia, \u00e8 la virt\u00f9 indispensabile per poter vivere bene.<\/p>\n<p style=\"text-align: justify;\">Nella mia breve vita ho affrontato molte vicissitudini, ho avuto diverse esperienze professionali grazie alle quali ho avuto la fortuna di incontrare degli ottimi Maestri di vita che hanno fatto di me la persona che sono oggi: una persona semplice dai sani principi.<\/p>\n<p style=\"text-align: justify;\">Un aspetto importante che mi ha molto colpito del nostro gruppo \u00e8 la numerosa partecipazione di giovani e soprattutto del programma che va a favore degli stessi che sono il motore del mondo.<\/p>\n<p style=\"text-align: justify;\">Se mi sono dilungato molto su questi aspetti umani, non \u00e8 un caso, perch\u00e8 penso che siano alla base di qualsiasi uomo che abbia avuto successo in qualsivoglia campo o settore.<\/p>\n<p style=\"text-align: justify;\">Partendo da questo presupposto e mettendo realmente in pratica ci\u00f2 che ho detto, sono convinto che qualcosa cambi; certo non salveremo il mondo ma quantomeno ci saremo divertiti a renderlo un tantino migliore.<\/p>\n","protected":false},"excerpt":{"rendered":"<p><img loading=\"lazy\" decoding=\"async\" class=\" size-full wp-image-8093\" src=\"https:\/\/archivioturi.lavocedelpaese.info\/wp-content\/uploads\/2012\/02\/danese.png\" width=\"320\" height=\"152\" alt=\"danese\" style=\"margin-top: 0px; margin-right: 3px; margin-bottom: 0px; margin-left: 3px;\" srcset=\"https:\/\/archivioturi.lavocedelpaese.info\/wp-content\/uploads\/2012\/02\/danese.png 640w, https:\/\/archivioturi.lavocedelpaese.info\/wp-content\/uploads\/2012\/02\/danese-300x143.png 300w\" sizes=\"auto, (max-width: 320px) 100vw, 320px\" \/><\/p>\n","protected":false},"author":1,"featured_media":8093,"comment_status":"open","ping_status":"closed","sticky":false,"template":"","format":"standard","meta":{"colormag_page_container_layout":"default_layout","colormag_page_sidebar_layout":"default_layout","footnotes":""},"categories":[4],"tags":[],"class_list":["post-8094","post","type-post","status-publish","format-standard","has-post-thumbnail","hentry","category-politica"],"_links":{"self":[{"href":"https:\/\/archivioturi.lavocedelpaese.info\/index.php\/wp-json\/wp\/v2\/posts\/8094","targetHints":{"allow":["GET"]}}],"collection":[{"href":"https:\/\/archivioturi.lavocedelpaese.info\/index.php\/wp-json\/wp\/v2\/posts"}],"about":[{"href":"https:\/\/archivioturi.lavocedelpaese.info\/index.php\/wp-json\/wp\/v2\/types\/post"}],"author":[{"embeddable":true,"href":"https:\/\/archivioturi.lavocedelpaese.info\/index.php\/wp-json\/wp\/v2\/users\/1"}],"replies":[{"embeddable":true,"href":"https:\/\/archivioturi.lavocedelpaese.info\/index.php\/wp-json\/wp\/v2\/comments?post=8094"}],"version-history":[{"count":0,"href":"https:\/\/archivioturi.lavocedelpaese.info\/index.php\/wp-json\/wp\/v2\/posts\/8094\/revisions"}],"wp:featuredmedia":[{"embeddable":true,"href":"https:\/\/archivioturi.lavocedelpaese.info\/index.php\/wp-json\/wp\/v2\/media\/8093"}],"wp:attachment":[{"href":"https:\/\/archivioturi.lavocedelpaese.info\/index.php\/wp-json\/wp\/v2\/media?parent=8094"}],"wp:term":[{"taxonomy":"category","embeddable":true,"href":"https:\/\/archivioturi.lavocedelpaese.info\/index.php\/wp-json\/wp\/v2\/categories?post=8094"},{"taxonomy":"post_tag","embeddable":true,"href":"https:\/\/archivioturi.lavocedelpaese.info\/index.php\/wp-json\/wp\/v2\/tags?post=8094"}],"curies":[{"name":"wp","href":"https:\/\/api.w.org\/{rel}","templated":true}]}}