{"id":8074,"date":"2012-01-31T16:29:33","date_gmt":"2012-01-31T16:29:33","guid":{"rendered":"https:\/\/archivioturi.lavocedelpaese.info\/index.php\/2012\/01\/31\/quando-la-storia-diventa-narrativa\/"},"modified":"2012-01-31T16:29:33","modified_gmt":"2012-01-31T16:29:33","slug":"quando-la-storia-diventa-narrativa","status":"publish","type":"post","link":"https:\/\/archivioturi.lavocedelpaese.info\/index.php\/2012\/01\/31\/quando-la-storia-diventa-narrativa\/","title":{"rendered":"Quando la storia diventa narrativa"},"content":{"rendered":"<p style=\"text-align: justify;\"><img loading=\"lazy\" decoding=\"async\" class=\" size-full wp-image-8073\" src=\"https:\/\/archivioturi.lavocedelpaese.info\/wp-content\/uploads\/2012\/01\/crudelia-demon-17.JPG\" width=\"320\" height=\"150\" alt=\"crudelia demon 17\" style=\"margin-top: 0px; margin-right: 3px; margin-bottom: 0px; margin-left: 3px;\" srcset=\"https:\/\/archivioturi.lavocedelpaese.info\/wp-content\/uploads\/2012\/01\/crudelia-demon-17.JPG 640w, https:\/\/archivioturi.lavocedelpaese.info\/wp-content\/uploads\/2012\/01\/crudelia-demon-17-300x141.jpg 300w\" sizes=\"auto, (max-width: 320px) 100vw, 320px\" \/><\/p>\n<p style=\"text-align: justify;\">\u201cDalla storia si possono comprendere quali siano le vere ingiustizie\u201d. Spesso per\u00f2 i libri di storia tacciono le emozioni, i sentimenti, le paure e le speranze di chi ha scritto le pagine del nostro ieri. A volte ancora non sono le parole che raccontano la memoria: spesso sono i suoi silenzi. \u00c8 sui silenzi tra due donne, un\u2019anziana signora, Olga Mautino ed un\u2019adolescente, Katia, che si riscopre la profondit\u00e0 del cuore e si rivive il proprio passato. Olga e Katia sono le due figure che abitano il pi\u00f9 recente lavoro letterario di <strong>Anna Lavatelli<\/strong>, \u201c<strong>Non chiamatela Crudelia Demon<\/strong>\u201d. \u201cIl mio pubblico sono i ragazzi. Al pi\u00f9, posso scrivere per et\u00e0 fino ai 17\/18 anni. Perch\u00e9 \u00e8 quella l\u2019et\u00e0 in cui si pu\u00f2 sognare di pi\u00f9\u201d. E infatti \u201cNon chiamatela Crudelia Demon\u201d, edito dalla Piemme nel 2012, con il suo linguaggio semplice e mai banale nonostante la materia trattata, narra l\u2019ingiustizia di una donna e della sua famiglia vittime del regime staliniano dell\u2019ex Unione Sovietica. Un testo dove a parlare sono prima i silenzi che fanno da <em>liet motiv<\/em> per la narrazione. Un incontro casuale, se cos\u00ec lo possiamo definire, tra le due donne, separate non solo da un giardino, ma da un\u2019intera generazione, che origina atteggiamenti burleschi da parte di Katia e i suoi amici e quindi il momento dell\u2019incontro. Una punizione e un\u2019ingiustizia che presto porta le due donne a maturare un\u2019amicizia, a condividere emozioni e testimoniare la barbarie dei Gulag sovietici, dove uomini, donne e bambini erano vittime della follia umana.<\/p>\n<p style=\"text-align: justify;\">\u201cUn grande onore per noi di Turi \u2013 ha commentato Alina Laruccia \u2013 responsabile del <strong>Presidio del Libro di Turi<\/strong> \u2013 ospitare Anna Lavatelli\u201d. La presentazione del suo libro, nella mattinata di luned\u00ec 30 gennaio ai ragazzi delle terze classi della Scuola Secondaria di I grado e una classe quarta della Scuola Primaria di Turi, rappresenta la prima occasione per l\u2019autrice di presentare il suo pi\u00f9 recente lavoro. Nella Sala Teatro della Scuola Media, accolta con un grande applauso dai ragazzi, dai loro docenti e dallo stesso Preside, prof. Ferdinando Brienza, l\u2019autrice novarese ha \u201csubito\u201d le curiosit\u00e0 dei pi\u00f9 piccoli. Dalla lettura dei passi ripresi dal suo libro, alle domande di uno dei ragazzi della terza media, ai simpatici ed imprevisti interrogativi dei bambini delle quarte classi, la mattinata con la Lavatelli ha lasciato a tutti i presenti un forte interesse a conoscere sempre pi\u00f9 la vicenda tra \u201cla lettrice di Evtusenko\u201d e la giovane punita che racchiuder\u00e0 in s\u00e9 quel bagaglio di memoria che mai avrebbe appreso dai libri della storia.<\/p>\n<p style=\"text-align: justify;\">Approfondimenti sul prossimo numero de &#8220;La Voce del Paese&#8221;<\/p>\n<p><embed type=\"application\/x-shockwave-flash\" src=\"https:\/\/picasaweb.google.com\/s\/c\/bin\/slideshow.swf\" width=\"660\" height=\"660\" flashvars=\"host=picasaweb.google.com&#038;noautoplay=1&#038;hl=it&#038;feat=flashalbum&#038;RGB=0x000000&#038;feed=https%3A%2F%2Fpicasaweb.google.com%2Fdata%2Ffeed%2Fapi%2Fuser%2Fredazioneturiweb%2Falbumid%2F5703834043234006753%3Falt%3Drss%26kind%3Dphoto%26authkey%3DGv1sRgCNH2gYGujNW0jAE%26hl%3Dit\" pluginspage=\"http:\/\/www.macromedia.com\/go\/getflashplayer\"><\/embed><\/p>\n","protected":false},"excerpt":{"rendered":"<p style=\"text-align: justify;\"><img loading=\"lazy\" decoding=\"async\" class=\" size-full wp-image-8073\" src=\"https:\/\/archivioturi.lavocedelpaese.info\/wp-content\/uploads\/2012\/01\/crudelia-demon-17.JPG\" width=\"320\" height=\"150\" alt=\"crudelia demon 17\" style=\"margin-top: 0px; margin-right: 3px; margin-bottom: 0px; margin-left: 3px;\" srcset=\"https:\/\/archivioturi.lavocedelpaese.info\/wp-content\/uploads\/2012\/01\/crudelia-demon-17.JPG 640w, https:\/\/archivioturi.lavocedelpaese.info\/wp-content\/uploads\/2012\/01\/crudelia-demon-17-300x141.jpg 300w\" sizes=\"auto, (max-width: 320px) 100vw, 320px\" \/><\/p>\n","protected":false},"author":1,"featured_media":8073,"comment_status":"open","ping_status":"closed","sticky":false,"template":"","format":"standard","meta":{"colormag_page_container_layout":"default_layout","colormag_page_sidebar_layout":"default_layout","footnotes":""},"categories":[6],"tags":[],"class_list":["post-8074","post","type-post","status-publish","format-standard","has-post-thumbnail","hentry","category-cultura"],"_links":{"self":[{"href":"https:\/\/archivioturi.lavocedelpaese.info\/index.php\/wp-json\/wp\/v2\/posts\/8074","targetHints":{"allow":["GET"]}}],"collection":[{"href":"https:\/\/archivioturi.lavocedelpaese.info\/index.php\/wp-json\/wp\/v2\/posts"}],"about":[{"href":"https:\/\/archivioturi.lavocedelpaese.info\/index.php\/wp-json\/wp\/v2\/types\/post"}],"author":[{"embeddable":true,"href":"https:\/\/archivioturi.lavocedelpaese.info\/index.php\/wp-json\/wp\/v2\/users\/1"}],"replies":[{"embeddable":true,"href":"https:\/\/archivioturi.lavocedelpaese.info\/index.php\/wp-json\/wp\/v2\/comments?post=8074"}],"version-history":[{"count":0,"href":"https:\/\/archivioturi.lavocedelpaese.info\/index.php\/wp-json\/wp\/v2\/posts\/8074\/revisions"}],"wp:featuredmedia":[{"embeddable":true,"href":"https:\/\/archivioturi.lavocedelpaese.info\/index.php\/wp-json\/wp\/v2\/media\/8073"}],"wp:attachment":[{"href":"https:\/\/archivioturi.lavocedelpaese.info\/index.php\/wp-json\/wp\/v2\/media?parent=8074"}],"wp:term":[{"taxonomy":"category","embeddable":true,"href":"https:\/\/archivioturi.lavocedelpaese.info\/index.php\/wp-json\/wp\/v2\/categories?post=8074"},{"taxonomy":"post_tag","embeddable":true,"href":"https:\/\/archivioturi.lavocedelpaese.info\/index.php\/wp-json\/wp\/v2\/tags?post=8074"}],"curies":[{"name":"wp","href":"https:\/\/api.w.org\/{rel}","templated":true}]}}