{"id":8071,"date":"2012-01-31T10:55:52","date_gmt":"2012-01-31T10:55:52","guid":{"rendered":"https:\/\/archivioturi.lavocedelpaese.info\/index.php\/2012\/01\/31\/primarie-no-grazie\/"},"modified":"2012-01-31T10:55:52","modified_gmt":"2012-01-31T10:55:52","slug":"primarie-no-grazie","status":"publish","type":"post","link":"https:\/\/archivioturi.lavocedelpaese.info\/index.php\/2012\/01\/31\/primarie-no-grazie\/","title":{"rendered":"Primarie? No Grazie !!"},"content":{"rendered":"<p style=\"text-align: justify;\">&nbsp;<img loading=\"lazy\" decoding=\"async\" class=\" size-full wp-image-8070\" src=\"https:\/\/archivioturi.lavocedelpaese.info\/wp-content\/uploads\/2012\/01\/costituz.JPG\" width=\"320\" height=\"150\" alt=\"costituz\" style=\"margin-top: 0px; margin-right: 3px; margin-bottom: 0px; margin-left: 3px;\" \/><\/p>\n<p style=\"text-align: justify;\"><strong>Il caldo fine settimana.<\/strong> Durante lo scorso week-end la delegazione del Pd, guidata dal segretario Pietro Risplendente ha incontrato il movimento costituitosi intorno a Franco Mercieri in vista delle future amministrative. Il Pd ha chiesto di accelerare i tempi del confronto per arrivare ad una decisione chiara in pochi giorni.<br \/>La discussione \u00e8 proseguita la domenica seguente si \u00e8 interrotta bruscamente. Mercieri non ha accettato lo strumento delle primarie come proposto dal Partito Democratico, il Pd non ha accolto l\u2019idea di rinunciare al proprio simbolo e alla propria identit\u00e0 confluendo all\u2019interno del movimento. Pare che i toni di voce si siano accesi.<\/p>\n<p style=\"text-align: justify;\"><strong>Impegno per Turi.<\/strong> \u201cAvevamo bisogno di tempo per far digerire al nostro gruppo le primarie \u2013 ci confida Vito Lenato \u2013 e che quelle modalit\u00e0 non andavano bene. Ci hanno detto che il nostro modo di fare faceva perdere tempo e cos\u00ec abbiamo replicato loro che potevano organizzarsi come meglio ritenevano opportuno. Si sono inalberati e sono andati via.\u201d Cosa non andava nelle primarie? \u201cErano primarie chiuse agli elettori di centro-destra e questa cosa non potevamo accettarla anche se nel nostro gruppo la maggioranza \u00e8 di sinistra restiamo un movimento trasversale.\u201d Pare che i problemi siano sorti anche sull\u2019idea del logo-simbolo da utilizzare? \u201cNel primo incontro il simbolo e le primarie non erano un problema ma se ne poteva fare a meno. Poi sono diventati determinati.\u201d Capitolo chiuso e dialogo terminato? \u201cSe ne andarono inalberati ma noi siamo tranquilli. Se vogliono dialogare noi siamo sempre disponibili a farlo\u201d.<\/p>\n<p style=\"text-align: justify;\"><strong>Partito Democratico<\/strong>. Vi siete inalberati? \u201cCertamente. \u2013 conferma ai microfoni il Segretario Risplendente \u2013 Abbiamo intrapreso con Impegno per Turi un dialogo a pi\u00f9 battute. Sabato noi abbiamo consegnato loro il nostro codice etico e abbiamo ricevuto lo Statuto del movimento. Domenica ci siamo rivisti e le porte del dialogo erano state chiuse. Un no secco alle primarie e al riconoscimento del nostro essere un movimento chiamato Partito Democratico.\u201d Le primarie da voi impostate avrebbero spaccato il gruppo Mercieri poich\u00e9 erano precluse agli elettori di centro-destra. Di questo ne eravate consapevoli? \u201cNo per nulla cos\u00ec. Le primarie che noi abbiamo inteso e vogliamo sono quanto pi\u00f9 ampie e aperte possibili. Tuttavia la carica di Sindaco non pu\u00f2 essere ricoperta da chi in questi anni ha governato con questo centro-destra e con questi risultati. Il Pd non pu\u00f2 sostenere un candidato sindaco come la dott.ssa Lenato ad esempio. Inoltre \u2013 aggiunge Risplendente \u2013 la nostra era una bozza che poteva essere discussa e modificata. Non c\u2019\u00e8 stato invece nessun dialogo ma una chiusura netta.\u201d Ma la motivazione dunque qual \u00e8? \u201cPare che lo strumento delle primarie non sia contemplato sul loro statuto, ma una discussione sul tema non c\u2019\u00e8 stata.\u201d<\/p>\n<p style=\"text-align: justify;\"><strong>Le proposte impossibili.<\/strong> Di proposte in questo periodo ne vengono fatte tante. Ne ascoltiamo di tutti i \u201ccolori\u201d. Cene organizzate. Cene per caso. Fugaci pranzi nella citt\u00e0 di Bari. Dialogare per comporre la lista e l\u2019alleanza \u00e8 davvero importante. Cos\u00ec importante che ci si dimentica quanto, a soli 3 mesi dal voto, possa essere ancora pi\u00f9 apprezzabile dialogare con i cittadini e presentare loro dei progetti credibili. Impegno per Turi ha da subito presentato il proprio gruppo come una \u201caggregazione spontanea di alcuni cittadini che, prescindendo dalla loro appartenenza politica &#8230; non pu\u00f2 identificarsi in un simbolo politico di destra o di sinistra che sia\u201d. Se questa \u00e8 da sempre stata la premessa, contrassegnata da una candidatura a Sindaco in pectore e un gruppo trasversale, come mai il Pd abbia potuto pensare al gruppo Mercieri \u201cparte\u201d di una alleanza pi\u00f9 ampia o di area? Forse,&nbsp;come molti sostengono, da Sel ai \u2018Consiglieri di prim\u2019ordine\u2019, a perder tempo \u00e8 stato ed \u00e8 proprio il Pd. Tuttavia anche Impegno per Turi ha bisogno di far chiarezza. In primo luogo come si pu\u00f2 pensare che i Partiti dalla struttura nazionale possano dimenticare il loro essere confluendo silenziosamente in un movimento civico? Se gli incontri erano stati organizzati per un semplice scambio di idee, perch\u00e9 non invitare anche il Pdl o la Pugia Prima di tutto di Resta?<\/p>\n<p style=\"text-align: justify;\"><strong>La forza delle primarie.<\/strong> Le primarie sono sempre state intese come un rischio. Un\u2019incontrollabile idea che pu\u00f2 vanificare i piani precostituiti. Nello scenario attuale potrebbero rappresentare una scelta vincente e obbligata soprattutto per il centro-destra. In primis perch\u00e9 Gigantelli, pur non avendo ancora dichiarato ufficialmente che si far\u00e0 da parte, non potr\u00e0 essere nuovamente il candidato sindaco, a meno che si scelga la via della sconfitta. In secondo luogo il centro-destra, a Turi vasto e forte non \u00e8 mai stato cos\u00ec diviso fra aree, partiti e personalismi. La \u201cguerra\u201d delle primarie potrebbe divenire cos\u00ec la strada obbligata per unire e vincere. Dall\u2019altra parte non si respira aria di guerra ma le primarie potrebbero dare certamente la giusta forza al Candidato Sindaco rappresentando una rampa di lancio per la vittoria finale. Provate ad immaginare le primarie fra Leogrande e Resta cinque anni fa? Sarebbero diventati comunque ottimi amici&#8230;forse in maggioranza.<\/p>\n","protected":false},"excerpt":{"rendered":"<p style=\"text-align: justify;\">&nbsp;<img loading=\"lazy\" decoding=\"async\" class=\" size-full wp-image-8070\" src=\"https:\/\/archivioturi.lavocedelpaese.info\/wp-content\/uploads\/2012\/01\/costituz.JPG\" width=\"320\" height=\"150\" alt=\"costituz\" style=\"margin-top: 0px; margin-right: 3px; margin-bottom: 0px; margin-left: 3px;\" \/><\/p>\n","protected":false},"author":1,"featured_media":8070,"comment_status":"open","ping_status":"closed","sticky":false,"template":"","format":"standard","meta":{"colormag_page_container_layout":"default_layout","colormag_page_sidebar_layout":"default_layout","footnotes":""},"categories":[4],"tags":[],"class_list":["post-8071","post","type-post","status-publish","format-standard","has-post-thumbnail","hentry","category-politica"],"_links":{"self":[{"href":"https:\/\/archivioturi.lavocedelpaese.info\/index.php\/wp-json\/wp\/v2\/posts\/8071","targetHints":{"allow":["GET"]}}],"collection":[{"href":"https:\/\/archivioturi.lavocedelpaese.info\/index.php\/wp-json\/wp\/v2\/posts"}],"about":[{"href":"https:\/\/archivioturi.lavocedelpaese.info\/index.php\/wp-json\/wp\/v2\/types\/post"}],"author":[{"embeddable":true,"href":"https:\/\/archivioturi.lavocedelpaese.info\/index.php\/wp-json\/wp\/v2\/users\/1"}],"replies":[{"embeddable":true,"href":"https:\/\/archivioturi.lavocedelpaese.info\/index.php\/wp-json\/wp\/v2\/comments?post=8071"}],"version-history":[{"count":0,"href":"https:\/\/archivioturi.lavocedelpaese.info\/index.php\/wp-json\/wp\/v2\/posts\/8071\/revisions"}],"wp:featuredmedia":[{"embeddable":true,"href":"https:\/\/archivioturi.lavocedelpaese.info\/index.php\/wp-json\/wp\/v2\/media\/8070"}],"wp:attachment":[{"href":"https:\/\/archivioturi.lavocedelpaese.info\/index.php\/wp-json\/wp\/v2\/media?parent=8071"}],"wp:term":[{"taxonomy":"category","embeddable":true,"href":"https:\/\/archivioturi.lavocedelpaese.info\/index.php\/wp-json\/wp\/v2\/categories?post=8071"},{"taxonomy":"post_tag","embeddable":true,"href":"https:\/\/archivioturi.lavocedelpaese.info\/index.php\/wp-json\/wp\/v2\/tags?post=8071"}],"curies":[{"name":"wp","href":"https:\/\/api.w.org\/{rel}","templated":true}]}}