{"id":8039,"date":"2012-01-31T17:59:07","date_gmt":"2012-01-31T17:59:07","guid":{"rendered":"https:\/\/archivioturi.lavocedelpaese.info\/index.php\/2012\/01\/31\/ho-condiviso-lidea-di-rinnovamento-della-classe-politica\/"},"modified":"2012-01-31T17:59:07","modified_gmt":"2012-01-31T17:59:07","slug":"ho-condiviso-lidea-di-rinnovamento-della-classe-politica","status":"publish","type":"post","link":"https:\/\/archivioturi.lavocedelpaese.info\/index.php\/2012\/01\/31\/ho-condiviso-lidea-di-rinnovamento-della-classe-politica\/","title":{"rendered":"\u201cHo condiviso l\u2019idea di rinnovamento della classe politica\u201d"},"content":{"rendered":"<p style=\"text-align: justify;\">&nbsp;<img loading=\"lazy\" decoding=\"async\" class=\" size-full wp-image-8038\" src=\"https:\/\/archivioturi.lavocedelpaese.info\/wp-content\/uploads\/2012\/01\/Giuliani-D..JPG\" width=\"320\" height=\"150\" alt=\"Giuliani D.\" style=\"margin-top: 0px; margin-right: 3px; margin-bottom: 0px; margin-left: 3px;\" srcset=\"https:\/\/archivioturi.lavocedelpaese.info\/wp-content\/uploads\/2012\/01\/Giuliani-D..JPG 640w, https:\/\/archivioturi.lavocedelpaese.info\/wp-content\/uploads\/2012\/01\/Giuliani-D.-300x141.jpg 300w\" sizes=\"auto, (max-width: 320px) 100vw, 320px\" \/><\/p>\n<p style=\"text-align: justify;\">Questa settimana abbiamo voluto incontrare un membro del movimento civico \u201cImpegno per Turi\u201d: Donato Giuliani. Gi\u00e0 candidato alle scorse elezioni amministrative, Giuliani si affaccia oggi a far parte di un gruppo che si \u201cforma dal volere dei cittadini\u201d e che si prepara ad affrontare la nuova campagna elettorale.<\/p>\n<p style=\"text-align: justify;\">Vediamo in dettaglio i retroscena di questo \u201cpassaggio\u201d politico.<\/p>\n<p style=\"text-align: justify;\">&#8211;&nbsp;&nbsp;&nbsp;&nbsp;&nbsp;&nbsp;&nbsp; <strong>Donato Giuliani: da membro della Margherita, a segretario del PD, a membro del movimento civico \u201cImpegno per Turi\u201d. <\/strong><\/p>\n<p style=\"text-align: justify;\">Ho iniziato la mia esperienza politica con la Margherita, dove ho rivestito l\u2019incarico di Commissario, poi sono eletto Segretario del PD. Il PD \u00e8 rimasto comunque \u201cnel cuore\u201d e continuer\u00f2 a stimare i suoi componenti, ma mi sono allontanato dallo stesso perch\u00e9 non ho condiviso il suo percorso politico.<\/p>\n<p style=\"text-align: justify;\">Mi sono avvicinato a \u201cImpegno per Turi\u201d grazie ad alcuni amici e oggi ne sono parte attiva perch\u00e9 ho apprezzato presto il suo impegno e la forte partecipazione al suo interno di giovani, intervento che si lega subito all\u2019idea di rinnovamento della classe politica che il movimento persegue e che io stesso reputo fondamentale.<\/p>\n<p style=\"text-align: justify;\">&#8211;&nbsp;&nbsp;&nbsp;&nbsp;&nbsp;&nbsp;&nbsp; <strong>Quale sar\u00e0 il suo ruolo nel movimento e come agir\u00e0 per le prossime amministrative?<\/strong><\/p>\n<p style=\"text-align: justify;\">Sin dallo scorso anno, quando ho abbracciato l\u2019idea del movimento civico, ho appoggiato l\u2019idea dello stesso e sino alla fine perseguir\u00f2 l\u2019obiettivo dello stesso. Se poi il gruppo vorr\u00e0 la mia presenza nella lista, non esiter\u00f2 ad apportare il mio contributo. Come mi sono impegnato nella Margherita e nel PD, cos\u00ec dar\u00f2 il mio contributo qui, affinch\u00e8 si raggiungono i comuni obiettivi.<\/p>\n<p style=\"text-align: justify;\">&#8211;&nbsp;&nbsp;&nbsp;&nbsp;&nbsp;&nbsp;&nbsp; <strong>Dopo l\u2019esperienza politica passata, oggi incontra un nuovo percorso politico. Come commenta l\u2019azione del movimento civico, questo \u201ccorso di formazione\u201d alla politica turese e l\u2019impegno del suo leader Franco Mercieri?<\/strong><\/p>\n<p style=\"text-align: justify;\">Non credo che esista l\u2019idea di partiti come si pensava un tempo. Oggi la politica sta modificando il suo modo di rapportarsi al cittadino, e il partito \u00e8 un\u2019idea \u201cvecchia\u201d che va rinnovata e rivista. Parlo sia a livello nazionale, che locale, ma su questo punto vedo maggiore il senso d\u2019inopportunit\u00e0 e di \u201cvecchiaia\u201d rispetto al contesto sociale a differenza di una lista civica che \u00e8 uno spazio in cui tutti possono partecipare senza dotarsi di una tessera e in cui esprimere opinioni e comprendere le azioni migliori da farsi. Condividere problematiche per cercare di comprendere come superarle, \u00e8 questo l\u2019obiettivo di un movimento civico.<\/p>\n<p style=\"text-align: justify;\">&#8211;&nbsp;&nbsp;&nbsp;&nbsp;&nbsp;&nbsp;&nbsp; <strong>Riguardo alla sua professione, immaginiamo un suo impegno politico vicino al mondo agricolo. Per\u00f2 spesso Politica e Agricoltura sono due settori che camminano lungo due strade differenti. Come valuta l\u2019operato dell\u2019Amministrazione Gigantelli a riguardo?<\/strong><\/p>\n<p style=\"text-align: justify;\">In \u201cImpegno per Turi\u201d faccio parte del gruppo delle Attivit\u00e0 Produttive, azione collaterale a quella del settore agricolo.&nbsp; Nonostante questo, posso dire che sicuramente un assessore all\u2019agricoltura non pu\u00f2 fare miracoli<strong>, <\/strong>ma importante \u00e8 saper sfruttare le risorse e le possibilit\u00e0 che un territorio sa offrire. La possibilit\u00e0 di dare alle aziende di creare nuove attivit\u00e0 produttive \u00e8 uno degli obiettivi che deve perseguire un assessore al ramo.<\/p>\n<p style=\"text-align: justify;\">Strutture idonee per formare aziende o servizi che possano accogliere e sviluppare settori legati all\u2019agroalimentare, sarebbero state ideali, ma in quest\u2019amministrazione si \u00e8 lasciato trascorrere molto tempo invano e solo oggi, a pochi mesi dal termine del mandato amministrativo, si parla di una zona PIP. Nonostante questo, non vedo nulla di concreto ancora. Certo, numerosi sono stati i problemi riscontrati per la sua approvazione, ma si \u00e8 perso troppo tempo che poteva essere impiegato in maniera pi\u00f9 fruttuosa.<\/p>\n<p style=\"text-align: justify;\">&#8211;&nbsp;&nbsp;&nbsp;&nbsp;&nbsp;&nbsp;&nbsp; <strong>Nonostante il rispetto che nutre e che ha gi\u00e0 espresso in precedenza, come valuta il lavoro politico del suo ex segretario del PD, Piero Risplendente, come membro dell\u2019opposizione, in questi cinque anni di amministrazione?<\/strong><\/p>\n<p style=\"text-align: justify;\">Per poterlo valutare, bisogna conoscere l\u2019attuale sistema elettorale \u201cmaggioritario\u201d, che permette alla minoranza, anche se molto attiva, poco raggio d\u2019azione, pertanto non pu\u00f2 incidere sulle decisioni pi\u00f9 di tanto, cio\u00e8 niente. Questa posizione marginale, non le permette di avere voce in capitolo, perch\u00e9 alla fine le decisioni le prende la maggioranza, cio\u00e8 l\u2019Amministrazione. Ritengo per\u00f2 che fuori dalla sede comunale si possa fare molto, coinvolgere i cittadini, mettendoli a conoscenza delle disattenzioni dell\u2019Amministrazione, informare la collettivit\u00e0 e coordinare operazioni affinch\u00e9 in sede di consiglio comunale sia portavoce delle problematiche che affliggono la nostra cittadina.<\/p>\n<p style=\"text-align: justify;\">&#8211;&nbsp;&nbsp;&nbsp;&nbsp;&nbsp;&nbsp;&nbsp; <strong>Vuole aggiungere qualcosa?<\/strong><\/p>\n<p style=\"text-align: justify;\">Oggi il comune \u00e8 in grave difficolt\u00e0 e l\u2019attuale amministrazione lascer\u00e0 a noi cittadini tanti problemi che chi si trover\u00e0 a governare, sar\u00e0 in un mare di guai. Un\u2019eredit\u00e0 carica di problematiche come le scuole al collasso, con strutture non idonee a ospitare il crescente numero; la questione dei lavori di fogna bianca, il problema dell\u2019edilizia selvaggia o delle discariche a cielo aperto che corniciano la nostra cittadina e le sue periferie.<\/p>\n<p style=\"text-align: justify;\">Questi e tanti altri sono i punti che il nuovo gruppo politico amministrativo dovr\u00e0 affrontare sin dai primi mesi del suo insediamento e non credo che sar\u00e0 cosa semplice capire come risolverli.<\/p>\n","protected":false},"excerpt":{"rendered":"<p style=\"text-align: justify;\">&nbsp;<img loading=\"lazy\" decoding=\"async\" class=\" size-full wp-image-8038\" src=\"https:\/\/archivioturi.lavocedelpaese.info\/wp-content\/uploads\/2012\/01\/Giuliani-D..JPG\" width=\"320\" height=\"150\" alt=\"Giuliani D.\" style=\"margin-top: 0px; margin-right: 3px; margin-bottom: 0px; margin-left: 3px;\" srcset=\"https:\/\/archivioturi.lavocedelpaese.info\/wp-content\/uploads\/2012\/01\/Giuliani-D..JPG 640w, https:\/\/archivioturi.lavocedelpaese.info\/wp-content\/uploads\/2012\/01\/Giuliani-D.-300x141.jpg 300w\" sizes=\"auto, (max-width: 320px) 100vw, 320px\" \/><\/p>\n","protected":false},"author":1,"featured_media":8038,"comment_status":"open","ping_status":"closed","sticky":false,"template":"","format":"standard","meta":{"colormag_page_container_layout":"default_layout","colormag_page_sidebar_layout":"default_layout","footnotes":""},"categories":[4],"tags":[],"class_list":["post-8039","post","type-post","status-publish","format-standard","has-post-thumbnail","hentry","category-politica"],"_links":{"self":[{"href":"https:\/\/archivioturi.lavocedelpaese.info\/index.php\/wp-json\/wp\/v2\/posts\/8039","targetHints":{"allow":["GET"]}}],"collection":[{"href":"https:\/\/archivioturi.lavocedelpaese.info\/index.php\/wp-json\/wp\/v2\/posts"}],"about":[{"href":"https:\/\/archivioturi.lavocedelpaese.info\/index.php\/wp-json\/wp\/v2\/types\/post"}],"author":[{"embeddable":true,"href":"https:\/\/archivioturi.lavocedelpaese.info\/index.php\/wp-json\/wp\/v2\/users\/1"}],"replies":[{"embeddable":true,"href":"https:\/\/archivioturi.lavocedelpaese.info\/index.php\/wp-json\/wp\/v2\/comments?post=8039"}],"version-history":[{"count":0,"href":"https:\/\/archivioturi.lavocedelpaese.info\/index.php\/wp-json\/wp\/v2\/posts\/8039\/revisions"}],"wp:featuredmedia":[{"embeddable":true,"href":"https:\/\/archivioturi.lavocedelpaese.info\/index.php\/wp-json\/wp\/v2\/media\/8038"}],"wp:attachment":[{"href":"https:\/\/archivioturi.lavocedelpaese.info\/index.php\/wp-json\/wp\/v2\/media?parent=8039"}],"wp:term":[{"taxonomy":"category","embeddable":true,"href":"https:\/\/archivioturi.lavocedelpaese.info\/index.php\/wp-json\/wp\/v2\/categories?post=8039"},{"taxonomy":"post_tag","embeddable":true,"href":"https:\/\/archivioturi.lavocedelpaese.info\/index.php\/wp-json\/wp\/v2\/tags?post=8039"}],"curies":[{"name":"wp","href":"https:\/\/api.w.org\/{rel}","templated":true}]}}