{"id":8031,"date":"2012-01-31T08:16:57","date_gmt":"2012-01-31T08:16:57","guid":{"rendered":"https:\/\/archivioturi.lavocedelpaese.info\/index.php\/2012\/01\/31\/ti-prometto-che-se-vengo-eletto\/"},"modified":"2012-01-31T08:16:57","modified_gmt":"2012-01-31T08:16:57","slug":"ti-prometto-che-se-vengo-eletto","status":"publish","type":"post","link":"https:\/\/archivioturi.lavocedelpaese.info\/index.php\/2012\/01\/31\/ti-prometto-che-se-vengo-eletto\/","title":{"rendered":"Ti prometto che se vengo eletto&#8230;"},"content":{"rendered":"<p>&nbsp;<img loading=\"lazy\" decoding=\"async\" class=\" size-full wp-image-8030\" src=\"https:\/\/archivioturi.lavocedelpaese.info\/wp-content\/uploads\/2012\/01\/italy.png\" width=\"320\" height=\"140\" alt=\"italy\" style=\"margin-top: 0px; margin-right: 3px; margin-bottom: 0px; margin-left: 3px;\" srcset=\"https:\/\/archivioturi.lavocedelpaese.info\/wp-content\/uploads\/2012\/01\/italy.png 640w, https:\/\/archivioturi.lavocedelpaese.info\/wp-content\/uploads\/2012\/01\/italy-300x131.png 300w\" sizes=\"auto, (max-width: 320px) 100vw, 320px\" \/><\/p>\n<p style=\"text-align: justify;\"><strong>Siete pronti a tornare alle urne?<\/strong> Ebbene s\u00ec, \u00e8 gi\u00e0 ora di cercare il certificato elettorale dal cassetto per esercitare il diritto al voto. Il ministero dell\u2019interno ha deciso che le&nbsp;<strong>Elezioni Amministrative si svolgeranno il 6 e 7 maggio 2012<\/strong>&nbsp;con l\u2019eventuale ballottaggio fissato per il 20 maggio, manca solo l\u2019annuncio ufficiale.<\/p>\n<p style=\"text-align: justify;\">Le citt\u00e0 capoluogo dove si andr\u00e0 al voto sono: Alessandria, Asti, Cuneo, Como, Monza, Belluno, Verona, Gorizia, Genova, La Spezia, Parma, Piacenza, Lucca, Pistoia, Frosinone, Rieti, L\u2019Aquila, Isernia, Brindisi, Lecce, Taranto, Trani, Agrigento, Palermo, Trapani, Oristano e Lanusei. Le elezioni provinciali previste nel 2012 a Vicenza, Ancona, Como, Belluno, Genova e La Spezia sono state invece sospese e rinviate in attesa di capire quale sar\u00e0 la sorte di questi enti.<\/p>\n<p style=\"text-align: justify;\">Le regioni con pi\u00f9 comuni al voto saranno: Sicilia, Lombardia, Campania, Calabria, Veneto e Piemonte. Si voter\u00e0 in 28 comuni capoluogo di provincia, quattro dei quali capoluoghi di regione (Palermo, Genova, Catanzaro, L\u2019Aquila). Nel 2012 per i comuni a rinnovo elettivo si applicheranno le riduzioni consiliari del 20 % in base al DL n. 2 del 25\/1\/2010. I comuni al voto saranno 1.006 fra cui la nostra Turi dove si eleggeranno 16 consiglieri e non pi\u00f9 20, 11 di maggioranza e 5 di opposizione, il Sindaco potr\u00e0 nominare massimo 5 assessori anzich\u00e9 7.<\/p>\n","protected":false},"excerpt":{"rendered":"<p>&nbsp;<img loading=\"lazy\" decoding=\"async\" class=\" size-full wp-image-8030\" src=\"https:\/\/archivioturi.lavocedelpaese.info\/wp-content\/uploads\/2012\/01\/italy.png\" width=\"320\" height=\"140\" alt=\"italy\" style=\"margin-top: 0px; margin-right: 3px; margin-bottom: 0px; margin-left: 3px;\" srcset=\"https:\/\/archivioturi.lavocedelpaese.info\/wp-content\/uploads\/2012\/01\/italy.png 640w, https:\/\/archivioturi.lavocedelpaese.info\/wp-content\/uploads\/2012\/01\/italy-300x131.png 300w\" sizes=\"auto, (max-width: 320px) 100vw, 320px\" \/><\/p>\n","protected":false},"author":1,"featured_media":8030,"comment_status":"open","ping_status":"closed","sticky":false,"template":"","format":"standard","meta":{"colormag_page_container_layout":"default_layout","colormag_page_sidebar_layout":"default_layout","footnotes":""},"categories":[4],"tags":[],"class_list":["post-8031","post","type-post","status-publish","format-standard","has-post-thumbnail","hentry","category-politica"],"_links":{"self":[{"href":"https:\/\/archivioturi.lavocedelpaese.info\/index.php\/wp-json\/wp\/v2\/posts\/8031","targetHints":{"allow":["GET"]}}],"collection":[{"href":"https:\/\/archivioturi.lavocedelpaese.info\/index.php\/wp-json\/wp\/v2\/posts"}],"about":[{"href":"https:\/\/archivioturi.lavocedelpaese.info\/index.php\/wp-json\/wp\/v2\/types\/post"}],"author":[{"embeddable":true,"href":"https:\/\/archivioturi.lavocedelpaese.info\/index.php\/wp-json\/wp\/v2\/users\/1"}],"replies":[{"embeddable":true,"href":"https:\/\/archivioturi.lavocedelpaese.info\/index.php\/wp-json\/wp\/v2\/comments?post=8031"}],"version-history":[{"count":0,"href":"https:\/\/archivioturi.lavocedelpaese.info\/index.php\/wp-json\/wp\/v2\/posts\/8031\/revisions"}],"wp:featuredmedia":[{"embeddable":true,"href":"https:\/\/archivioturi.lavocedelpaese.info\/index.php\/wp-json\/wp\/v2\/media\/8030"}],"wp:attachment":[{"href":"https:\/\/archivioturi.lavocedelpaese.info\/index.php\/wp-json\/wp\/v2\/media?parent=8031"}],"wp:term":[{"taxonomy":"category","embeddable":true,"href":"https:\/\/archivioturi.lavocedelpaese.info\/index.php\/wp-json\/wp\/v2\/categories?post=8031"},{"taxonomy":"post_tag","embeddable":true,"href":"https:\/\/archivioturi.lavocedelpaese.info\/index.php\/wp-json\/wp\/v2\/tags?post=8031"}],"curies":[{"name":"wp","href":"https:\/\/api.w.org\/{rel}","templated":true}]}}