{"id":8029,"date":"2012-01-31T07:10:55","date_gmt":"2012-01-31T07:10:55","guid":{"rendered":"https:\/\/archivioturi.lavocedelpaese.info\/index.php\/2012\/01\/31\/il-2-e-il-3-febbraio-il-consiglio-comunale\/"},"modified":"2012-01-31T07:10:55","modified_gmt":"2012-01-31T07:10:55","slug":"il-2-e-il-3-febbraio-il-consiglio-comunale","status":"publish","type":"post","link":"https:\/\/archivioturi.lavocedelpaese.info\/index.php\/2012\/01\/31\/il-2-e-il-3-febbraio-il-consiglio-comunale\/","title":{"rendered":"Il 2 e il 3 febbraio, il Consiglio Comunale"},"content":{"rendered":"<p>&nbsp;<img loading=\"lazy\" decoding=\"async\" class=\" size-full wp-image-7787\" src=\"https:\/\/archivioturi.lavocedelpaese.info\/wp-content\/uploads\/2011\/12\/CC-29-dic.JPG\" width=\"320\" height=\"152\" alt=\"CC 29 dic\" style=\"margin-top: 0px; margin-right: 3px; margin-bottom: 0px; margin-left: 3px;\" srcset=\"https:\/\/archivioturi.lavocedelpaese.info\/wp-content\/uploads\/2011\/12\/CC-29-dic.JPG 640w, https:\/\/archivioturi.lavocedelpaese.info\/wp-content\/uploads\/2011\/12\/CC-29-dic-300x143.jpg 300w\" sizes=\"auto, (max-width: 320px) 100vw, 320px\" \/><\/p>\n<p style=\"text-align: justify;\"><span style=\"font-size: 8pt;\">(Foto: &#8230;. dall&#8217;ultimo consiglio comunale)<\/span><\/p>\n<p style=\"text-align: justify;\">Il Consiglio Comunale \u00e8 convocato, in sessione straordinaria, gioved\u00ec 02 febbraio 2012, alle ore 15,00 in prima convocazione, e alla stessa ora di venerd\u00ec 03 febbraio 2012, in seconda convocazione, per trattare di:<\/p>\n<p style=\"text-align: justify;\">Piano Urbanistico Generale del Comune di Turi. Esame e risposta alle osservazioni.<\/p>\n<p style=\"text-align: justify;\">Determinazione oneri concessori. lndividuazione costo di costruzione.<\/p>\n<p style=\"text-align: justify;\">Progetto di sistemazione della Lama Giotta. Estensione del vincolo preordinato all&#8217;esproprio.<\/p>\n<p style=\"text-align: justify;\">Riconoscimento debito fuori bilancio derivante dalla sentenza n.165\/2007 della Commissione Tributari Provinciale.<\/p>\n<p style=\"text-align: justify;\">Modifiche al Regolamento approvato con D.C.C. n.27 del 15-04 \u00b72008 istitutivo del<em> &#8220;Premlo <\/em><em>Nazionale <\/em><em>per <\/em><em>lo Sport <\/em><em>&#8216;Oronzo <\/em><em>Pugliese&#8217;.&#8221;<\/em><\/p>\n<p style=\"text-align: center;\"><strong><em>Sindaco almeno questa volta dica di s\u00ec&#8230;<\/em><\/strong><\/p>\n<p style=\"text-align: center;\">&nbsp; &nbsp; &nbsp; &nbsp; &nbsp; &nbsp; &nbsp; &nbsp; &nbsp; &nbsp; &nbsp; &nbsp; &nbsp; &nbsp; &nbsp; &nbsp; &nbsp; &nbsp; &nbsp; &nbsp; &nbsp; &nbsp; &nbsp; &nbsp; &nbsp; &nbsp; &nbsp; &nbsp; &nbsp; &nbsp; &nbsp; &nbsp; &nbsp; &nbsp; &nbsp; &nbsp; &nbsp; &nbsp; &nbsp; &nbsp; &nbsp; &nbsp; &nbsp; &nbsp; &nbsp; &nbsp; &nbsp; &nbsp; &nbsp; &nbsp; &nbsp; &nbsp; &nbsp; &nbsp; &nbsp; &nbsp; &nbsp; &nbsp; &nbsp; &nbsp; &nbsp; &nbsp; &nbsp; &nbsp; &nbsp; &nbsp;&#8230;o se non altro ci risponda.<br \/>Le avevamo proposto di poter trasmettere gratuitamente i Consigli Comunali in diretta streaming e lei con tutto il Consiglio ci avete beatamente ignorato.<br \/>Sono apparse in Consiglio Comunale tre telecamerine costate oltre 100mila euro per registrare i Consigli Comunali e non vengono utilizzate n\u00e9 nessun consigliere si \u00e8 mai posto il problema.<br \/>Almeno questa volta, che in Consiglio Comunale approda in via definitiva il Pug, permetta a tutti i turesi di poter assistere ai lavori consiliari.<br \/>Le chiediamo nuovamente di poter registrare e trasmettere almeno la seduta consiliare del 2e3 febbraio.<\/p>\n<p style=\"text-align: center;\"><strong><em><br \/><\/em><\/strong><\/p>\n","protected":false},"excerpt":{"rendered":"<p>&nbsp;<img loading=\"lazy\" decoding=\"async\" class=\" size-full wp-image-7787\" src=\"https:\/\/archivioturi.lavocedelpaese.info\/wp-content\/uploads\/2011\/12\/CC-29-dic.JPG\" width=\"320\" height=\"152\" alt=\"CC 29 dic\" style=\"margin-top: 0px; margin-right: 3px; margin-bottom: 0px; margin-left: 3px;\" srcset=\"https:\/\/archivioturi.lavocedelpaese.info\/wp-content\/uploads\/2011\/12\/CC-29-dic.JPG 640w, https:\/\/archivioturi.lavocedelpaese.info\/wp-content\/uploads\/2011\/12\/CC-29-dic-300x143.jpg 300w\" sizes=\"auto, (max-width: 320px) 100vw, 320px\" \/><\/p>\n","protected":false},"author":1,"featured_media":7787,"comment_status":"open","ping_status":"closed","sticky":false,"template":"","format":"standard","meta":{"colormag_page_container_layout":"default_layout","colormag_page_sidebar_layout":"default_layout","footnotes":""},"categories":[4],"tags":[],"class_list":["post-8029","post","type-post","status-publish","format-standard","has-post-thumbnail","hentry","category-politica"],"_links":{"self":[{"href":"https:\/\/archivioturi.lavocedelpaese.info\/index.php\/wp-json\/wp\/v2\/posts\/8029","targetHints":{"allow":["GET"]}}],"collection":[{"href":"https:\/\/archivioturi.lavocedelpaese.info\/index.php\/wp-json\/wp\/v2\/posts"}],"about":[{"href":"https:\/\/archivioturi.lavocedelpaese.info\/index.php\/wp-json\/wp\/v2\/types\/post"}],"author":[{"embeddable":true,"href":"https:\/\/archivioturi.lavocedelpaese.info\/index.php\/wp-json\/wp\/v2\/users\/1"}],"replies":[{"embeddable":true,"href":"https:\/\/archivioturi.lavocedelpaese.info\/index.php\/wp-json\/wp\/v2\/comments?post=8029"}],"version-history":[{"count":0,"href":"https:\/\/archivioturi.lavocedelpaese.info\/index.php\/wp-json\/wp\/v2\/posts\/8029\/revisions"}],"wp:featuredmedia":[{"embeddable":true,"href":"https:\/\/archivioturi.lavocedelpaese.info\/index.php\/wp-json\/wp\/v2\/media\/7787"}],"wp:attachment":[{"href":"https:\/\/archivioturi.lavocedelpaese.info\/index.php\/wp-json\/wp\/v2\/media?parent=8029"}],"wp:term":[{"taxonomy":"category","embeddable":true,"href":"https:\/\/archivioturi.lavocedelpaese.info\/index.php\/wp-json\/wp\/v2\/categories?post=8029"},{"taxonomy":"post_tag","embeddable":true,"href":"https:\/\/archivioturi.lavocedelpaese.info\/index.php\/wp-json\/wp\/v2\/tags?post=8029"}],"curies":[{"name":"wp","href":"https:\/\/api.w.org\/{rel}","templated":true}]}}