{"id":8028,"date":"2012-01-31T07:09:07","date_gmt":"2012-01-31T07:09:07","guid":{"rendered":"https:\/\/archivioturi.lavocedelpaese.info\/index.php\/2012\/01\/31\/casa-di-reclusione-situazione-positiva-per-la-ugl\/"},"modified":"2012-01-31T07:09:07","modified_gmt":"2012-01-31T07:09:07","slug":"casa-di-reclusione-situazione-positiva-per-la-ugl","status":"publish","type":"post","link":"https:\/\/archivioturi.lavocedelpaese.info\/index.php\/2012\/01\/31\/casa-di-reclusione-situazione-positiva-per-la-ugl\/","title":{"rendered":"Casa di reclusione: situazione positiva per la UGL"},"content":{"rendered":"<p style=\"text-align: justify;\"><img loading=\"lazy\" decoding=\"async\" class=\" size-full wp-image-8027\" src=\"https:\/\/archivioturi.lavocedelpaese.info\/wp-content\/uploads\/2012\/01\/polizia-penitenziaria.JPG\" width=\"320\" height=\"150\" alt=\"polizia penitenziaria\" style=\"margin-top: 0px; margin-right: 3px; margin-bottom: 0px; margin-left: 3px;\" srcset=\"https:\/\/archivioturi.lavocedelpaese.info\/wp-content\/uploads\/2012\/01\/polizia-penitenziaria.JPG 640w, https:\/\/archivioturi.lavocedelpaese.info\/wp-content\/uploads\/2012\/01\/polizia-penitenziaria-300x141.jpg 300w\" sizes=\"auto, (max-width: 320px) 100vw, 320px\" \/><\/p>\n<p style=\"text-align: justify;\">Turi &#8211; Si \u00e8 conclusa nella tarda mattinata del 25 gannaio la visita sui luoghi di lavoro della delegazione dell\u2019UGL-Polizia Penitenziaria composta dal Segr. Reg. aggiunto, dott. Vincenzo Lamonaca, dal segr. prov.le, dott. Matteo Padovano, e dal delegato locale, Francesco Cardetta.<strong><\/strong><\/p>\n<p style=\"text-align: justify;\">Durante la visita, la delegazione dell\u2019UGL-Polizia Penitenziaria accompagnata dalla neo-Comandante del Reparto, comm. dott.ssa Graziana Laricchiuta, ha potuto apprezzare gli sforzi profusi dalla locale direzione e dal nuovo funzionario di Polizia Penitenziaria per cercare di ridurre le tensioni lavorative, creando un clima sereno tra il personale lavorativo. Siamo convinti che altrettanto significativo sar\u00e0 il contributo della dott.ssa Laricchiuta alla revisione dell\u2019organizzazione del lavoro dell\u2019Istituto. \u201cil livello strutturale interno \u00e8 risultato molto positivo e igienicamente ben curato\u201d \u2013 ha commenato all\u2019uscita dalla visita nel carcere il dott. Lamonaca, che non ha mancato di aggiungere il serio problema che si affaccia con il turnover del personale che andr\u00e0 in pensione.<\/p>\n<p style=\"text-align: justify;\">Questo aspetto, aggiunge il dottore, si unisce al serio dramma del sovraffollamento delle carceri e che interessa Turi come l\u2019intera regione. Turi \u201cha una popolazione detenuta pari a 180 per una capienza regolamentare pari a 110, e quindi un indice di sovrappopolamento pari ad oltre il 160% (significativo, ma non certo comparabile al 190% di Lecce, o al 210% di Taranto\u2026), con ovvi riflessi sui carichi di lavoro dei colleghi e sulle attivit\u00e0 di sezione e del connesso nucleo traduzioni\u201d.<\/p>\n<p style=\"text-align: justify;\">\u201cSebbene dall\u2019esterno la struttura lasci un po\u2019 a desiderare, &#8211; rinforza l\u2019UGL &#8211; siamo rimasti piacevolmente sorpresi dall\u2019igiene e dalla pulizia dei luoghi di lavoro e dalla conservazione degli interni dell\u2019istituto. La cappella interna \u00e8 molto bella e ben curata. Va il nostro merito ai \u201clavoranti\u201d.<\/p>\n<p style=\"text-align: justify;\">Ovviamente, la storicit\u00e0 della casa reclusione non pu\u00f2 che creare problemi nella gestione delle manutenzioni necessarie, specie quelle di natura straordinaria, per le quali, al pari della Casa Reclusione di Trani, \u00e8 necessario interfacciarsi con la competente Soprintendenza ai Beni Architettonici. <strong>Si \u00e8 parlato a Turi della costruzione del nuovo Carcere. Voi cosa ne pensate?<\/strong> \u201c\u00c8 difficile\u201d &#8211; commenta il dott. Lamonaca. \u201cPosso aggiungere che \u00e8 cambiato il responsabile, e il nuovo commissario straordinario per l\u2019edilizia penitenziaria, Sinesio, che ha sostituito il precedente, Ionta, dovr\u00e0 valutare le varie situazioni e bisogner\u00e0 capire come vorr\u00e0 operare in merito. Comunque \u00e8 stata presa in considerazione una struttura a Carbonara, stiamo aspettando il responso\u201d.<\/p>\n<p style=\"text-align: justify;\">Al Direttore della Casa Reclusione di Turi, dott.ssa Maria Teresa Susca, sono stati descritti gli interventi che l\u2019UGL-Polizia Penitenziaria ritiene indispensabili apportare alla struttura, a tutela del personale come il muro di cinta, i dispositivi anti-fumo, le infiltrazioni d\u2019acqua, operare le verifiche di staticit\u00e0 della struttura.<\/p>\n<p style=\"text-align: justify;\">\u201cAbbiamo riscontrato la necessit\u00e0 di una razionalizzazione della gestione delle problematiche sanitarie dell\u2019utenza, che si riverberano sul lavoro svolto dagli uomini addetti alle traduzioni, in termini di movimentazioni, sproporzionate rispetto al numero di unit\u00e0 in forza al locale Nucleo Traduzioni. Infatti, le movimentazioni dell\u2019utenza per motivi sanitari potrebbero essere drasticamente ridotte se invece di spostare il paziente-detenuto, con ovvi rischi per la sicurezza sul territorio e dispendio di risorse, umane, strumentali e finanziarie, fosse lo specialista a recarsi in carcere, magari concentrando le visite non urgenti di quella specializzazione in un giorno ad hoc\u201d.<\/p>\n<p style=\"text-align: justify;\">L\u2019UGL-Polizia Penitenziaria \u00e8 convinta che in tempi di crisi economica profonda, come quelli che stiamo attraversando, vada richiesta alla competente ASL\/BA, che ora gestisce anche la sanit\u00e0 penitenziaria degli istituti carcerari della provincia di Bari, uno sforzo in termini di maggiore managerialit\u00e0, prestando collaborazione all\u2019Amministrazione Penitenziaria, senza arroccarsi in inutili e sterili posizioni particolaristiche. \u201cAuspichiamo, quindi, da parte della Direzione Generale della ASL\/BA il giusto segnale di attenzione, affinch\u00e8 i sacrifici, che i contribuenti stanno affrontando per migliorare i conti pubblici, non siano vani\u201d.<\/p>\n","protected":false},"excerpt":{"rendered":"<p style=\"text-align: justify;\"><img loading=\"lazy\" decoding=\"async\" class=\" size-full wp-image-8027\" src=\"https:\/\/archivioturi.lavocedelpaese.info\/wp-content\/uploads\/2012\/01\/polizia-penitenziaria.JPG\" width=\"320\" height=\"150\" alt=\"polizia penitenziaria\" style=\"margin-top: 0px; margin-right: 3px; margin-bottom: 0px; margin-left: 3px;\" srcset=\"https:\/\/archivioturi.lavocedelpaese.info\/wp-content\/uploads\/2012\/01\/polizia-penitenziaria.JPG 640w, https:\/\/archivioturi.lavocedelpaese.info\/wp-content\/uploads\/2012\/01\/polizia-penitenziaria-300x141.jpg 300w\" sizes=\"auto, (max-width: 320px) 100vw, 320px\" \/><\/p>\n","protected":false},"author":1,"featured_media":8027,"comment_status":"open","ping_status":"closed","sticky":false,"template":"","format":"standard","meta":{"colormag_page_container_layout":"default_layout","colormag_page_sidebar_layout":"default_layout","footnotes":""},"categories":[7],"tags":[],"class_list":["post-8028","post","type-post","status-publish","format-standard","has-post-thumbnail","hentry","category-attualita"],"_links":{"self":[{"href":"https:\/\/archivioturi.lavocedelpaese.info\/index.php\/wp-json\/wp\/v2\/posts\/8028","targetHints":{"allow":["GET"]}}],"collection":[{"href":"https:\/\/archivioturi.lavocedelpaese.info\/index.php\/wp-json\/wp\/v2\/posts"}],"about":[{"href":"https:\/\/archivioturi.lavocedelpaese.info\/index.php\/wp-json\/wp\/v2\/types\/post"}],"author":[{"embeddable":true,"href":"https:\/\/archivioturi.lavocedelpaese.info\/index.php\/wp-json\/wp\/v2\/users\/1"}],"replies":[{"embeddable":true,"href":"https:\/\/archivioturi.lavocedelpaese.info\/index.php\/wp-json\/wp\/v2\/comments?post=8028"}],"version-history":[{"count":0,"href":"https:\/\/archivioturi.lavocedelpaese.info\/index.php\/wp-json\/wp\/v2\/posts\/8028\/revisions"}],"wp:featuredmedia":[{"embeddable":true,"href":"https:\/\/archivioturi.lavocedelpaese.info\/index.php\/wp-json\/wp\/v2\/media\/8027"}],"wp:attachment":[{"href":"https:\/\/archivioturi.lavocedelpaese.info\/index.php\/wp-json\/wp\/v2\/media?parent=8028"}],"wp:term":[{"taxonomy":"category","embeddable":true,"href":"https:\/\/archivioturi.lavocedelpaese.info\/index.php\/wp-json\/wp\/v2\/categories?post=8028"},{"taxonomy":"post_tag","embeddable":true,"href":"https:\/\/archivioturi.lavocedelpaese.info\/index.php\/wp-json\/wp\/v2\/tags?post=8028"}],"curies":[{"name":"wp","href":"https:\/\/api.w.org\/{rel}","templated":true}]}}