{"id":7951,"date":"2012-01-18T18:46:26","date_gmt":"2012-01-18T18:46:26","guid":{"rendered":"https:\/\/archivioturi.lavocedelpaese.info\/index.php\/2012\/01\/18\/disertata-la-mostra-di-lorenzo-gassi\/"},"modified":"2012-01-18T18:46:26","modified_gmt":"2012-01-18T18:46:26","slug":"disertata-la-mostra-di-lorenzo-gassi","status":"publish","type":"post","link":"https:\/\/archivioturi.lavocedelpaese.info\/index.php\/2012\/01\/18\/disertata-la-mostra-di-lorenzo-gassi\/","title":{"rendered":"Disertata la mostra di Lorenzo Gassi"},"content":{"rendered":"<p style=\"text-align: justify;\"><img loading=\"lazy\" decoding=\"async\" class=\" size-full wp-image-7736\" src=\"https:\/\/archivioturi.lavocedelpaese.info\/wp-content\/uploads\/2011\/12\/Gassi-L.4.JPG\" width=\"320\" height=\"151\" alt=\"Gassi L.4\" style=\"margin-top: 0px; margin-right: 3px; margin-bottom: 0px; margin-left: 3px;\" srcset=\"https:\/\/archivioturi.lavocedelpaese.info\/wp-content\/uploads\/2011\/12\/Gassi-L.4.JPG 640w, https:\/\/archivioturi.lavocedelpaese.info\/wp-content\/uploads\/2011\/12\/Gassi-L.4-300x141.jpg 300w\" sizes=\"auto, (max-width: 320px) 100vw, 320px\" \/><\/p>\n<p style=\"text-align: justify;\">Turi &#8211;&nbsp;Si \u00e8 conclusa l\u20198 gennaio, la mostra \u201cSentieri di luce\u201d a cura dell\u2019artista Lorenzo Gassi.<\/p>\n<p style=\"text-align: justify;\">Data la scarsa partecipazione all\u2019evento da parte della cittadinanza turese, il nostro artista ha cercato di spiegarne i motivi.<\/p>\n<p style=\"text-align: justify;\"><strong>Secondo lei, a cosa \u00e8 dovuto un tale disinteresse? <\/strong><\/p>\n<p style=\"text-align: justify;\">\u201cAbbiamo avuto un Natale freddo; il clima poco complice, non ha dato la possibilit\u00e0 alla gente di muoversi con facilit\u00e0 cosicch\u00e9 non abituata a fare shopping \u00e8 rimasta in casa o negli ipermercati, disertando il centro, la piazza.<\/p>\n<p style=\"text-align: justify;\">Ho, quindi, notato poca affluenza. Il corso \u00e8 sempre stato vuoto.<\/p>\n<p style=\"text-align: justify;\">Per quanto riguarda la mostra sono stati rispettati orari, progetti didattici, input per il rilancio della cultura a Turi.<\/p>\n<p style=\"text-align: justify;\">Ho offerto un\u2019attrazione culturale e formativa senza chiedere nulla al Comune o alla cittadinanza, tutto a mie spese.<\/p>\n<p style=\"text-align: justify;\">La mostra \u00e8 stata pubblicizzata sui giornali locali e sui siti web.<\/p>\n<p style=\"text-align: justify;\">Non \u00e8 passata inosservata.<\/p>\n<p style=\"text-align: justify;\">A livello informativo non ci sono state mancanze. C\u2019\u00e8 stato solo disinteresse da parte dei cittadini turesi. L\u2019ho organizzata togliendo spazio alla famiglia perch\u00e9 mi \u00e8 stato chiesto di farlo da turesi e non, dopo la premiazione ricevuta a Barletta.<\/p>\n<p style=\"text-align: justify;\">C\u2019era chi voleva vedere le mie opere.<\/p>\n<p style=\"text-align: justify;\">I forestieri sono venuti, i turesi no. Provo una grande delusione. La gente pensa che andare ad una mostra significa necessariamente comprare un quadro. Ci\u00f2 non \u00e8 il mio punto di vista. \u2019Esposizione\u2018 \u00e8 per me \u2018esporre\u2019, dare un\u2019occasione culturale per osservare uno stile, la pittura.<\/p>\n<p style=\"text-align: justify;\">Ritengo che ci\u00f2 sia avvenuto anche perch\u00e9 la cultura sta attraversando un periodo critico.<\/p>\n<p style=\"text-align: justify;\">Noi siamo un popolo che ha come principale risorsa l\u2019arte e la cultura. La storia dell\u2019arte ci insegna che tanti artisti famosi sono stati accolti in altri paesi pi\u00f9 che nella loro terra, al sud come al centro o al nord.<\/p>\n<p style=\"text-align: justify;\">Con i festeggiamenti dei 150 anni dell\u2019Unit\u00e0 d\u2019Italia si sono attivati diversi circuiti istituzionali per far capire l\u2019importanza di questa ricorrenza.<\/p>\n<p style=\"text-align: justify;\">Ho ricevuto anche il \u2019Premio 150 anni dell\u2019Unit\u00e0 d\u2019Italia\u2019 ritirato presso la sede di Palazzo Barberini a Roma, ma non ho visto interesse per questo a Turi. Eppure mi sono presentato come cittadino di Turi. Turi partecipa a degli eventi solo se c\u2019\u00e8 la chiesa o il politico di mezzo. Pare che tutto il resto non esista. Le associazioni dovrebbero attivarsi di pi\u00f9 per creare eventi.\u201d.<\/p>\n<p style=\"text-align: justify;\"><strong>Cosa pensa del presepe vivente?<\/strong> <strong>Le associazioni sotto la regia della Pro loco hanno organizzato un evento che ha avuto una ricca affluenza.<\/strong><\/p>\n<p style=\"text-align: justify;\">\u201c\u00c9 stata un\u2019iniziativa lodevole e coraggiosa nella sua complessit\u00e0 organizzativa.<\/p>\n<p style=\"text-align: justify;\">Tuttavia penso che anche in questa occasione le varie associazioni abbiamo perso l\u2019occasione di farsi conoscere attraverso un dislocamento itinerante nel centro storico.<\/p>\n<p style=\"text-align: justify;\">Bisognava creare un percorso alternativo per raccogliere fondi, ad esempio, vendendo prodotti tipici, enogastronomici e artigianali; ogni associazione doveva presentarsi e presentare i propri progetti.\u201d<\/p>\n<p style=\"text-align: justify;\"><strong>Vuole ringraziare qualcuno?<\/strong><\/p>\n<p style=\"text-align: justify;\">\u201cRingrazio il sindaco Gigantelli, l\u2019assessore Cazzetta, gli unici due amministratori del governo turese che si siano presentati alla mostra nonostante io abbia esteso l\u2019invito anche ad altre autorit\u00e0.<\/p>\n<p style=\"text-align: justify;\">Un personale e dovuto ringraziamento va al signor Andrea Di Pinto che dando la disponibilit\u00e0 dei locali di sua propriet\u00e0 in via Sedile, mi ha dato la possibilit\u00e0 di realizzare questo evento.\u201d<\/p>\n","protected":false},"excerpt":{"rendered":"<p style=\"text-align: justify;\"><img loading=\"lazy\" decoding=\"async\" class=\" size-full wp-image-7736\" src=\"https:\/\/archivioturi.lavocedelpaese.info\/wp-content\/uploads\/2011\/12\/Gassi-L.4.JPG\" width=\"320\" height=\"151\" alt=\"Gassi L.4\" style=\"margin-top: 0px; margin-right: 3px; margin-bottom: 0px; margin-left: 3px;\" srcset=\"https:\/\/archivioturi.lavocedelpaese.info\/wp-content\/uploads\/2011\/12\/Gassi-L.4.JPG 640w, https:\/\/archivioturi.lavocedelpaese.info\/wp-content\/uploads\/2011\/12\/Gassi-L.4-300x141.jpg 300w\" sizes=\"auto, (max-width: 320px) 100vw, 320px\" \/><\/p>\n","protected":false},"author":1,"featured_media":7736,"comment_status":"open","ping_status":"closed","sticky":false,"template":"","format":"standard","meta":{"colormag_page_container_layout":"default_layout","colormag_page_sidebar_layout":"default_layout","footnotes":""},"categories":[7],"tags":[],"class_list":["post-7951","post","type-post","status-publish","format-standard","has-post-thumbnail","hentry","category-attualita"],"_links":{"self":[{"href":"https:\/\/archivioturi.lavocedelpaese.info\/index.php\/wp-json\/wp\/v2\/posts\/7951","targetHints":{"allow":["GET"]}}],"collection":[{"href":"https:\/\/archivioturi.lavocedelpaese.info\/index.php\/wp-json\/wp\/v2\/posts"}],"about":[{"href":"https:\/\/archivioturi.lavocedelpaese.info\/index.php\/wp-json\/wp\/v2\/types\/post"}],"author":[{"embeddable":true,"href":"https:\/\/archivioturi.lavocedelpaese.info\/index.php\/wp-json\/wp\/v2\/users\/1"}],"replies":[{"embeddable":true,"href":"https:\/\/archivioturi.lavocedelpaese.info\/index.php\/wp-json\/wp\/v2\/comments?post=7951"}],"version-history":[{"count":0,"href":"https:\/\/archivioturi.lavocedelpaese.info\/index.php\/wp-json\/wp\/v2\/posts\/7951\/revisions"}],"wp:featuredmedia":[{"embeddable":true,"href":"https:\/\/archivioturi.lavocedelpaese.info\/index.php\/wp-json\/wp\/v2\/media\/7736"}],"wp:attachment":[{"href":"https:\/\/archivioturi.lavocedelpaese.info\/index.php\/wp-json\/wp\/v2\/media?parent=7951"}],"wp:term":[{"taxonomy":"category","embeddable":true,"href":"https:\/\/archivioturi.lavocedelpaese.info\/index.php\/wp-json\/wp\/v2\/categories?post=7951"},{"taxonomy":"post_tag","embeddable":true,"href":"https:\/\/archivioturi.lavocedelpaese.info\/index.php\/wp-json\/wp\/v2\/tags?post=7951"}],"curies":[{"name":"wp","href":"https:\/\/api.w.org\/{rel}","templated":true}]}}