{"id":7950,"date":"2012-01-16T19:39:41","date_gmt":"2012-01-16T19:39:41","guid":{"rendered":"https:\/\/archivioturi.lavocedelpaese.info\/index.php\/2012\/01\/16\/parte-il-progetto-bandeapart\/"},"modified":"2012-01-16T19:39:41","modified_gmt":"2012-01-16T19:39:41","slug":"parte-il-progetto-bandeapart","status":"publish","type":"post","link":"https:\/\/archivioturi.lavocedelpaese.info\/index.php\/2012\/01\/16\/parte-il-progetto-bandeapart\/","title":{"rendered":"Parte il progetto \u201cBande\u00e0part\u201d"},"content":{"rendered":"<p style=\"text-align: justify;\"><img loading=\"lazy\" decoding=\"async\" class=\" size-full wp-image-7947\" style=\"margin-top: 0px; margin-right: 3px; margin-bottom: 0px; margin-left: 3px;\" src=\"https:\/\/archivioturi.lavocedelpaese.info\/wp-content\/uploads\/2012\/01\/DSCN0752.JPG\" alt=\"DSCN0752\" width=\"320\" height=\"150\" srcset=\"https:\/\/archivioturi.lavocedelpaese.info\/wp-content\/uploads\/2012\/01\/DSCN0752.JPG 640w, https:\/\/archivioturi.lavocedelpaese.info\/wp-content\/uploads\/2012\/01\/DSCN0752-300x141.jpg 300w\" sizes=\"auto, (max-width: 320px) 100vw, 320px\" \/><\/p>\n<p style=\"text-align: justify;\"><img loading=\"lazy\" decoding=\"async\" class=\" alignright size-full wp-image-7948\" style=\"margin-top: 10px; margin-right: 0px; margin-bottom: 10px; margin-left: 10px; float: right;\" src=\"https:\/\/archivioturi.lavocedelpaese.info\/wp-content\/uploads\/2012\/01\/DSCN0753.JPG\" alt=\"DSCN0753\" width=\"410\" height=\"308\" srcset=\"https:\/\/archivioturi.lavocedelpaese.info\/wp-content\/uploads\/2012\/01\/DSCN0753.JPG 640w, https:\/\/archivioturi.lavocedelpaese.info\/wp-content\/uploads\/2012\/01\/DSCN0753-300x225.jpg 300w\" sizes=\"auto, (max-width: 410px) 100vw, 410px\" \/><strong style=\"text-align: justify;\">Turi &#8211;&nbsp;<\/strong><strong>Sono stati inaugurati, gioved\u00ec 12 gennaio, i laboratori urbani di Gioia del Colle e Turi<\/strong><strong>, <\/strong>denominati <strong>\u201c<strong>Bande\u00e0part<\/strong>\u201d<\/strong> e gestiti dal&nbsp;\u201c<strong>Teatro Kismet OperA\u201d<\/strong>&nbsp;nell\u2019ambito del piano <strong>\u201c<\/strong><strong>Bollenti<\/strong><strong> <\/strong><strong>Spiriti<\/strong><strong>\u201d<\/strong> della Regione Puglia.<\/p>\n<div>\n<p style=\"text-align: justify;\">L\u2019appuntamento turese si \u00e8 tenuto presso il Chiostro dei Francescani, struttura che gi\u00e0 da tempo i nostri amministratori volevano adibire a contenitore culturale e che \u00e8 stato restaurato per l\u2019occasione. \u201c <strong>\u2018Bollenti Spiriti\u2019 <\/strong>si basa sulla concezione che i giovani non vanno visti come disagio ma come risorsa per lo sviluppo. L\u2019arte viene legata alla cultura e all\u2019economia- \u00e8 intervenuto Roberto Covolo- \u201cAbbiamo chiesto a 150 comuni della Puglia uno spazio. Noi diamo lo start up per questa impresa culturale ma fondamentale per proseguire in questo piano quinquennale \u00e8 il sostegno della comunit\u00e0.\u201d<\/p>\n<p style=\"text-align: justify;\"><strong>Le autorit\u00e0 presenti:<\/strong> <strong>Roberto Covolo<\/strong>&nbsp;&#8211; Staff Bollenti Spiriti Regione Puglia,<br \/> <strong>Vincenzo Gigantelli<\/strong>&nbsp;&#8211; Sindaco Comune di Turi, Marzano-&nbsp; Commissario prefettizio Comune di Gioia del Colle,<br \/> <strong>Gianfranco D\u2019Autilia<\/strong>&nbsp;&#8211; Assessore ai servizi sociali comune di Turi, <strong>&nbsp;Augusto Masiello<\/strong>&nbsp;&#8211; Presidente Kismet Opera e Vincenzo Cipriano -Vicepresidente Kismet Opera.<\/p>\n<p style=\"text-align: justify;\">Il sindaco Gigantelli ha sottolineato come con questa ampia progettualit\u00e0 socio-culturale i giovani vengano messi al centro \u201dCi\u00f2 costituisce una novit\u00e0 culturale per il nostro Comune nell\u2019ambito dei servizi sociali. Verranno coinvolte tutte le arti con un linguaggio nuovo. Per offrire questo servizio alla collettivit\u00e0, ci siamo affidati alla competenza del Kismet. Turi opera gi\u00e0 con gli altri comuni d\u2019ambito per creare altre reti urbane. Vogliamo rivitalizzare il tessuto urbano.\u201d<strong><br \/><\/strong><img loading=\"lazy\" decoding=\"async\" class=\" alignleft size-full wp-image-7949\" style=\"margin-top: 10px; margin-right: 10px; margin-bottom: 10px; margin-left: 0px; float: left;\" src=\"https:\/\/archivioturi.lavocedelpaese.info\/wp-content\/uploads\/2012\/01\/DSCN0760.JPG\" alt=\"DSCN0760\" width=\"410\" height=\"308\" srcset=\"https:\/\/archivioturi.lavocedelpaese.info\/wp-content\/uploads\/2012\/01\/DSCN0760.JPG 640w, https:\/\/archivioturi.lavocedelpaese.info\/wp-content\/uploads\/2012\/01\/DSCN0760-300x225.jpg 300w\" sizes=\"auto, (max-width: 410px) 100vw, 410px\" \/><strong>Dopo il taglio del nastro, Gianni Risola in arte Otto Punzer ci ha regalato una sua divertente esibizione facendoci immergere in quello che sar\u00e0 il clima di questo percorso<\/strong>.<\/p>\n<p style=\"text-align: justify;\">Sono state illustrate tutte le <strong>attivit\u00e0 previste dal progetto<\/strong>&nbsp;e proposto un avviso pubblico di partecipazione allo stesso, consultabile sul sito <a href=\"http:\/\/www.motoredellearti.it\/\" target=\"_blank\" rel=\"noopener\">www.motoredellearti.it<\/a> ,da parte di tutte le associazioni presenti sul territorio di Turi che vogliano presentare le proprie proposte artistiche.<\/p>\n<p style=\"text-align: justify;\">L\u2019obiettivo di \u201cBande\u00e0part\u201d \u00e8 favorire, all\u2019interno di una prolifica rete culturale, la crescita sociale ed artistica, attraverso la sperimentazione e l\u2019innovazione, favorendo incontri, creando un vero e proprio luogo di aggregazione <strong>capace di<\/strong><strong> <\/strong><strong>sostenere forme di auto-organizzazione dei giovani<\/strong><strong>.<\/strong><\/p>\n<p style=\"text-align: justify;\">Sono previste anche attivit\u00e0 extra per bambini dai 7 ai 14 anni.La fascia d\u2019et\u00e0 a cui si rivolgeranno le attivit\u00e0 tra cui annoveriamo una serie di laboratori teatrali di ricerca, narrazione ed espressione scenica, di allestimento scenico, musicale, &nbsp;multimediale dedicato a fotografia, progettazione grafica, ripresa e montaggio, di scrittura e lettura, di cittadinanza attiva, sar\u00e0 compresa tra i 18 e i 35 anni.<\/p>\n<p style=\"text-align: justify;\"><strong>Partir\u00e0 a breve il laboratorio di musica organizzato dall\u2019ass. MusicaInGioco rivolto ad un target di ragazzi tra i 14 ed i 35 anni, con l\u2019obiettivo di formare un orchestra di fiati.<\/strong><\/p>\n<p style=\"text-align: justify;\"><strong>Per informazioni contattare <\/strong><a href=\"http:\/\/www.musicaingioco.net\/\"><strong>www.musicaingioco.net<\/strong><\/a><strong> ed il numero 080\/579 76 67 int. 126\/132.<\/strong><\/p>\n<p style=\"text-align: justify;\"><strong><br \/><\/strong><\/p>\n<p style=\"text-align: justify;\">&nbsp;<\/p>\n<p style=\"text-align: justify;\">&nbsp;<\/p>\n<\/div>\n","protected":false},"excerpt":{"rendered":"<p style=\"text-align: justify;\"><img loading=\"lazy\" decoding=\"async\" class=\" size-full wp-image-7947\" style=\"margin-top: 0px; margin-right: 3px; margin-bottom: 0px; margin-left: 3px;\" src=\"https:\/\/archivioturi.lavocedelpaese.info\/wp-content\/uploads\/2012\/01\/DSCN0752.JPG\" alt=\"DSCN0752\" width=\"320\" height=\"150\" srcset=\"https:\/\/archivioturi.lavocedelpaese.info\/wp-content\/uploads\/2012\/01\/DSCN0752.JPG 640w, https:\/\/archivioturi.lavocedelpaese.info\/wp-content\/uploads\/2012\/01\/DSCN0752-300x141.jpg 300w\" sizes=\"auto, (max-width: 320px) 100vw, 320px\" \/><\/p>\n","protected":false},"author":1,"featured_media":7947,"comment_status":"open","ping_status":"closed","sticky":false,"template":"","format":"standard","meta":{"colormag_page_container_layout":"default_layout","colormag_page_sidebar_layout":"default_layout","footnotes":""},"categories":[7],"tags":[],"class_list":["post-7950","post","type-post","status-publish","format-standard","has-post-thumbnail","hentry","category-attualita"],"_links":{"self":[{"href":"https:\/\/archivioturi.lavocedelpaese.info\/index.php\/wp-json\/wp\/v2\/posts\/7950","targetHints":{"allow":["GET"]}}],"collection":[{"href":"https:\/\/archivioturi.lavocedelpaese.info\/index.php\/wp-json\/wp\/v2\/posts"}],"about":[{"href":"https:\/\/archivioturi.lavocedelpaese.info\/index.php\/wp-json\/wp\/v2\/types\/post"}],"author":[{"embeddable":true,"href":"https:\/\/archivioturi.lavocedelpaese.info\/index.php\/wp-json\/wp\/v2\/users\/1"}],"replies":[{"embeddable":true,"href":"https:\/\/archivioturi.lavocedelpaese.info\/index.php\/wp-json\/wp\/v2\/comments?post=7950"}],"version-history":[{"count":0,"href":"https:\/\/archivioturi.lavocedelpaese.info\/index.php\/wp-json\/wp\/v2\/posts\/7950\/revisions"}],"wp:featuredmedia":[{"embeddable":true,"href":"https:\/\/archivioturi.lavocedelpaese.info\/index.php\/wp-json\/wp\/v2\/media\/7947"}],"wp:attachment":[{"href":"https:\/\/archivioturi.lavocedelpaese.info\/index.php\/wp-json\/wp\/v2\/media?parent=7950"}],"wp:term":[{"taxonomy":"category","embeddable":true,"href":"https:\/\/archivioturi.lavocedelpaese.info\/index.php\/wp-json\/wp\/v2\/categories?post=7950"},{"taxonomy":"post_tag","embeddable":true,"href":"https:\/\/archivioturi.lavocedelpaese.info\/index.php\/wp-json\/wp\/v2\/tags?post=7950"}],"curies":[{"name":"wp","href":"https:\/\/api.w.org\/{rel}","templated":true}]}}