{"id":7943,"date":"2012-01-16T18:16:08","date_gmt":"2012-01-16T18:16:08","guid":{"rendered":"https:\/\/archivioturi.lavocedelpaese.info\/index.php\/2012\/01\/16\/il-canto-un-sogno-melania\/"},"modified":"2012-01-16T18:16:08","modified_gmt":"2012-01-16T18:16:08","slug":"il-canto-un-sogno-melania","status":"publish","type":"post","link":"https:\/\/archivioturi.lavocedelpaese.info\/index.php\/2012\/01\/16\/il-canto-un-sogno-melania\/","title":{"rendered":"Il canto \u2026 un sogno: Melania"},"content":{"rendered":"<p style=\"text-align: justify;\">&nbsp;<img loading=\"lazy\" decoding=\"async\" class=\" size-full wp-image-7941\" style=\"margin-top: 0px; margin-right: 3px; margin-bottom: 0px; margin-left: 3px;\" src=\"https:\/\/archivioturi.lavocedelpaese.info\/wp-content\/uploads\/2012\/01\/melania.png\" alt=\"melania\" width=\"320\" height=\"150\" srcset=\"https:\/\/archivioturi.lavocedelpaese.info\/wp-content\/uploads\/2012\/01\/melania.png 640w, https:\/\/archivioturi.lavocedelpaese.info\/wp-content\/uploads\/2012\/01\/melania-300x140.png 300w\" sizes=\"auto, (max-width: 320px) 100vw, 320px\" \/><\/p>\n<p style=\"text-align: justify;\">In circa una settimana ha raccolto circa 346 visualizzazioni. Parliamo di Melania Vitiello, la quattordicenne turese che, spronata dalla sorella, ha realizzato un video inserito su Youtube che ha raccolto presto innumerevoli consensi.<\/p>\n<p style=\"text-align: justify;\">Non vi resta che ascoltarlo a questo <a href=\"http:\/\/www.youtube.com\/watch?v=1tt4uvRdnGg&amp;;sns=fb\" target=\"_blank\" rel=\"noopener\">Link<\/a><\/p>\n<p> o guardando qui:<iframe loading=\"lazy\" width=\"420\" height=\"315\" src=\"http:\/\/www.youtube.com\/embed\/1tt4uvRdnGg\" frameborder=\"0\" allowfullscreen><\/iframe><\/p>\n<p style=\"text-align: justify;\">Forti emozioni si diffondono ascoltando la sua voce nell\u2019interpretare \u201cl\u2019Ave Maria\u201d di Beyonce.<\/p>\n<p style=\"text-align: justify;\"><img loading=\"lazy\" decoding=\"async\" class=\" alignright size-full wp-image-7942\" style=\"margin-top: 10px; margin-right: 0px; margin-bottom: 10px; margin-left: 10px; float: right;\" src=\"https:\/\/archivioturi.lavocedelpaese.info\/wp-content\/uploads\/2012\/01\/Melania-durante-il-recital-Don-Bosco.jpg\" alt=\"Melania durante il recital Don Bosco\" width=\"320\" height=\"240\" srcset=\"https:\/\/archivioturi.lavocedelpaese.info\/wp-content\/uploads\/2012\/01\/Melania-durante-il-recital-Don-Bosco.jpg 720w, https:\/\/archivioturi.lavocedelpaese.info\/wp-content\/uploads\/2012\/01\/Melania-durante-il-recital-Don-Bosco-300x225.jpg 300w\" sizes=\"auto, (max-width: 320px) 100vw, 320px\" \/>Ma chi \u00e8 Melania? Studentessa dell\u2019ITC \u201cS. Pertini\u201d di Turi, canta nel coro della parrocchia \u201cMaria SS. Ausiliatrice\u201d dove ha anche partecipato alla realizzazione dei musical estivi dell\u2019Oratorio, riscuotendo notevoli apprezzamenti.<\/p>\n<p style=\"text-align: justify;\">Dall\u2019et\u00e0 di 6 anni, ci racconta timidamente, ha iniziato a cantare e da allora ha sempre desiderato perfezionarsi e studiare, per raggiungere i suoi idoli musicali quali Avri Lavigne, Beyonce o Laura Pausini.<\/p>\n<p style=\"text-align: justify;\">\u201cIl mio sogno nel cassetto? Mi piacerebbe diventare una brava cantante per poter intraprendere la carriera teatrale, fare musical e calcare i pi\u00f9 grandi palcoscenici nazionali ed internazionali\u201d \u2013 aggiunge Melania che non nasconde la grande emozione che ogni volta prova poco prima di iniziare un\u2019esibizione. \u201cLa mia prima volta dinanzi ad un pubblico fu qui a Turi, in piazza, qualche anno fa. Frequentavo la quinta elementare e durante il periodo estivo ho partecipato al concorso \u201cUna voce, una promessa\u201d, raggiungendo il quinto posto. Per me fu una grande emozione, un successo, e da allora ho desiderato ripetere l\u2019esperienza e cantare in pubblico. Ho capito che mi sarebbe piaciuto far ascoltare la mia voce!\u201d.<\/p>\n<p style=\"text-align: justify;\">Quindi sono arrivate le esperienze durante il triennio di Scuola Media e Melania ha cantato in diverse occasioni dove ogni volta ha raccolto applausi, ma non ha mancato di desiderare di approfondire la disciplina. \u201cHo frequentato per circa 6 mesi il corso di canto presso l\u2019Accademia turese di \u2018Chi \u00e8 di Scena!?\u2019, ma a causa degli impegni scolastici, gli esami del terzo anno, ho dovuto lasciare questa strada. Ma vorrei continuare a studiare\u201d \u2013 prosegue sicura la nostra aspirante cantante, desiderosa di poter frequentare, se ci sar\u00e0 la possibilit\u00e0, l\u2019Accademia romana di Spettacolo e quindi, realizzare le sue aspirazioni.<\/p>\n<p style=\"text-align: justify;\">\u201cInsieme ai miei cugini &#8211; continua Melania \u2013 stiamo pensando di formare una piccola band, anche se vorrei, anch\u2019io, imparare a suonare il pianoforte ed eseguire, se mi sar\u00e0 data la possibilit\u00e0 in feste o occasioni cittadine, le melodie alle quali sono pi\u00f9 legata. Amo la musica straniera, soprattutto quella inglese ed americana, ed \u00e8 quella che vorrei interpretare\u201d.<\/p>\n<p style=\"text-align: justify;\">Per ora, i pi\u00f9 grandi e primi fans sono la sua famiglia, che la incita a proseguire in questo sogno, la segue in ogni circostanza, la incoraggia a preservare i suoi desideri e la persuade a realizzarli affinch\u00e8 possano tutti ascoltare il suono melodioso della sua voce. E nome non fu pi\u00f9 propizio in questo, cos\u00ec anche noi, che casualmente abbiamo ascoltato Melania Vitiello, le auguriamo di realizzare il suo sogno che crediamo concretizzer\u00e0 in breve tempo. Per ora le auguriamo tanta fortuna e lasciamo voi lettori all\u2019ascolto della sua bellissima voce.<\/p>\n","protected":false},"excerpt":{"rendered":"<p style=\"text-align: justify;\">&nbsp;<img loading=\"lazy\" decoding=\"async\" class=\" size-full wp-image-7941\" style=\"margin-top: 0px; margin-right: 3px; margin-bottom: 0px; margin-left: 3px;\" src=\"https:\/\/archivioturi.lavocedelpaese.info\/wp-content\/uploads\/2012\/01\/melania.png\" alt=\"melania\" width=\"320\" height=\"150\" srcset=\"https:\/\/archivioturi.lavocedelpaese.info\/wp-content\/uploads\/2012\/01\/melania.png 640w, https:\/\/archivioturi.lavocedelpaese.info\/wp-content\/uploads\/2012\/01\/melania-300x140.png 300w\" sizes=\"auto, (max-width: 320px) 100vw, 320px\" \/><\/p>\n","protected":false},"author":1,"featured_media":7941,"comment_status":"open","ping_status":"closed","sticky":false,"template":"","format":"standard","meta":{"colormag_page_container_layout":"default_layout","colormag_page_sidebar_layout":"default_layout","footnotes":""},"categories":[6],"tags":[],"class_list":["post-7943","post","type-post","status-publish","format-standard","has-post-thumbnail","hentry","category-cultura"],"_links":{"self":[{"href":"https:\/\/archivioturi.lavocedelpaese.info\/index.php\/wp-json\/wp\/v2\/posts\/7943","targetHints":{"allow":["GET"]}}],"collection":[{"href":"https:\/\/archivioturi.lavocedelpaese.info\/index.php\/wp-json\/wp\/v2\/posts"}],"about":[{"href":"https:\/\/archivioturi.lavocedelpaese.info\/index.php\/wp-json\/wp\/v2\/types\/post"}],"author":[{"embeddable":true,"href":"https:\/\/archivioturi.lavocedelpaese.info\/index.php\/wp-json\/wp\/v2\/users\/1"}],"replies":[{"embeddable":true,"href":"https:\/\/archivioturi.lavocedelpaese.info\/index.php\/wp-json\/wp\/v2\/comments?post=7943"}],"version-history":[{"count":0,"href":"https:\/\/archivioturi.lavocedelpaese.info\/index.php\/wp-json\/wp\/v2\/posts\/7943\/revisions"}],"wp:featuredmedia":[{"embeddable":true,"href":"https:\/\/archivioturi.lavocedelpaese.info\/index.php\/wp-json\/wp\/v2\/media\/7941"}],"wp:attachment":[{"href":"https:\/\/archivioturi.lavocedelpaese.info\/index.php\/wp-json\/wp\/v2\/media?parent=7943"}],"wp:term":[{"taxonomy":"category","embeddable":true,"href":"https:\/\/archivioturi.lavocedelpaese.info\/index.php\/wp-json\/wp\/v2\/categories?post=7943"},{"taxonomy":"post_tag","embeddable":true,"href":"https:\/\/archivioturi.lavocedelpaese.info\/index.php\/wp-json\/wp\/v2\/tags?post=7943"}],"curies":[{"name":"wp","href":"https:\/\/api.w.org\/{rel}","templated":true}]}}