{"id":7914,"date":"2012-01-16T07:05:49","date_gmt":"2012-01-16T07:05:49","guid":{"rendered":"https:\/\/archivioturi.lavocedelpaese.info\/index.php\/2012\/01\/16\/fondi-fesr-per-il-pist-presto-a-turi-un-milione-di-euro\/"},"modified":"2012-01-16T07:05:49","modified_gmt":"2012-01-16T07:05:49","slug":"fondi-fesr-per-il-pist-presto-a-turi-un-milione-di-euro","status":"publish","type":"post","link":"https:\/\/archivioturi.lavocedelpaese.info\/index.php\/2012\/01\/16\/fondi-fesr-per-il-pist-presto-a-turi-un-milione-di-euro\/","title":{"rendered":"Fondi Fesr per il Pist. Presto a Turi un milione di euro"},"content":{"rendered":"<p style=\"text-align: justify;\"><img loading=\"lazy\" decoding=\"async\" class=\" size-full wp-image-7254\" src=\"https:\/\/archivioturi.lavocedelpaese.info\/wp-content\/uploads\/2011\/10\/biblioteca_turi.jpg\" width=\"321\" height=\"151\" alt=\"biblioteca turi\" style=\"margin-top: 0px; margin-right: 3px; margin-bottom: 0px; margin-left: 3px;\" srcset=\"https:\/\/archivioturi.lavocedelpaese.info\/wp-content\/uploads\/2011\/10\/biblioteca_turi.jpg 321w, https:\/\/archivioturi.lavocedelpaese.info\/wp-content\/uploads\/2011\/10\/biblioteca_turi-300x141.jpg 300w\" sizes=\"auto, (max-width: 321px) 100vw, 321px\" \/><\/p>\n<p style=\"text-align: justify;\">TURI &#8211; Un importante traguardo per l\u2019Amministrazione Comunale, una dimostrazione della buona programmaticit\u00e0 e di un progetto che sin dalle sue prime battute si \u00e8 dimostrato innovativo. Stiamo parlando del <strong>Piano Integrato di Sviluppo Territoriale (PIST) \u201cLame di Peucetia\u201d<\/strong>.<\/p>\n<p style=\"text-align: justify;\">Questa mattina infatti, il sindaco di Turi, Ente capofila, \u00e8 atteso in Regione per firmare il contratto che prevede l\u2019avvio dei lavori previsti per il PIST. Unmilione e duecento mila euro per il comune di Turi con i quali potr\u00e0 avviare, si annuncia celermente, i lavori di ristrutturazione del <strong>Convento delle Clarisse e dei locali sottostanti<\/strong>.<\/p>\n<p style=\"text-align: justify;\">\u00c8 quanto ha commentato, positivamente, l\u2019Assessore Gianfranco D\u2019Autilia che sottolinea quanto l\u2019Amministrazione, con un lavoro sinergico e ben programmato, \u00e8 riuscito nell\u2019intento di realizzare un progetto che si inscrive come innovativo nel panorama territoriale.<\/p>\n<p style=\"text-align: justify;\">\u201cNon si tratta &#8211; aggiunge positivamente l\u2019Assessore \u2013 solo di una questione di ristrutturazione, ma la consapevolezza di realizzare un\u2019idea diversa di Laboratorio, un metodo che sia visto come esempio per i giovani e spunto per il futuro\u201d. Accrescere e porre risalto sulle qualit\u00e0 di un territorio, attraverso progetti come quello del PIST, o ancora il GAL, il SAC, tutti collegati tra loro e in cantiere per il nostro comune, rappresentano opportunit\u00e0 progettuali che mai fino ad oggi sono state realizzate. \u201cVista la rapidit\u00e0 dell\u2019approvazione regionale, si suppone che i lavori partano in tempio brevissimi\u201d \u2013 conferma ancora l\u2019Assessore, sottolienenado come il nostro comune \u00e8 tra i primi a firmare un protocollo realizzato in stretta sinergia con il territorio. Un progetto che abbraccia passato e futuro, che rilancia ogni elemento delle realt\u00e0 cittadine che compongono il PIST: Turi, Gioia del Colle, Sammichele e Casamassima. Come cita il progetto, \u201cunire le forze e le qualit\u00e0 migliori di ciascuna comunit\u00e0 si \u00e8 dimostrato il modo pi\u00f9 efficace per affrontare i problemi presenti e costruire prospettive per il prossimo futuro\u201d.<\/p>\n","protected":false},"excerpt":{"rendered":"<p style=\"text-align: justify;\"><img loading=\"lazy\" decoding=\"async\" class=\" size-full wp-image-7254\" src=\"https:\/\/archivioturi.lavocedelpaese.info\/wp-content\/uploads\/2011\/10\/biblioteca_turi.jpg\" width=\"321\" height=\"151\" alt=\"biblioteca turi\" style=\"margin-top: 0px; margin-right: 3px; margin-bottom: 0px; margin-left: 3px;\" srcset=\"https:\/\/archivioturi.lavocedelpaese.info\/wp-content\/uploads\/2011\/10\/biblioteca_turi.jpg 321w, https:\/\/archivioturi.lavocedelpaese.info\/wp-content\/uploads\/2011\/10\/biblioteca_turi-300x141.jpg 300w\" sizes=\"auto, (max-width: 321px) 100vw, 321px\" \/><\/p>\n","protected":false},"author":1,"featured_media":7254,"comment_status":"open","ping_status":"closed","sticky":false,"template":"","format":"standard","meta":{"colormag_page_container_layout":"default_layout","colormag_page_sidebar_layout":"default_layout","footnotes":""},"categories":[4],"tags":[],"class_list":["post-7914","post","type-post","status-publish","format-standard","has-post-thumbnail","hentry","category-politica"],"_links":{"self":[{"href":"https:\/\/archivioturi.lavocedelpaese.info\/index.php\/wp-json\/wp\/v2\/posts\/7914","targetHints":{"allow":["GET"]}}],"collection":[{"href":"https:\/\/archivioturi.lavocedelpaese.info\/index.php\/wp-json\/wp\/v2\/posts"}],"about":[{"href":"https:\/\/archivioturi.lavocedelpaese.info\/index.php\/wp-json\/wp\/v2\/types\/post"}],"author":[{"embeddable":true,"href":"https:\/\/archivioturi.lavocedelpaese.info\/index.php\/wp-json\/wp\/v2\/users\/1"}],"replies":[{"embeddable":true,"href":"https:\/\/archivioturi.lavocedelpaese.info\/index.php\/wp-json\/wp\/v2\/comments?post=7914"}],"version-history":[{"count":0,"href":"https:\/\/archivioturi.lavocedelpaese.info\/index.php\/wp-json\/wp\/v2\/posts\/7914\/revisions"}],"wp:featuredmedia":[{"embeddable":true,"href":"https:\/\/archivioturi.lavocedelpaese.info\/index.php\/wp-json\/wp\/v2\/media\/7254"}],"wp:attachment":[{"href":"https:\/\/archivioturi.lavocedelpaese.info\/index.php\/wp-json\/wp\/v2\/media?parent=7914"}],"wp:term":[{"taxonomy":"category","embeddable":true,"href":"https:\/\/archivioturi.lavocedelpaese.info\/index.php\/wp-json\/wp\/v2\/categories?post=7914"},{"taxonomy":"post_tag","embeddable":true,"href":"https:\/\/archivioturi.lavocedelpaese.info\/index.php\/wp-json\/wp\/v2\/tags?post=7914"}],"curies":[{"name":"wp","href":"https:\/\/api.w.org\/{rel}","templated":true}]}}