{"id":7907,"date":"2012-01-18T11:34:25","date_gmt":"2012-01-18T11:34:25","guid":{"rendered":"https:\/\/archivioturi.lavocedelpaese.info\/index.php\/2012\/01\/18\/responsabilita-politiche-la-vera-causa-della-cementificazione-a-turi\/"},"modified":"2012-01-18T11:34:25","modified_gmt":"2012-01-18T11:34:25","slug":"responsabilita-politiche-la-vera-causa-della-cementificazione-a-turi","status":"publish","type":"post","link":"https:\/\/archivioturi.lavocedelpaese.info\/index.php\/2012\/01\/18\/responsabilita-politiche-la-vera-causa-della-cementificazione-a-turi\/","title":{"rendered":"Responsabilit\u00e0 politiche: la vera causa della cementificazione a Turi"},"content":{"rendered":"<p><img loading=\"lazy\" decoding=\"async\" class=\" size-full wp-image-501\" src=\"https:\/\/archivioturi.lavocedelpaese.info\/wp-content\/uploads\/2009\/10\/ventrella.jpg\" width=\"320\" height=\"151\" alt=\"ventrella\" style=\"margin-top: 0px; margin-right: 3px; margin-bottom: 0px; margin-left: 3px;\" srcset=\"https:\/\/archivioturi.lavocedelpaese.info\/wp-content\/uploads\/2009\/10\/ventrella.jpg 640w, https:\/\/archivioturi.lavocedelpaese.info\/wp-content\/uploads\/2009\/10\/ventrella-300x141.jpg 300w\" sizes=\"auto, (max-width: 320px) 100vw, 320px\" \/><\/p>\n<p style=\"text-align: justify;\">Cantieri edili che spuntano come funghi in ogni angolo del paese. Si denuncia ma nessuno fa nulla per limitare questo fenomeno.<\/p>\n<p style=\"text-align: justify;\">Un\u2019edilizia sconcertante, che sta devastando ogni angolo di Turi, \u00e8 il risultato di un\u2019unica matrice: incomprensioni e mancate responsabilit\u00e0 da parte delle Amministrazioni.<\/p>\n<p style=\"text-align: justify;\">\u00c8 ancora il <strong>consigliere d\u2019opposizione Natalino Ventrella<\/strong> che ci spiega fino a che punto, i nostri governatori hanno avuto colpe.<\/p>\n<p style=\"text-align: justify;\">\u201cI costruttori o chi voleva investire i loro guadagni, avevano tutto l\u2019interesse nel far s\u00ec che il loro fosse un ottimo investimento. Perci\u00f2 pi\u00f9 riuscivano ad aumentare le loro costruzioni, pi\u00f9 il loro investimento diventava redditizio.<\/p>\n<p style=\"text-align: justify;\">Il PDF del \u201875 non poneva nessun limite o regola davanti ad una richiesta di concessione edilizia, per cui, individuato il luogo dove costruire, si cercava di farlo rendere il pi\u00f9 possibile. Era compito delle Amministrazioni successive al \u201875, porre dei veti e delle regole pi\u00f9 ferree. Il parere legale di un avvocato amministrativista, sarebbe stato la soluzione pi\u00f9 logica e adeguata, in modo da rendere la lottizzazione, l\u2019unico strumento per edificare. Questa responsabilit\u00e0 per\u00f2 nessuna \u00e8 riuscita ad accollarsela.<\/p>\n<p style=\"text-align: justify;\">Le Amministrazioni invece, hanno lavorato tenendo conto non delle necessit\u00e0 del paese, bens\u00ec facendo dei favori agli \u201camici\u201d. Usando un\u2019espressione molto attuale, il tutto era svolto a \u201cTarallucci e Vino\u201d.<\/p>\n<p style=\"text-align: justify;\">Se poi si pensa che, davanti a una mia precisa richiesta di istituire una commissione di controllo per le attivit\u00e0 urbanistiche, non \u00e8 stato fatto nulla, le responsabilit\u00e0 diventano ancor pi\u00f9 pesanti.<\/p>\n<p style=\"text-align: justify;\">Lo scorso 9 luglio ho presentato una denuncia alla tenenza della Guardia di Finanza di Putignano, in cui sostenevo delle incongruenze su quanto stava succedendo in questo ambito. Ad avvalorare quanto continuo a sostenere da qualche tempo, c\u2019\u00e8 anche una nota dell\u2019ultimo consiglio comunale in cui sono stati evidenziati \u20ac 160.000,00 di mancate entrate nelle casse comunali, che sarebbero dovuti derivare dai proventi degli oneri di concessione. Mi domando perch\u00e9 mi \u00e8 stato impedito, nonostante avessi fatto richiesta come consigliere e non di comune cittadino, di visionare le pratiche? La mia era una semplice richiesta di visione di documenti in cui la privacy non sarebbe stata violata.<\/p>\n<p style=\"text-align: justify;\"><strong>Si \u00e8 parlato di un 80% di calcoli errati. Chi sono il restante 20%? E in cosa consistono gli errori evidenziati? Ma soprattutto, perch\u00e9 sono stati commessi simili errori per cos\u00ec tanto tempo?<\/strong><\/p>\n<p style=\"text-align: justify;\">Mi auguro che qualche assessore o delegato al bilancio possa colmare queste mie domande.<\/p>\n<p style=\"text-align: justify;\">Non voglio scaturire nessuna caccia alle streghe con queste mie dichiarazioni, bens\u00ec voglio semplicemente che sia fatta chiarezza su tutto il meccanismo che ha portato a questo scempio urbanistico.<\/p>\n<p style=\"text-align: justify;\">Se non sono i nostri politici a controllare quanto succede nel paese, chi dovrebbe farlo? Per giunta siamo arrivati a un punto in cui non solo i lavori sono svolti in quasi completa anarchia, ma si sta distruggendo anche la nostra storia a vantaggio del freddo e inespressivo cemento.<\/p>\n<p style=\"text-align: justify;\">Il nostro Sindaco Gigantelli, ha mostrato in diverse occasioni la sua non imparzialit\u00e0 in alcune decisioni come ad esempio, in merito all\u2019adozione del PUG. Durante una precedente intervista, infatti, auspicava il ripristino della \u201cZona F\u201d nuovamente in via Putignano e attualmente individuata in via Casamassima.<\/p>\n<p style=\"text-align: justify;\">\u00c8 sotto gli occhi di tutti il grave errore fatto a Largo Pozzi. Non contenti, si sta valutando anche un paio di proposte avanzate per l\u2019aumento della cubatura di \u2018Villa Luce\u2019, la caratteristica e storica casa circondata da immensi alberi pluridecennali e un giardino fiabesco meraviglioso, situata di fronte al carcere.<\/p>\n<p style=\"text-align: justify;\">Il pericolo di vedere trasformata \u2018Villa Luce\u2019, non \u00e8 fantascienza, ma \u00e8 terribilmente vero. Cito letteralmente uno stralcio della richiesta giunta in consiglio (eviter\u00f2 di descrivere dettagliatamente il n\u00b0 di particelle e richiedente per privacy)<em>: <\/em>\u201csi chiede che la zona Bianca n\u00b0(\u2026) sia assoggettata alla disciplina urbanistica della zona B\/C, conservando l\u2019indice di edificabilit\u00e0 prevista nella normativa regolamentare\u201d. (ovvero il PUG).<\/p>\n<p style=\"text-align: justify;\">Il parere dell\u2019arch. Campanella, ovviamente non poteva che essere favorevole, pur essendo una zona sottoposta a vincolo di \u201cverde\u201d da disposizioni precedenti.<\/p>\n<p style=\"text-align: justify;\">In tutto questo, ci\u00f2 che mi stupisce \u00e8 che la minoranza non ha mosso un dito. Rischiamo di perdere pezzi di storia del paese, di congestionare ogni angolo libero delle nostre strade e nessuno fa nulla!<\/p>\n<p style=\"text-align: justify;\">\u00c8 possibile che ormai le attenzioni dei nostri consiglieri siano tutte rivolte alla campagna elettorale ormai alle porte, intanto per\u00f2 lasciamo che Turi cada sempre pi\u00f9 nel baratro del cemento tiranno.<\/p>\n<p style=\"text-align: justify;\">Io sarei pronto a votare il PUG in qualsiasi momento, purch\u00e8 riescano a dimostrarmi l\u2019assoluta legittimit\u00e0 di questo importante atto amministrativo.<\/p>\n<p style=\"text-align: justify;\">A quanto pare per\u00f2 sembra che l\u2019approvazione delle osservazioni siano tutt\u2019altro che scontate. Ci sono molte fibrillazioni in consiglio. Diversi interessi hanno diviso la maggioranza. Tra incompatibilit\u00e0 di voto e contrariet\u00e0 alle proposte (soprattutto per quel che riguarda la proposta della \u201cZona F\u201d e \u201cVilla Luce\u201d), noi di minoranza potremmo diventare maggioranza, anche se non escludo la possibilit\u00e0 di qualche \u201cvolta giacca\u201d che sia disposto a votare le osservazioni \u201cad hoc\u201d in virt\u00f9 di accordi futuri.<\/p>\n<p style=\"text-align: justify;\">Io, e mi auguro che altri seguano il mio esempio, garantir\u00f2 che tutto venga svolto secondo procedure chiare e legali.<\/p>\n<p style=\"text-align: justify;\">\u00c8 mia intenzione sottoporre alla visione della Procura della Repubblica in PUG appena sar\u00e0 adottato, in modo da evitare che qualche \u201cfurbetto\u201d possa trarre vantaggi a scapito degli effettivi interessi dei cittadini.<\/p>\n<p style=\"text-align: justify;\">\u00c8 l\u2019intero paese che deve essere salvaguardato dal novo PUG, non soltanto poche persone fortunate\u201d. Conclude con queste parole il Consigliere Ventrella, auspicando che presto qualcuno possa risolvere questi dubbi.<\/p>\n","protected":false},"excerpt":{"rendered":"<p><img loading=\"lazy\" decoding=\"async\" class=\" size-full wp-image-501\" src=\"https:\/\/archivioturi.lavocedelpaese.info\/wp-content\/uploads\/2009\/10\/ventrella.jpg\" width=\"320\" height=\"151\" alt=\"ventrella\" style=\"margin-top: 0px; margin-right: 3px; margin-bottom: 0px; margin-left: 3px;\" srcset=\"https:\/\/archivioturi.lavocedelpaese.info\/wp-content\/uploads\/2009\/10\/ventrella.jpg 640w, https:\/\/archivioturi.lavocedelpaese.info\/wp-content\/uploads\/2009\/10\/ventrella-300x141.jpg 300w\" sizes=\"auto, (max-width: 320px) 100vw, 320px\" \/><\/p>\n","protected":false},"author":1,"featured_media":501,"comment_status":"open","ping_status":"closed","sticky":false,"template":"","format":"standard","meta":{"colormag_page_container_layout":"default_layout","colormag_page_sidebar_layout":"default_layout","footnotes":""},"categories":[4],"tags":[],"class_list":["post-7907","post","type-post","status-publish","format-standard","has-post-thumbnail","hentry","category-politica"],"_links":{"self":[{"href":"https:\/\/archivioturi.lavocedelpaese.info\/index.php\/wp-json\/wp\/v2\/posts\/7907","targetHints":{"allow":["GET"]}}],"collection":[{"href":"https:\/\/archivioturi.lavocedelpaese.info\/index.php\/wp-json\/wp\/v2\/posts"}],"about":[{"href":"https:\/\/archivioturi.lavocedelpaese.info\/index.php\/wp-json\/wp\/v2\/types\/post"}],"author":[{"embeddable":true,"href":"https:\/\/archivioturi.lavocedelpaese.info\/index.php\/wp-json\/wp\/v2\/users\/1"}],"replies":[{"embeddable":true,"href":"https:\/\/archivioturi.lavocedelpaese.info\/index.php\/wp-json\/wp\/v2\/comments?post=7907"}],"version-history":[{"count":0,"href":"https:\/\/archivioturi.lavocedelpaese.info\/index.php\/wp-json\/wp\/v2\/posts\/7907\/revisions"}],"wp:featuredmedia":[{"embeddable":true,"href":"https:\/\/archivioturi.lavocedelpaese.info\/index.php\/wp-json\/wp\/v2\/media\/501"}],"wp:attachment":[{"href":"https:\/\/archivioturi.lavocedelpaese.info\/index.php\/wp-json\/wp\/v2\/media?parent=7907"}],"wp:term":[{"taxonomy":"category","embeddable":true,"href":"https:\/\/archivioturi.lavocedelpaese.info\/index.php\/wp-json\/wp\/v2\/categories?post=7907"},{"taxonomy":"post_tag","embeddable":true,"href":"https:\/\/archivioturi.lavocedelpaese.info\/index.php\/wp-json\/wp\/v2\/tags?post=7907"}],"curies":[{"name":"wp","href":"https:\/\/api.w.org\/{rel}","templated":true}]}}