{"id":79,"date":"2009-07-14T12:38:58","date_gmt":"2009-07-14T12:38:58","guid":{"rendered":"https:\/\/archivioturi.lavocedelpaese.info\/index.php\/2009\/07\/14\/resta-valium-per-tundo-putignano-e-turi-insieme\/"},"modified":"2009-07-14T12:38:58","modified_gmt":"2009-07-14T12:38:58","slug":"resta-valium-per-tundo-putignano-e-turi-insieme","status":"publish","type":"post","link":"https:\/\/archivioturi.lavocedelpaese.info\/index.php\/2009\/07\/14\/resta-valium-per-tundo-putignano-e-turi-insieme\/","title":{"rendered":"L&#8217;INTERVISTA AL PROF. ONOFRIO RESTA [VIDEO]"},"content":{"rendered":"<p><img loading=\"lazy\" decoding=\"async\" class=\" size-full wp-image-78\" alt=\"Onofrio_Resta\" src=\"https:\/\/archivioturi.lavocedelpaese.info\/wp-content\/uploads\/2009\/07\/Onofrio_Resta.jpg\" width=\"320\" height=\"156\" srcset=\"https:\/\/archivioturi.lavocedelpaese.info\/wp-content\/uploads\/2009\/07\/Onofrio_Resta.jpg 410w, https:\/\/archivioturi.lavocedelpaese.info\/wp-content\/uploads\/2009\/07\/Onofrio_Resta-300x146.jpg 300w\" sizes=\"auto, (max-width: 320px) 100vw, 320px\" \/><\/p>\n<div style=\"text-align: justify;\"><\/div>\n<div style=\"text-align: justify;\">\u201c<strong>Siamo riusciti a entrare nella storia<\/strong>\u201d. Una intervista a tutto tondo, quella rilasciata al nostro Direttore, <strong>Nicola Teofilo<\/strong>, dal Prof.<strong> Onofrio Resta<\/strong>, neoeletto assessore provinciale allo sviluppo e attivit\u00e0 produttive per il collegio Putignano-Turi, con finale al veleno, o meglio al farmaco: consiglier\u00e0 a <strong>Paolo Tundo<\/strong><em> <\/em>del valium.<\/p>\n<p>Trenta minuti circa di conversazione, senza peli sulla lingua dove il professore ha risposto anche alle domande di <strong>Gianni<\/strong>, <strong>Occhiosalato<\/strong> e <strong>Domenico Fiorente<\/strong>.<\/p>\n<p>\u201cL\u2019assessorato era un ruolo che non mi aspettavo, non l\u2019ho mai pensato\u201d \u2013 ha ribadito pi\u00f9 volte, con aria dissimulata nel corso dell\u2019intervista trasmessa in diretta streaming su Turi e Putignano (www.putignanoweb.it) (vedi video a fine articolo).<\/p>\n<p>Ne ha pure per <strong>Boccardi<\/strong>: \u201cNulla contro di lui\u2026si far\u00e0 eleggere da solo!\u201d \u2013 ha sentenziato alla domanda \u201cappoggerebbe in futuro un\u2019eventuale candidatura alla Regione Puglia del consigliere di maggioranza al comune di Turi?\u201d.<\/p>\n<p>Sulla sospensione in aula del primo consiglio provinciale, durata all\u2019incirca mezzora, ha minimizzato dicendo che \u201c\u00e8 successo quello che accade dappertutto\u2026Schittulli ha due meriti: ha imposto delle regole e dato dei meriti\u201d.<\/p><\/div>\n<div style=\"text-align: justify;\">Nella contesa del consiglio il <strong>PDL<\/strong>, il quale, secondo Resta \u00e8 un partito che \u201csta ancora in forte spirito dialettico e quindi comporre queste situazioni \u00e8 stato molto difficile\u201d.<\/div>\n<div style=\"text-align: justify;\"><strong>Esprime fiducia sull\u2019amministrazione comunale di Turi<\/strong>: \u201cNon ha bisogno di me\u2026 io credo che si stiano muovendo bene, ho visto il successo della Sagra delle ciliegie, ma bisogner\u00e0 risolvere alcuni problemi a monte, unire la coltivazione alla commercializzazione\u2026\u201d.<\/p>\n<p><strong>PUTIGNANO E IL TESSILE<\/strong><\/div>\n<div style=\"text-align: justify;\">\u201cA Putignano abbiamo fatto una battaglia peggio di Turi. Il problema \u00e8 la crisi del tessile, e non a caso nella mia delega c\u2019\u00e8 il distretto industriale. Sono a rischio molti posti, si prevedono cassintegrazioni. La situazione \u00e8 sotterranea, ma esploder\u00e0 prima o poi\u201d. Sulle problematiche di Putignano Resta promette che manterr\u00e0 Il suo impegno: \u201clo devo \u2013 rassicura \u2013 gi\u00e0 il primo l\u2019ho mantenuto, perch\u00e9 la delega l\u2019ho scelta io\u201d.<\/p>\n<p>\u00a0<\/p>\n<p><object data=\"http:\/\/www.youtube.com\/v\/LEXhRAv4scs&amp;hl=it&amp;fs=1&amp;rel=0\" type=\"application\/x-shockwave-flash\" height=\"344\" width=\"425\"><param name=\"allowfullscreen\" value=\"true\" \/><param name=\"allowscriptaccess\" value=\"always\" \/><param name=\"src\" value=\"http:\/\/www.youtube.com\/v\/LEXhRAv4scs&amp;hl=it&amp;fs=1&amp;rel=0\" \/><\/object><\/p>\n<p>\u00a0<\/p>\n<p><object data=\"http:\/\/www.youtube.com\/v\/nKxSbzHwwB4&amp;hl=it&amp;fs=1&amp;rel=0\" type=\"application\/x-shockwave-flash\" height=\"344\" width=\"425\"><param name=\"allowfullscreen\" value=\"true\" \/><param name=\"allowscriptaccess\" value=\"always\" \/><param name=\"src\" value=\"http:\/\/www.youtube.com\/v\/nKxSbzHwwB4&amp;hl=it&amp;fs=1&amp;rel=0\" \/><\/object><\/p>\n<p>\u00a0<\/p>\n<p><object data=\"http:\/\/www.youtube.com\/v\/N2ybTeiZ8Pg&amp;hl=it&amp;fs=1&amp;rel=0\" type=\"application\/x-shockwave-flash\" height=\"344\" width=\"425\"><param name=\"allowfullscreen\" value=\"true\" \/><param name=\"allowscriptaccess\" value=\"always\" \/><param name=\"src\" value=\"http:\/\/www.youtube.com\/v\/N2ybTeiZ8Pg&amp;hl=it&amp;fs=1&amp;rel=0\" \/><\/object><\/p>\n<p>\u00a0<\/p>\n<\/div>\n","protected":false},"excerpt":{"rendered":"<p><img loading=\"lazy\" decoding=\"async\" class=\" size-full wp-image-78\" alt=\"Onofrio_Resta\" src=\"https:\/\/archivioturi.lavocedelpaese.info\/wp-content\/uploads\/2009\/07\/Onofrio_Resta.jpg\" width=\"320\" height=\"156\" srcset=\"https:\/\/archivioturi.lavocedelpaese.info\/wp-content\/uploads\/2009\/07\/Onofrio_Resta.jpg 410w, https:\/\/archivioturi.lavocedelpaese.info\/wp-content\/uploads\/2009\/07\/Onofrio_Resta-300x146.jpg 300w\" sizes=\"auto, (max-width: 320px) 100vw, 320px\" \/> <\/p>\n","protected":false},"author":1,"featured_media":78,"comment_status":"open","ping_status":"closed","sticky":false,"template":"","format":"standard","meta":{"colormag_page_container_layout":"default_layout","colormag_page_sidebar_layout":"default_layout","footnotes":""},"categories":[4],"tags":[],"class_list":["post-79","post","type-post","status-publish","format-standard","has-post-thumbnail","hentry","category-politica"],"_links":{"self":[{"href":"https:\/\/archivioturi.lavocedelpaese.info\/index.php\/wp-json\/wp\/v2\/posts\/79","targetHints":{"allow":["GET"]}}],"collection":[{"href":"https:\/\/archivioturi.lavocedelpaese.info\/index.php\/wp-json\/wp\/v2\/posts"}],"about":[{"href":"https:\/\/archivioturi.lavocedelpaese.info\/index.php\/wp-json\/wp\/v2\/types\/post"}],"author":[{"embeddable":true,"href":"https:\/\/archivioturi.lavocedelpaese.info\/index.php\/wp-json\/wp\/v2\/users\/1"}],"replies":[{"embeddable":true,"href":"https:\/\/archivioturi.lavocedelpaese.info\/index.php\/wp-json\/wp\/v2\/comments?post=79"}],"version-history":[{"count":0,"href":"https:\/\/archivioturi.lavocedelpaese.info\/index.php\/wp-json\/wp\/v2\/posts\/79\/revisions"}],"wp:featuredmedia":[{"embeddable":true,"href":"https:\/\/archivioturi.lavocedelpaese.info\/index.php\/wp-json\/wp\/v2\/media\/78"}],"wp:attachment":[{"href":"https:\/\/archivioturi.lavocedelpaese.info\/index.php\/wp-json\/wp\/v2\/media?parent=79"}],"wp:term":[{"taxonomy":"category","embeddable":true,"href":"https:\/\/archivioturi.lavocedelpaese.info\/index.php\/wp-json\/wp\/v2\/categories?post=79"},{"taxonomy":"post_tag","embeddable":true,"href":"https:\/\/archivioturi.lavocedelpaese.info\/index.php\/wp-json\/wp\/v2\/tags?post=79"}],"curies":[{"name":"wp","href":"https:\/\/api.w.org\/{rel}","templated":true}]}}