{"id":7839,"date":"2012-01-03T20:32:26","date_gmt":"2012-01-03T20:32:26","guid":{"rendered":"https:\/\/archivioturi.lavocedelpaese.info\/index.php\/2012\/01\/03\/largo-pozzi-ancora-tutto-fermo\/"},"modified":"2012-01-03T20:32:26","modified_gmt":"2012-01-03T20:32:26","slug":"largo-pozzi-ancora-tutto-fermo","status":"publish","type":"post","link":"https:\/\/archivioturi.lavocedelpaese.info\/index.php\/2012\/01\/03\/largo-pozzi-ancora-tutto-fermo\/","title":{"rendered":"LARGO POZZI: ANCORA TUTTO FERMO"},"content":{"rendered":"<p>&nbsp;<img loading=\"lazy\" decoding=\"async\" class=\" size-full wp-image-7838\" src=\"https:\/\/archivioturi.lavocedelpaese.info\/wp-content\/uploads\/2012\/01\/l.pozzi_.JPG\" width=\"320\" height=\"151\" alt=\"l.pozzi\" style=\"margin-top: 0px; margin-right: 3px; margin-bottom: 0px; margin-left: 3px;\" srcset=\"https:\/\/archivioturi.lavocedelpaese.info\/wp-content\/uploads\/2012\/01\/l.pozzi_.JPG 640w, https:\/\/archivioturi.lavocedelpaese.info\/wp-content\/uploads\/2012\/01\/l.pozzi_-300x141.jpg 300w\" sizes=\"auto, (max-width: 320px) 100vw, 320px\" \/><\/p>\n<p style=\"text-align: justify;\">Torniamo a parlare di Largo Pozzi, argomento che non poteva passare inosservato durante l\u2019ultimo Consiglio Comunale dell\u2019anno.<\/p>\n<p style=\"text-align: justify;\">\u00c8 proprio il Sindaco ad aprirne il discorso affermando che \u201channo portato alla luce una vasca di raccolta antica d\u2019acqua e poi due imbocchi degli antichi pozzi. Abbiamo verificato la consistenza di questi ritrovamenti che si trovano a un livello al di sotto di quattro metri e mezzo\u201d.<\/p>\n<p style=\"text-align: justify;\">Per questa ragione, aggiunge il Sindaco \u201cabbiamo invitato i tecnici a spostare gli scavi in una zona che si presume libera e variare quindi il progetto in funzione di una diversa collocazione\u201d. Al rientro dell\u2019arch. Susca, comunque, verr\u00e0 valutato il proseguo dei lavori.<\/p>\n<p style=\"text-align: justify;\">Fortunatamante, aggiunge ancora il primo cottadino, \u201cnessun danno \u00e8 stato causato a queste strutture\u201d anche se nessuno immaginava che i pozzi fossero in cos\u00ec buono stato. Molti dubbi sono rimasti irrisolti come la presenza dell\u2019Acqua che non si \u00e8 compreso se sia effettivamente sorgiva.<\/p>\n<p style=\"text-align: justify;\">\u201cBisogna farsi venire qualche buona idea per recuperare questa memoria storica\u201d \u2013 pone l\u2019accento ancora Gigantelli e verificare cos\u00ec i costi di questo recupero.<\/p>\n<p style=\"text-align: justify;\">Non si \u00e8 fatta attendere la replica di Denovellis che tuona: \u201cIl sindaco dice che ci sono i pozzi e vanno tutelati. Abbiamo scoperto l\u2019acqua calda a Largo Pozzi. Adesso chi pagher\u00e0 per questi errori? La Sovraintendenza vieta di procedere per ulteriori verifiche e di proseguire con il georadar. Perch\u00e9 non si \u00e8 fatto prima? Sindaco dobbiamo capire che Amministrare significa controllare i dirigenti!\u201d Denovellis fa riferimento al problema del nucleo di valutazione dei dipendenti del comune sollevato da Leogrande \u201cI nostri dirigenti hanno avuto tutti 9, il massimo dei voti, come se loro fanno volare il nostro comune. Sindaco apra gli occhi e si penta ogni tanto.\u201d.<\/p>\n<p style=\"text-align: justify;\">Pronta la replica del consigliere Giuseppe Carenza: \u201cA noi politici \u00e8 dato il compito di dare degli indirizzi. Se ci sono delle responsabilit\u00e0, sono tutte a carico dei dirigenti e noi da politici possiamo solo dare un giudizio su quello che \u00e8 successo\u201d.<\/p>\n","protected":false},"excerpt":{"rendered":"<p>&nbsp;<img loading=\"lazy\" decoding=\"async\" class=\" size-full wp-image-7838\" src=\"https:\/\/archivioturi.lavocedelpaese.info\/wp-content\/uploads\/2012\/01\/l.pozzi_.JPG\" width=\"320\" height=\"151\" alt=\"l.pozzi\" style=\"margin-top: 0px; margin-right: 3px; margin-bottom: 0px; margin-left: 3px;\" srcset=\"https:\/\/archivioturi.lavocedelpaese.info\/wp-content\/uploads\/2012\/01\/l.pozzi_.JPG 640w, https:\/\/archivioturi.lavocedelpaese.info\/wp-content\/uploads\/2012\/01\/l.pozzi_-300x141.jpg 300w\" sizes=\"auto, (max-width: 320px) 100vw, 320px\" \/><\/p>\n","protected":false},"author":1,"featured_media":7838,"comment_status":"open","ping_status":"closed","sticky":false,"template":"","format":"standard","meta":{"colormag_page_container_layout":"default_layout","colormag_page_sidebar_layout":"default_layout","footnotes":""},"categories":[7],"tags":[],"class_list":["post-7839","post","type-post","status-publish","format-standard","has-post-thumbnail","hentry","category-attualita"],"_links":{"self":[{"href":"https:\/\/archivioturi.lavocedelpaese.info\/index.php\/wp-json\/wp\/v2\/posts\/7839","targetHints":{"allow":["GET"]}}],"collection":[{"href":"https:\/\/archivioturi.lavocedelpaese.info\/index.php\/wp-json\/wp\/v2\/posts"}],"about":[{"href":"https:\/\/archivioturi.lavocedelpaese.info\/index.php\/wp-json\/wp\/v2\/types\/post"}],"author":[{"embeddable":true,"href":"https:\/\/archivioturi.lavocedelpaese.info\/index.php\/wp-json\/wp\/v2\/users\/1"}],"replies":[{"embeddable":true,"href":"https:\/\/archivioturi.lavocedelpaese.info\/index.php\/wp-json\/wp\/v2\/comments?post=7839"}],"version-history":[{"count":0,"href":"https:\/\/archivioturi.lavocedelpaese.info\/index.php\/wp-json\/wp\/v2\/posts\/7839\/revisions"}],"wp:featuredmedia":[{"embeddable":true,"href":"https:\/\/archivioturi.lavocedelpaese.info\/index.php\/wp-json\/wp\/v2\/media\/7838"}],"wp:attachment":[{"href":"https:\/\/archivioturi.lavocedelpaese.info\/index.php\/wp-json\/wp\/v2\/media?parent=7839"}],"wp:term":[{"taxonomy":"category","embeddable":true,"href":"https:\/\/archivioturi.lavocedelpaese.info\/index.php\/wp-json\/wp\/v2\/categories?post=7839"},{"taxonomy":"post_tag","embeddable":true,"href":"https:\/\/archivioturi.lavocedelpaese.info\/index.php\/wp-json\/wp\/v2\/tags?post=7839"}],"curies":[{"name":"wp","href":"https:\/\/api.w.org\/{rel}","templated":true}]}}