{"id":7806,"date":"2012-01-02T18:02:54","date_gmt":"2012-01-02T18:02:54","guid":{"rendered":"https:\/\/archivioturi.lavocedelpaese.info\/index.php\/2012\/01\/02\/da-largo-pozzi-a-recapito-finale\/"},"modified":"2012-01-02T18:02:54","modified_gmt":"2012-01-02T18:02:54","slug":"da-largo-pozzi-a-recapito-finale","status":"publish","type":"post","link":"https:\/\/archivioturi.lavocedelpaese.info\/index.php\/2012\/01\/02\/da-largo-pozzi-a-recapito-finale\/","title":{"rendered":"DA LARGO POZZI\u2026\u2026. A\u2026\u2026.. RECAPITO FINALE"},"content":{"rendered":"<p style=\"text-align: justify;\"><img loading=\"lazy\" decoding=\"async\" class=\" size-full wp-image-7805\" src=\"https:\/\/archivioturi.lavocedelpaese.info\/wp-content\/uploads\/2012\/01\/impegno.png\" width=\"320\" height=\"150\" alt=\"impegno\" style=\"margin-top: 0px; margin-right: 3px; margin-bottom: 0px; margin-left: 3px;\" srcset=\"https:\/\/archivioturi.lavocedelpaese.info\/wp-content\/uploads\/2012\/01\/impegno.png 640w, https:\/\/archivioturi.lavocedelpaese.info\/wp-content\/uploads\/2012\/01\/impegno-300x141.png 300w\" sizes=\"auto, (max-width: 320px) 100vw, 320px\" \/><\/p>\n<p style=\"text-align: justify;\">Ci\u00f2 che vi racconto \u00e8 realmente accaduto. Estate di circa 40 anni fa. Pineto. Provincia di Teramo. Un bambino di nome Piero (il sottoscritto) si perde in spiaggia. I ragazzi dello staff del lido lo trovano e cercano di aiutarlo a rintracciare i genitori. Gli porgono delle domande\u2026 nome\u2026. Cognome\u2026 indirizzo di residenza o domicilio. Potete immaginare quanto rimasero sbigottiti i soccorritori quando, alla domanda \u201cBimbo, dove abiti?\u201d, il bimbo rispose: \u201cGi\u00f9 ai pozzi\u201d, traducendo maldestramente dal proprio idioma \u201cAbbasch e\u2019 pozz\u201d.<\/p>\n<p style=\"text-align: justify;\">Invano cercarono lumi, chiedendo spiegazioni ai miei genitori che, sollevati per il ritrovamento, conclusero con una sonora risata.<\/p>\n<p style=\"text-align: justify;\"><strong>Io sono di quel luogo. A quel luogo appartengo<\/strong>. Un amico non italiano mi ha detto: guarda che l\u00ec c\u2019\u00e8 la tua storia\u2026. Non la mia.<\/p>\n<p style=\"text-align: justify;\">Con questi ricordi, armato di binocolo, scrutavo dalla finestra del terzo piano del mio condominio le macchine affaccendate nelle opere di scavo per il recapito finale della fogna bianca a Largo pozzi.<\/p>\n<p style=\"text-align: justify;\">Mi sentivo un poco a disagio a sbirciare\u2026. quasi spiare quello che stava accadendo in un luogo che cos\u00ec visceralmente mi appartiene; a cui \u00e8 legata la storia e la vita della mia gente; a cui sono legati i ricordi dell\u2019infanzia e delle mille interminabili partite a pallone.<\/p>\n<p style=\"text-align: justify;\">Vallo a spiegare a mio figlio col suo sguardo accigliato, perplesso ed acutamente interrogativo.<\/p>\n<p style=\"text-align: justify;\">Avrei voluto chiedere a qualcuno di poter guardare dentro\u2026. Da vicino. Un\u2019occasione forse unica per un viaggio nella storia del mio paese.<\/p>\n<p style=\"text-align: justify;\">Ad un certo punto, intravedo, con il mio binocolo da quattro soldi, la sezione di una specie di cunicolo. Che avranno trovato? Non sar\u00e0 mica\u2026.<\/p>\n<p style=\"text-align: justify;\">Mio figlio mi guarda sempre pi\u00f9 perplesso.<\/p>\n<p style=\"text-align: justify;\">Poi il fermo dei lavori.<\/p>\n<p style=\"text-align: justify;\">Dalla lettura dei giornali apprendo che si \u00e8 aperto, all\u2019improvviso, un dibattito su qualche ritrovamento \u201cinatteso\u201d.<\/p>\n<p style=\"text-align: justify;\">Incredibile: si \u00e8 scoperto che sotto Largo Pozzi ci sono i Pozzi. Strano a dirsi. Sissignori. Proprio le cisterne che, chiss\u00e0 per quanti, anni hanno custodito la risorsa pi\u00f9 importante della nostra comunit\u00e0: l\u2019acqua.<\/p>\n<p style=\"text-align: justify;\">Un fatto di cui nessuno era a conoscenza, sembra.<\/p>\n<p style=\"text-align: justify;\">In ciascuno di noi, invece, sono vive le immagini nelle foto, pur sbiadite, che raffigurano quei luoghi all\u2019inizio del novecento, con il grande piazzale allora alla periferia del paese, con i boccagli delle cisterne e le portatrici d\u2019acqua che scrutano l\u2019obiettivo del fotografo. Volti segnati bidimensionali immortalati per un viaggio nel tempo fino ad i giorni nostri.<\/p>\n<p style=\"text-align: justify;\">Torno un attimo nei panni del tecnico. Sono un ingegnere.<\/p>\n<p style=\"text-align: justify;\">Ogni volta che in un cantiere si comincia a scavare siamo costretti a comunicare i lavori alla Soprintendenza, affinch\u00e9 un archeologo assista alle prime opere di sbancamento.<\/p>\n<p style=\"text-align: justify;\">Possibile che in un luogo del genere nessuno ci abbia pensato prima?<\/p>\n<p style=\"text-align: justify;\">E\u2019 davvero possibile sostenere che quei ritrovamenti fossero imprevedibili?<\/p>\n<p style=\"text-align: justify;\">Ci\u00f2 che \u00e8 accaduto dopo \u00e8 ancora pi\u00f9 deludente. Giusto gli articoli di giornale a far da corollario alle argomentazioni borbottate negli uffici di palazzo.<\/p>\n<p style=\"text-align: justify;\">Quasi come se l\u2019argomento ai turesi non riguardasse affatto.<\/p>\n<p style=\"text-align: justify;\">E cos\u00ec, freddamente e laconicamente si decide: riseppelliamo tutto e spostiamo le cisterne.<\/p>\n<p style=\"text-align: justify;\">Non sarebbe opportuno, spontaneamente, portare a conoscenza della cittadinanza i dettagli della vicenda? Aprire un confronto senza aspettare le odiose richieste di \u201caccesso agli atti\u201d?<\/p>\n<p style=\"text-align: justify;\">Non basta dire \u201cQuel luogo non \u00e8 sottoposto a vincolo\u201d!!. L\u00ec sotto \u00e8 comunque seppellita una fetta importante della nostra storia, peraltro con una architettura tutta da scoprire.<\/p>\n<p style=\"text-align: justify;\">Si potrebbe pensare pure di portarne alla luce un pezzettino. Se non lo si fa adesso non lo si far\u00e0 mai pi\u00f9.<\/p>\n<p style=\"text-align: justify;\">Estate 2050. Pineto. Provincia di Teramo. Un bimbo si perde in spiaggia. Una ragazza dello staff lo soccorre. Proietta la sua immagine con un ologramma tridimensionale dal palchetto del lido; gli porge delle domande. Bimbo\u2026. Dove abiti? Il bimbo risponde: \u201cPresso il recapito finale di Largo Pozzi gentile signora\u201d\u2026\u2026.<\/p>\n<p style=\"text-align: justify;\">Direi che suona decisamente male\u2026.<\/p>\n<p style=\"text-align: justify;\"><em>Il movimento si impegna ad approfondire l\u2019argomento con ogni mezzo possibile affinch\u00e9 si faccia chiarezza, rendendo partecipe la cittadinanza.<\/em><\/p>\n","protected":false},"excerpt":{"rendered":"<p style=\"text-align: justify;\"><img loading=\"lazy\" decoding=\"async\" class=\" size-full wp-image-7805\" src=\"https:\/\/archivioturi.lavocedelpaese.info\/wp-content\/uploads\/2012\/01\/impegno.png\" width=\"320\" height=\"150\" alt=\"impegno\" style=\"margin-top: 0px; margin-right: 3px; margin-bottom: 0px; margin-left: 3px;\" srcset=\"https:\/\/archivioturi.lavocedelpaese.info\/wp-content\/uploads\/2012\/01\/impegno.png 640w, https:\/\/archivioturi.lavocedelpaese.info\/wp-content\/uploads\/2012\/01\/impegno-300x141.png 300w\" sizes=\"auto, (max-width: 320px) 100vw, 320px\" \/><\/p>\n","protected":false},"author":1,"featured_media":7805,"comment_status":"open","ping_status":"closed","sticky":false,"template":"","format":"standard","meta":{"colormag_page_container_layout":"default_layout","colormag_page_sidebar_layout":"default_layout","footnotes":""},"categories":[4],"tags":[],"class_list":["post-7806","post","type-post","status-publish","format-standard","has-post-thumbnail","hentry","category-politica"],"_links":{"self":[{"href":"https:\/\/archivioturi.lavocedelpaese.info\/index.php\/wp-json\/wp\/v2\/posts\/7806","targetHints":{"allow":["GET"]}}],"collection":[{"href":"https:\/\/archivioturi.lavocedelpaese.info\/index.php\/wp-json\/wp\/v2\/posts"}],"about":[{"href":"https:\/\/archivioturi.lavocedelpaese.info\/index.php\/wp-json\/wp\/v2\/types\/post"}],"author":[{"embeddable":true,"href":"https:\/\/archivioturi.lavocedelpaese.info\/index.php\/wp-json\/wp\/v2\/users\/1"}],"replies":[{"embeddable":true,"href":"https:\/\/archivioturi.lavocedelpaese.info\/index.php\/wp-json\/wp\/v2\/comments?post=7806"}],"version-history":[{"count":0,"href":"https:\/\/archivioturi.lavocedelpaese.info\/index.php\/wp-json\/wp\/v2\/posts\/7806\/revisions"}],"wp:featuredmedia":[{"embeddable":true,"href":"https:\/\/archivioturi.lavocedelpaese.info\/index.php\/wp-json\/wp\/v2\/media\/7805"}],"wp:attachment":[{"href":"https:\/\/archivioturi.lavocedelpaese.info\/index.php\/wp-json\/wp\/v2\/media?parent=7806"}],"wp:term":[{"taxonomy":"category","embeddable":true,"href":"https:\/\/archivioturi.lavocedelpaese.info\/index.php\/wp-json\/wp\/v2\/categories?post=7806"},{"taxonomy":"post_tag","embeddable":true,"href":"https:\/\/archivioturi.lavocedelpaese.info\/index.php\/wp-json\/wp\/v2\/tags?post=7806"}],"curies":[{"name":"wp","href":"https:\/\/api.w.org\/{rel}","templated":true}]}}