{"id":7771,"date":"2011-12-28T17:25:45","date_gmt":"2011-12-28T17:25:45","guid":{"rendered":"https:\/\/archivioturi.lavocedelpaese.info\/index.php\/2011\/12\/28\/la-turi-che-vorrei-con-colapietro-e-tauro\/"},"modified":"2011-12-28T17:25:45","modified_gmt":"2011-12-28T17:25:45","slug":"la-turi-che-vorrei-con-colapietro-e-tauro","status":"publish","type":"post","link":"https:\/\/archivioturi.lavocedelpaese.info\/index.php\/2011\/12\/28\/la-turi-che-vorrei-con-colapietro-e-tauro\/","title":{"rendered":"\u201cLA TURI CHE VORREI\u201d CON COLAPIETRO E TAURO"},"content":{"rendered":"<p style=\"text-align: justify;\"><img loading=\"lazy\" decoding=\"async\" class=\" size-full wp-image-7770\" src=\"https:\/\/archivioturi.lavocedelpaese.info\/wp-content\/uploads\/2011\/12\/sante-e-pierino.jpg\" width=\"320\" height=\"150\" alt=\"sante e pierino\" style=\"margin-top: 0px; margin-right: 3px; margin-bottom: 0px; margin-left: 3px;\" \/><\/p>\n<p style=\"text-align: justify;\">Le prossime amministrative si avvicinano inesorabilmente. Alleanze o protagonisti in vista di un appuntamento di estrema importanza, nonostante il tempo che ci divide stia diventando davvero poco, non se ne vedono. Sembra di camminare in un sentiero di campagna durante una notte d\u2019inverno, dove le uniche compagnie sono il freddo e il tenue bagliore dei riflessi della luna resi colorati di rosso da una fittissima nebbia. Tutti sanno che ci si sta muovendo, ma nessuno rivela le varie compagini che vanno via via tracciandosi, anche nel rispetto dei cittadini che, ancora una volta, saranno costretti a subire l\u2019ennesima tornata elettorale identica alle altre passate. Tanti candidati sindaci, sostenuti da loro uomini di fiducia, che cercheranno di strappare un voto ad amici e parenti, con la promessa di una \u201cTuri migliore\u201d.<\/p>\n<p style=\"text-align: justify;\">Quando si parla di politica a Turi, non ci si pu\u00f2 dimenticare di <strong>Pierino Colapietro <\/strong>e<strong> Sante Tauro<\/strong>. Protagonisti dello scenario politico locale, lo sono sempre stati,&nbsp; tramite la loro dedizioni alle sorti del paese. Non hanno mai temuto le conseguenze delle loro dichiarazioni perch\u00e9, come sostengono all\u2019unisono, \u201cse si denuncia una violazione, non c\u2019\u00e8 querela che tenga. Non si pu\u00f2 far passare attivit\u00e0 che avvantaggiano alcuni e non tutti\u201d.<\/p>\n<p style=\"text-align: justify;\">Cercheremo di capire il motivo per cui hanno sempre acclamato una giustizia che, negli ultimi anni soprattutto, \u00e8 stata soffocata in virt\u00f9 di servigi poco utili ai turesi.<\/p>\n<p style=\"text-align: justify;\"><strong>Nel quadro politico, vi ritenete uomini di destra o di sinistra? In conformit\u00e0 a quale elemento avete costruito la vostra etica politica?<\/strong><\/p>\n<p style=\"text-align: justify;\">Abbiamo sempre collocato la nostra vocazione politica al centro. Per noi \u00e8 importante difendere valori come la religione, la famiglia, il rispetto dei principi su cui si sono basati i nostri padri costituenti, le fondamenta della nostra Costituzione. \u00c8 importante anche mantenere alti i diritti dei dipendenti cos\u00ec come anche quelli degli imprenditori, perch\u00e9 sono due categorie che non possono fare a meno l\u2019una dell\u2019altra. Collocarsi al centro ci permette di poter dar voce a questo nostro principio, evitando di far pendere l\u2019ago della bilancia da un lato a svantaggio degli altri.<\/p>\n<p style=\"text-align: justify;\"><strong>C\u2019\u00e8 molta diffidenza nella politica e nei politici. Da cosa dipende?<\/strong><\/p>\n<p style=\"text-align: justify;\">A livello locale, ha avuto importanza il grande flop della filiera politica che, come pochissime altre volte era accaduto in passato, si \u00e8 avuto in questo periodo. Gigantelli, Resta, Boccardi, Fitto, tre personalit\u00e0 con animo liberale, figure di estrema importanza, con ruoli fondamentali nelle istituzioni governative locali, non sono riusciti a far valere quanto il nostro paese richiedeva. \u00c8 sotto gli occhi di tutti il tasso di disoccupazione oppure la valorizzazione dei prodotti locali, le ciliegie innanzi a tutto. Biseglie, grazie ai suoi assessori sono riusciti ad avere il \u2018consorzio delle ciliegie ferrovie\u2019<em>, <\/em>Turi, che da anni si dibatte per questo, rischia di perdere il ruolo da protagonista che gli compete, pi\u00f9 di altre realt\u00e0 locali, per qualit\u00e0 del prodotto.<\/p>\n<p style=\"text-align: justify;\"><strong>I giovani, quasi sempre duri nei confronti dei politici. Voi come cerchereste di attirare il loro consenso?<\/strong><\/p>\n<p style=\"text-align: justify;\">L\u2019unica possibilit\u00e0 che abbiamo \u00e8 quella di mostrarci quanto pi\u00f9 trasparenti possibili. Abbiamo dei progetti, delle necessit\u00e0 che bisogna attuare il prima possibile. Essere chiari con loro, servirebbe a far capire loro di cosa Turi soffre. Sarebbe utile ad attirare la loro attenzione e collaborazione, affinch\u00e8 un progetto possa andare avanti con un largo consenso. Negli ultimi anni di amministrazione, il nostro consigliere Ventrella, ha firmato soltanto quei provvedimenti chiari, utili, scartando il marciume che puntualmente volevano farlo passare come necessario. Ora ne andiamo fieri di tutto questo e continueremo su questa strada presa e anzi, cercheremo di diffondere questi valori nell\u2019animo di chi avr\u00e0 voglia di dedicare un po\u2019 del suo tempo alla nostra causa.<\/p>\n<p style=\"text-align: justify;\"><strong>Con quale argomento cerchereste di far cambiare idea alle persone?<\/strong><\/p>\n<p style=\"text-align: justify;\">Turi ha bisogno di essere valorizzata in tutte le sue qualit\u00e0. Abbiamo caratteristiche per avviare attivit\u00e0 di turismo per il tramite del nostro centro storico. L\u2019agricoltura dovrebbe essere valorizzata molto di pi\u00f9 perch\u00e9 le nostre terre hanno caratteristiche che favoriscono la qualit\u00e0 di prodotti di cui noi gi\u00e0 siamo leader. Ma questi sono dei piccolissimi esempi. Tra i nostri progetti c\u2019\u00e8 anche di creare una community virtuale, un portale aperto a tutti i cittadini, in cui ognuno avrebbe l\u2019opportunit\u00e0 di poter suggerire qualcosa agli amministratori. Chi pi\u00f9 dei turesi stessi conoscono i problemi del paese?<\/p>\n<p style=\"text-align: justify;\"><strong>Di cosa Turi ha urgenza e che non \u00e8 stato fatto?<\/strong><\/p>\n<p style=\"text-align: justify;\">La prima mission<em> <\/em>da attuare sarebbe il pareggio del bilancio. Inoltre, \u00e8 fondamentale ottenere il marchio DOP per la ciliegia ferrovia e creare una citt\u00e0 a misura d\u2019uomo. Facebook, inutile negarlo, ha aperto una nuova frontiera nella comunicazione. La vivibilit\u00e0 di un paese passa proprio dalle necessit\u00e0 che noi abbiamo bisogno ed evidenziamo in qualsiasi momento, con chiunque. \u00c8 nostro intento creare una pagina virtuale, intitolata \u201cLa Turi che vorrei\u201d, in cui chiunque possa inviare un piccolo messaggio, un\u2019indicazione per far capire all\u2019amministrazione le mancanze di cui i cittadini hanno bisogno. Avviare quel processo che renderebbe l\u2019amministrazione pi\u00f9 vicina alla sua popolazione. Diffondere ad esempio l\u2019importanza del P.U.A. (Porta Unica d\u2019Accesso), uno sportello in cui tutti possono avere la possibilit\u00e0 di denunciare una situazione di disagio, sicuri che qualcuno prenderebbe in considerazione il problema, cercando di porre un rimedio quanto pi\u00f9 condivisibile possibile. Un\u2019altra urgenza di cui il nostro paese necessit\u00e0 \u00e8 la grave piaga della disoccupazione. Noi proponiamo di sfruttare la nostra unica risorsa: l\u2019agricoltura. Ci sono centinaia di ettari di terra incolti. Si potrebbe firmare una sorta di trattato con i proprietari di queste terre, in cui il comune si impegnerebbe a bonificare e renderli produttivi, facendo lavorare le tante persone che si trovano in stato di disoccupazione.<\/p>\n<p style=\"text-align: justify;\"><strong>Elezioni comunale 2012. Avete intenzione di rendervi protagonisti della prossima campagna elettorale?<\/strong><\/p>\n<p style=\"text-align: justify;\">In realt\u00e0 abbiamo iniziato a costruire un progetto ormai da tanto tempo. Le elezioni del 2012 sono un traguardo molto importante. Abbiamo alle spalle diversi anni trascorsi nella politica. Abbiamo maturato tanta esperienza e pensiamo che ora sia giunto il momento di mettere in pratica quanto imparato finora, cercando di evitare gli errori compiuti dalle amministrazioni precedenti, lavorando sempre per gli interessi dell\u2019intero paese.<\/p>\n<p style=\"text-align: justify;\"><strong>In caso di alleanze, chi, tra gli attuali uomini della politica che hanno espresso il desiderio di rendersi protagonisti, scegliereste di allearvi?<\/strong><\/p>\n<p style=\"text-align: justify;\">Tra gli attuali politici, o chi vorrebbe intraprendere questo cammino, le persone con cui avremmo voglia di collaborare, sono coloro che hanno davvero a cuore il paese. Abbiamo bisogno, ad esempio di un sindaco che apra la mattina il comune e che sia l\u2019ultimo a uscire, chiudendolo. Abbiamo bisogno di gente che faccia il possibile per offrire a Turi e ai Turesi un\u2019amministrazione loro \u201camica\u201d con cui dialogare cercando di capire le varie problematiche, ponendovi delle soluzioni.<\/p>\n<p>Per le prossime elezioni il nostro obiettivo \u00e8 formare una squadra di persone che abbiano voglia di conseguire gli obiettivi che dovremo, in ogni modo, portare a termine. Parlando tra i nostri concittadini, tante sono le persone che condividono le nostre idee. Ora stiamo cercando di mettere su una squadra con cui costruire una lista e decidere il percorso migliore da seguire per raggiungere gli obiettivi che abbiamo prefissato.<\/p>\n","protected":false},"excerpt":{"rendered":"<p style=\"text-align: justify;\"><img loading=\"lazy\" decoding=\"async\" class=\" size-full wp-image-7770\" src=\"https:\/\/archivioturi.lavocedelpaese.info\/wp-content\/uploads\/2011\/12\/sante-e-pierino.jpg\" width=\"320\" height=\"150\" alt=\"sante e pierino\" style=\"margin-top: 0px; margin-right: 3px; margin-bottom: 0px; margin-left: 3px;\" \/><\/p>\n","protected":false},"author":1,"featured_media":7770,"comment_status":"open","ping_status":"closed","sticky":false,"template":"","format":"standard","meta":{"colormag_page_container_layout":"default_layout","colormag_page_sidebar_layout":"default_layout","footnotes":""},"categories":[7],"tags":[],"class_list":["post-7771","post","type-post","status-publish","format-standard","has-post-thumbnail","hentry","category-attualita"],"_links":{"self":[{"href":"https:\/\/archivioturi.lavocedelpaese.info\/index.php\/wp-json\/wp\/v2\/posts\/7771","targetHints":{"allow":["GET"]}}],"collection":[{"href":"https:\/\/archivioturi.lavocedelpaese.info\/index.php\/wp-json\/wp\/v2\/posts"}],"about":[{"href":"https:\/\/archivioturi.lavocedelpaese.info\/index.php\/wp-json\/wp\/v2\/types\/post"}],"author":[{"embeddable":true,"href":"https:\/\/archivioturi.lavocedelpaese.info\/index.php\/wp-json\/wp\/v2\/users\/1"}],"replies":[{"embeddable":true,"href":"https:\/\/archivioturi.lavocedelpaese.info\/index.php\/wp-json\/wp\/v2\/comments?post=7771"}],"version-history":[{"count":0,"href":"https:\/\/archivioturi.lavocedelpaese.info\/index.php\/wp-json\/wp\/v2\/posts\/7771\/revisions"}],"wp:featuredmedia":[{"embeddable":true,"href":"https:\/\/archivioturi.lavocedelpaese.info\/index.php\/wp-json\/wp\/v2\/media\/7770"}],"wp:attachment":[{"href":"https:\/\/archivioturi.lavocedelpaese.info\/index.php\/wp-json\/wp\/v2\/media?parent=7771"}],"wp:term":[{"taxonomy":"category","embeddable":true,"href":"https:\/\/archivioturi.lavocedelpaese.info\/index.php\/wp-json\/wp\/v2\/categories?post=7771"},{"taxonomy":"post_tag","embeddable":true,"href":"https:\/\/archivioturi.lavocedelpaese.info\/index.php\/wp-json\/wp\/v2\/tags?post=7771"}],"curies":[{"name":"wp","href":"https:\/\/api.w.org\/{rel}","templated":true}]}}