{"id":7761,"date":"2011-12-27T17:35:47","date_gmt":"2011-12-27T17:35:47","guid":{"rendered":"https:\/\/archivioturi.lavocedelpaese.info\/index.php\/2011\/12\/27\/tanti-auguri-a-2\/"},"modified":"2011-12-27T17:35:47","modified_gmt":"2011-12-27T17:35:47","slug":"tanti-auguri-a-2","status":"publish","type":"post","link":"https:\/\/archivioturi.lavocedelpaese.info\/index.php\/2011\/12\/27\/tanti-auguri-a-2\/","title":{"rendered":"TANTI AUGURI A \u2026"},"content":{"rendered":"<p>&nbsp;<img loading=\"lazy\" decoding=\"async\" class=\" size-full wp-image-7703\" src=\"https:\/\/archivioturi.lavocedelpaese.info\/wp-content\/uploads\/2011\/12\/nino-ninja.png\" width=\"320\" height=\"150\" alt=\"nino ninja\" style=\"margin-top: 0px; margin-right: 3px; margin-bottom: 0px; margin-left: 3px;\" srcset=\"https:\/\/archivioturi.lavocedelpaese.info\/wp-content\/uploads\/2011\/12\/nino-ninja.png 640w, https:\/\/archivioturi.lavocedelpaese.info\/wp-content\/uploads\/2011\/12\/nino-ninja-300x141.png 300w\" sizes=\"auto, (max-width: 320px) 100vw, 320px\" \/><\/p>\n<p style=\"text-align: justify;\"><strong>H<\/strong>. Non pervenuto. Stiamo lavorando per voi. \u201cil cliente da lei desiderato non \u00e8 al momento raggiungibile\u201d.<\/p>\n<p style=\"text-align: justify;\"><strong>I<\/strong>nter. Povera \u201cbeneamata\u201d. Qualche nostalgico \u00e8 ritornato a definirsi dell\u2019Ambrosiana. Dai fasti ai fusti di petrolio. Passeranno altri vent\u2019anni per farlo godere? Coincidenza: con l\u2019apertura dell\u2019Inter Club \u201cG. Facchetti\u201d a Turi la luce si andava spegnendo. Non \u00e8 che per caso porta \u201csfiga\u201d? Presidente prenda le dovute precauzioni !!! Grattati \u2026 i capelli!???<\/p>\n<p style=\"text-align: justify;\"><strong>L<\/strong>avoro. Una vecchia \u201cstoriella\u201d raccontava che un politico in piazza a Sammichele di Bari, durante un comizio strillava: \u201cAmici di Sammichele, se mi votate, vi dar\u00f2 pane e lavoro\u201d. Un \u201ccasalino\u201d dal pubblico rispose: \u201cComb\u00e0, il pane va bene, ma il lavoro tinatiell\u2019tu\u201d. Il lavoro, vera piaga sociale. A Turi qualcuno ha dato \u201cpane e lavoro\u201d e a lui \u2026 la frutta. Vero Donato?<\/p>\n<p style=\"text-align: justify;\"><strong>M<\/strong>ercieri Francesco. Ex sostenitore di Mimmo Leogrande, ex sostenitore di Onofrio Resta. Si allea con gli ex Puglia Prima di Tutto. Il suo movimento \u00e8 pieno di ex. Rischia di correre da solo alle prossime amministrative perch\u00e9 seguace di Vascxo: \u201cVoglio una vita spericolata .. voglio una vita piena di guai \u2026\u201d Voglio fare .. il Sindaco !!!<\/p>\n<p style=\"text-align: justify;\"><strong>N<\/strong>inja. Lettore assiduo di Massimo Gabellini, l\u2019ultimo libro di Crozza lo ha divorato. Simpatizzante per landini (FIOM). Da Babbo Natale si far\u00e0 regalare le \u201cencicliche\u201d di Giorgio Napolitano. Il suo idolo letterario \u00e8 Antonio Cassano, invidia le cassanate, lui che spara solo caz\u2026.<\/p>\n<p style=\"text-align: justify;\"><strong>O<\/strong>nofrio Resta.primario pneumologo, docente universitario. Politico. Ex Sindaco. Assessore Provinciale eletto grazie ai voti dei putignanesi. Si definisce \u201cfittiano\u201d, non del PDL, ma della Puglia Prima di Tutto. Ama le amicizie forti: Schittulli, Francesco Divella, la Montalcini, Sgarbi, Eligio De Carolis, Gianni Colapietro. \u00c8 seduto, imprecando sui suoi (pochi) capelli, alla riva del fiume (invidiando Palasciano che \u00e8 a Cuba) in attesa che decida o decidano? Guarda pi\u00f9 a destra o al Terzo Polo? Per ora \u00e8 in \u201csilenzio politico\u201d. La SNAI lo quota bassissimo come futuro sindaco di Turi. Con chi? Conviene non scommettere perch\u00e9 per natura \u00e8 un vincente. Se poi non parla, vuol dire che il piatto \u00e8 pronto con TU \u2026 NDO servito. Onofrio, il ROND\u00d2 arriver\u00e0 per Pasqua, visto che Babbo Natale e la Befana hanno pensato a Putignano?<\/p>\n<p style=\"text-align: justify;\"><strong>P<\/strong>overi noi turesi. Si dice che la \u201cRagioneria\u201d potrebbe essere accorpata all\u2019Agrario \u201cCaramia\u201d di Locorotondo. TOMBOLA !!! Si perde la presidenza, l\u2019autonomia e tutto il prestigio. \u00c8 l\u2019unica realt\u00e0 positiva della nostra cittadina e come nostra abitudine perdiamo \u2026 Sono iniziati i processi. La colpa \u00e8 di Tizio \u2026 NO! La colpa \u00e8 di Caio \u2026 SI !! Ora che la \u201cpatata bollente\u201d passa alla Regione, Boccardi paregger\u00e0 con Pentassuglia 1 a 1 o ci sar\u00e0 il raddoppio? Mich\u00e8, MUOVITI, non pensare all\u2019UDC.<\/p>\n","protected":false},"excerpt":{"rendered":"<p>&nbsp;<img loading=\"lazy\" decoding=\"async\" class=\" size-full wp-image-7703\" src=\"https:\/\/archivioturi.lavocedelpaese.info\/wp-content\/uploads\/2011\/12\/nino-ninja.png\" width=\"320\" height=\"150\" alt=\"nino ninja\" style=\"margin-top: 0px; margin-right: 3px; margin-bottom: 0px; margin-left: 3px;\" srcset=\"https:\/\/archivioturi.lavocedelpaese.info\/wp-content\/uploads\/2011\/12\/nino-ninja.png 640w, https:\/\/archivioturi.lavocedelpaese.info\/wp-content\/uploads\/2011\/12\/nino-ninja-300x141.png 300w\" sizes=\"auto, (max-width: 320px) 100vw, 320px\" \/><\/p>\n","protected":false},"author":1,"featured_media":7703,"comment_status":"open","ping_status":"closed","sticky":false,"template":"","format":"standard","meta":{"colormag_page_container_layout":"default_layout","colormag_page_sidebar_layout":"default_layout","footnotes":""},"categories":[7],"tags":[],"class_list":["post-7761","post","type-post","status-publish","format-standard","has-post-thumbnail","hentry","category-attualita"],"_links":{"self":[{"href":"https:\/\/archivioturi.lavocedelpaese.info\/index.php\/wp-json\/wp\/v2\/posts\/7761","targetHints":{"allow":["GET"]}}],"collection":[{"href":"https:\/\/archivioturi.lavocedelpaese.info\/index.php\/wp-json\/wp\/v2\/posts"}],"about":[{"href":"https:\/\/archivioturi.lavocedelpaese.info\/index.php\/wp-json\/wp\/v2\/types\/post"}],"author":[{"embeddable":true,"href":"https:\/\/archivioturi.lavocedelpaese.info\/index.php\/wp-json\/wp\/v2\/users\/1"}],"replies":[{"embeddable":true,"href":"https:\/\/archivioturi.lavocedelpaese.info\/index.php\/wp-json\/wp\/v2\/comments?post=7761"}],"version-history":[{"count":0,"href":"https:\/\/archivioturi.lavocedelpaese.info\/index.php\/wp-json\/wp\/v2\/posts\/7761\/revisions"}],"wp:featuredmedia":[{"embeddable":true,"href":"https:\/\/archivioturi.lavocedelpaese.info\/index.php\/wp-json\/wp\/v2\/media\/7703"}],"wp:attachment":[{"href":"https:\/\/archivioturi.lavocedelpaese.info\/index.php\/wp-json\/wp\/v2\/media?parent=7761"}],"wp:term":[{"taxonomy":"category","embeddable":true,"href":"https:\/\/archivioturi.lavocedelpaese.info\/index.php\/wp-json\/wp\/v2\/categories?post=7761"},{"taxonomy":"post_tag","embeddable":true,"href":"https:\/\/archivioturi.lavocedelpaese.info\/index.php\/wp-json\/wp\/v2\/tags?post=7761"}],"curies":[{"name":"wp","href":"https:\/\/api.w.org\/{rel}","templated":true}]}}