{"id":7711,"date":"2011-12-21T16:16:49","date_gmt":"2011-12-21T16:16:49","guid":{"rendered":"https:\/\/archivioturi.lavocedelpaese.info\/index.php\/2011\/12\/21\/larte-del-presepe-anastasio-dogna\/"},"modified":"2011-12-21T16:16:49","modified_gmt":"2011-12-21T16:16:49","slug":"larte-del-presepe-anastasio-dogna","status":"publish","type":"post","link":"https:\/\/archivioturi.lavocedelpaese.info\/index.php\/2011\/12\/21\/larte-del-presepe-anastasio-dogna\/","title":{"rendered":"L\u2019ARTE DEL PRESEPE: ANASTASIO DOGNA"},"content":{"rendered":"<p>&nbsp;<img loading=\"lazy\" decoding=\"async\" class=\" size-full wp-image-7709\" src=\"https:\/\/archivioturi.lavocedelpaese.info\/wp-content\/uploads\/2011\/12\/100_0474.JPG\" width=\"320\" height=\"150\" alt=\"100 0474\" style=\"margin-top: 0px; margin-right: 3px; margin-bottom: 0px; margin-left: 3px;\" srcset=\"https:\/\/archivioturi.lavocedelpaese.info\/wp-content\/uploads\/2011\/12\/100_0474.JPG 640w, https:\/\/archivioturi.lavocedelpaese.info\/wp-content\/uploads\/2011\/12\/100_0474-300x140.jpg 300w\" sizes=\"auto, (max-width: 320px) 100vw, 320px\" \/><\/p>\n<p style=\"text-align: justify;\">Uno degli artisti che ha collaborato alla realizzazione dei presepi nel centro storico turese \u00e8 Anastasio Dogna che abbiamo incontrato al termine del suo lavoro creativo. Artista di presepi, il signor Dogna ci mostra quello realizzato nella sua abitazione turese, dove risiede da circa 15 anni. \u201cLa mia passione nasce sin da piccolo quando, insieme ai miei coetanei, collaborai a realizzare i presepi presso \u201cl\u2019Oratorio\u201d di Conversano\u201d. \u201cDa allora \u2013 continua Anastasio Dogna \u2013 \u201cla mia passione \u00e8 cresciuta ed oggi realizzo presepi in casa\u201d. Un\u2019arte che non viene mostrata \u201cal pubblico\u201d e valorizzata in maniera opportuna, \u201cma resta la soddisfazione personale di aver partecipato alla tradizione dell\u2019arte del presepe\u201d. Amici, familiari, vicini di casa il pubblico al quale Dogna si rivolge con la sua creativit\u00e0, ma perch\u00e9 non impegnarsi in qualcosa di pi\u00f9?<\/p>\n<p style=\"text-align: justify;\">\u201cDesidero incontrare altre persone che come me realizzano in casa il presepe artistico \u2013 aggiunge infine \u2013 magari per mostrare il nostro lavoro ai bambini, agli anziani e a tutti coloro che vogliono apprezzare l\u2019arte del presepe\u201d. Per chiunque avesse voglia di contattare il signor Dogna, pu\u00f2 chiamarlo al numero 3382462884.<\/p>\n<p style=\"text-align: justify;\"><img loading=\"lazy\" decoding=\"async\" class=\" size-full wp-image-7710\" src=\"https:\/\/archivioturi.lavocedelpaese.info\/wp-content\/uploads\/2011\/12\/100_0466.JPG\" width=\"640\" height=\"480\" alt=\"100 0466\" style=\"margin-top: 0px; margin-right: 3px; margin-bottom: 0px; margin-left: 3px;\" srcset=\"https:\/\/archivioturi.lavocedelpaese.info\/wp-content\/uploads\/2011\/12\/100_0466.JPG 640w, https:\/\/archivioturi.lavocedelpaese.info\/wp-content\/uploads\/2011\/12\/100_0466-300x225.jpg 300w\" sizes=\"auto, (max-width: 640px) 100vw, 640px\" \/><\/p>\n","protected":false},"excerpt":{"rendered":"<p>&nbsp;<img loading=\"lazy\" decoding=\"async\" class=\" size-full wp-image-7709\" src=\"https:\/\/archivioturi.lavocedelpaese.info\/wp-content\/uploads\/2011\/12\/100_0474.JPG\" width=\"320\" height=\"150\" alt=\"100 0474\" style=\"margin-top: 0px; margin-right: 3px; margin-bottom: 0px; margin-left: 3px;\" srcset=\"https:\/\/archivioturi.lavocedelpaese.info\/wp-content\/uploads\/2011\/12\/100_0474.JPG 640w, https:\/\/archivioturi.lavocedelpaese.info\/wp-content\/uploads\/2011\/12\/100_0474-300x140.jpg 300w\" sizes=\"auto, (max-width: 320px) 100vw, 320px\" \/><\/p>\n","protected":false},"author":1,"featured_media":7709,"comment_status":"open","ping_status":"closed","sticky":false,"template":"","format":"standard","meta":{"colormag_page_container_layout":"default_layout","colormag_page_sidebar_layout":"default_layout","footnotes":""},"categories":[7],"tags":[],"class_list":["post-7711","post","type-post","status-publish","format-standard","has-post-thumbnail","hentry","category-attualita"],"_links":{"self":[{"href":"https:\/\/archivioturi.lavocedelpaese.info\/index.php\/wp-json\/wp\/v2\/posts\/7711","targetHints":{"allow":["GET"]}}],"collection":[{"href":"https:\/\/archivioturi.lavocedelpaese.info\/index.php\/wp-json\/wp\/v2\/posts"}],"about":[{"href":"https:\/\/archivioturi.lavocedelpaese.info\/index.php\/wp-json\/wp\/v2\/types\/post"}],"author":[{"embeddable":true,"href":"https:\/\/archivioturi.lavocedelpaese.info\/index.php\/wp-json\/wp\/v2\/users\/1"}],"replies":[{"embeddable":true,"href":"https:\/\/archivioturi.lavocedelpaese.info\/index.php\/wp-json\/wp\/v2\/comments?post=7711"}],"version-history":[{"count":0,"href":"https:\/\/archivioturi.lavocedelpaese.info\/index.php\/wp-json\/wp\/v2\/posts\/7711\/revisions"}],"wp:featuredmedia":[{"embeddable":true,"href":"https:\/\/archivioturi.lavocedelpaese.info\/index.php\/wp-json\/wp\/v2\/media\/7709"}],"wp:attachment":[{"href":"https:\/\/archivioturi.lavocedelpaese.info\/index.php\/wp-json\/wp\/v2\/media?parent=7711"}],"wp:term":[{"taxonomy":"category","embeddable":true,"href":"https:\/\/archivioturi.lavocedelpaese.info\/index.php\/wp-json\/wp\/v2\/categories?post=7711"},{"taxonomy":"post_tag","embeddable":true,"href":"https:\/\/archivioturi.lavocedelpaese.info\/index.php\/wp-json\/wp\/v2\/tags?post=7711"}],"curies":[{"name":"wp","href":"https:\/\/api.w.org\/{rel}","templated":true}]}}