{"id":77,"date":"2009-07-14T10:09:30","date_gmt":"2009-07-14T10:09:30","guid":{"rendered":"https:\/\/archivioturi.lavocedelpaese.info\/index.php\/2009\/07\/14\/onofrio-resta-massima-attenzione-per-la-sicurezza\/"},"modified":"2009-07-14T10:09:30","modified_gmt":"2009-07-14T10:09:30","slug":"onofrio-resta-massima-attenzione-per-la-sicurezza","status":"publish","type":"post","link":"https:\/\/archivioturi.lavocedelpaese.info\/index.php\/2009\/07\/14\/onofrio-resta-massima-attenzione-per-la-sicurezza\/","title":{"rendered":"CI SCRIVE ONOFRIO RESTA: ATTENTI ALLA SICUREZZA"},"content":{"rendered":"<p style=\"text-align: center;\"><img loading=\"lazy\" decoding=\"async\" class=\" size-full wp-image-75\" alt=\"altavelocita\" src=\"https:\/\/archivioturi.lavocedelpaese.info\/wp-content\/uploads\/2009\/07\/altavelocita.jpg\" width=\"320\" height=\"156\" srcset=\"https:\/\/archivioturi.lavocedelpaese.info\/wp-content\/uploads\/2009\/07\/altavelocita.jpg 410w, https:\/\/archivioturi.lavocedelpaese.info\/wp-content\/uploads\/2009\/07\/altavelocita-300x146.jpg 300w\" sizes=\"auto, (max-width: 320px) 100vw, 320px\" \/><\/p>\n<div style=\"text-align: justify;\"><\/div>\n<div style=\"text-align: justify;\"><\/div>\n<div style=\"text-align: justify;\"><\/div>\n<div style=\"text-align: justify;\"><img loading=\"lazy\" decoding=\"async\" class=\" alignleft size-full wp-image-76\" style=\"float: left;\" alt=\"Onofrio-Resta\" src=\"https:\/\/archivioturi.lavocedelpaese.info\/wp-content\/uploads\/2009\/07\/Onofrio-Resta.jpg\" width=\"222\" height=\"333\" srcset=\"https:\/\/archivioturi.lavocedelpaese.info\/wp-content\/uploads\/2009\/07\/Onofrio-Resta.jpg 350w, https:\/\/archivioturi.lavocedelpaese.info\/wp-content\/uploads\/2009\/07\/Onofrio-Resta-200x300.jpg 200w\" sizes=\"auto, (max-width: 222px) 100vw, 222px\" \/><em> <\/em><\/div>\n<div style=\"text-align: justify;\"><em>All&#8217;attenzione di Turiweb da parte del Prof. Onofrio Resta, Assessore Provinciale alle attivit\u00e0 produttive ed eletto nel Collegio provinciale Turi-Putignano<\/em><\/div>\n<p><\/p>\n<div style=\"text-align: justify;\">Dai dati tecnici in nostro possesso, risulta probabile che la <strong>causa dell&#8217; incidente<\/strong> sia da attribuire all&#8217;eccessiva velocit\u00e0 e non alle caratteristiche delle barriere di sicurezza che hanno esplicato la loro azione di contenimento, nei limiti previsti dalle caratteristiche per le quali erano state progettate.<\/p>\n<p>Comunque, <strong>d&#8217;accordo con il Presidente Schittulli<\/strong> e con l&#8217;assessore alla viabilit\u00e0 Labianca e alla sicurezza Paparella, \u00e8 ferma intenzione dell&#8217;amministrazione provinciale di seguire con il <strong>massimo di attenzione le problematiche relative alla sicurezza <\/strong>e alle eventuali criticit\u00e0 della SP125.<\/p>\n<p>E&#8217; possibile una revisione della programmazione degli interventi della viabilit\u00e0 provinciale con l&#8217;allargamento e sistemazione della circonvallazione di Turi.<\/p>\n<p>Per quanto riguarda il grande problema della statale 172, \u00e8 necessario capire quali sono le responsabilit\u00e0 dell&#8217;ANAS in questo momento. Infatti, bisogna verificare qual \u00e8 l&#8217;effettivo stato dell&#8217; arte del nuovo progetto sul quale sta lavorando l&#8217;ANAS. Se questo \u00e8 stato completato oppure no e se no quali sono gli eventuali impedimenti. <\/p>\n<p><strong>Ho gi\u00e0 chiesto a questo proposito<\/strong> un appuntamento ai vertici dell&#8217;ANAS per ottenere tutte le informazioni possibili a riguardo. Nel frattempo ritengo giusto che i sindaci dei Comuni interessati alla SS 172 oltre che i movimenti volontari dei cittadini che si sono attivati a questo riguardo, continuino a matenere alta l&#8217;attenzione perch\u00e8 la disgrazie su questa strada sono ormai nell&#8217;ordine di una vera a propria emergenza.<\/div>\n","protected":false},"excerpt":{"rendered":"<p style=\"text-align: center;\"><img loading=\"lazy\" decoding=\"async\" class=\" size-full wp-image-75\" alt=\"altavelocita\" src=\"https:\/\/archivioturi.lavocedelpaese.info\/wp-content\/uploads\/2009\/07\/altavelocita.jpg\" width=\"320\" height=\"156\" srcset=\"https:\/\/archivioturi.lavocedelpaese.info\/wp-content\/uploads\/2009\/07\/altavelocita.jpg 410w, https:\/\/archivioturi.lavocedelpaese.info\/wp-content\/uploads\/2009\/07\/altavelocita-300x146.jpg 300w\" sizes=\"auto, (max-width: 320px) 100vw, 320px\" \/><\/p>\n","protected":false},"author":1,"featured_media":75,"comment_status":"open","ping_status":"closed","sticky":false,"template":"","format":"standard","meta":{"colormag_page_container_layout":"default_layout","colormag_page_sidebar_layout":"default_layout","footnotes":""},"categories":[4],"tags":[],"class_list":["post-77","post","type-post","status-publish","format-standard","has-post-thumbnail","hentry","category-politica"],"_links":{"self":[{"href":"https:\/\/archivioturi.lavocedelpaese.info\/index.php\/wp-json\/wp\/v2\/posts\/77","targetHints":{"allow":["GET"]}}],"collection":[{"href":"https:\/\/archivioturi.lavocedelpaese.info\/index.php\/wp-json\/wp\/v2\/posts"}],"about":[{"href":"https:\/\/archivioturi.lavocedelpaese.info\/index.php\/wp-json\/wp\/v2\/types\/post"}],"author":[{"embeddable":true,"href":"https:\/\/archivioturi.lavocedelpaese.info\/index.php\/wp-json\/wp\/v2\/users\/1"}],"replies":[{"embeddable":true,"href":"https:\/\/archivioturi.lavocedelpaese.info\/index.php\/wp-json\/wp\/v2\/comments?post=77"}],"version-history":[{"count":0,"href":"https:\/\/archivioturi.lavocedelpaese.info\/index.php\/wp-json\/wp\/v2\/posts\/77\/revisions"}],"wp:featuredmedia":[{"embeddable":true,"href":"https:\/\/archivioturi.lavocedelpaese.info\/index.php\/wp-json\/wp\/v2\/media\/75"}],"wp:attachment":[{"href":"https:\/\/archivioturi.lavocedelpaese.info\/index.php\/wp-json\/wp\/v2\/media?parent=77"}],"wp:term":[{"taxonomy":"category","embeddable":true,"href":"https:\/\/archivioturi.lavocedelpaese.info\/index.php\/wp-json\/wp\/v2\/categories?post=77"},{"taxonomy":"post_tag","embeddable":true,"href":"https:\/\/archivioturi.lavocedelpaese.info\/index.php\/wp-json\/wp\/v2\/tags?post=77"}],"curies":[{"name":"wp","href":"https:\/\/api.w.org\/{rel}","templated":true}]}}