{"id":7624,"date":"2011-12-13T11:56:43","date_gmt":"2011-12-13T11:56:43","guid":{"rendered":"https:\/\/archivioturi.lavocedelpaese.info\/index.php\/2011\/12\/13\/la-lilt-presto-in-biblioteca\/"},"modified":"2011-12-13T11:56:43","modified_gmt":"2011-12-13T11:56:43","slug":"la-lilt-presto-in-biblioteca","status":"publish","type":"post","link":"https:\/\/archivioturi.lavocedelpaese.info\/index.php\/2011\/12\/13\/la-lilt-presto-in-biblioteca\/","title":{"rendered":"LA LILT PRESTO IN BIBLIOTECA"},"content":{"rendered":"<p>&nbsp;<\/p>\n<p><b><img loading=\"lazy\" decoding=\"async\" class=\" size-full wp-image-7254\" src=\"https:\/\/archivioturi.lavocedelpaese.info\/wp-content\/uploads\/2011\/10\/biblioteca_turi.jpg\" width=\"321\" height=\"151\" alt=\"biblioteca turi\" style=\"margin-top: 0px; margin-right: 3px; margin-bottom: 0px; margin-left: 3px;\" srcset=\"https:\/\/archivioturi.lavocedelpaese.info\/wp-content\/uploads\/2011\/10\/biblioteca_turi.jpg 321w, https:\/\/archivioturi.lavocedelpaese.info\/wp-content\/uploads\/2011\/10\/biblioteca_turi-300x141.jpg 300w\" sizes=\"auto, (max-width: 321px) 100vw, 321px\" \/><\/b><\/p>\n<p style=\"text-align: justify;\">Possiamo ormai iniziare un conto alla rovescia per il vecchio rudere di via Conversano che presto rester\u00e0 per noi turesi solo un lungo ricordo. Entro il mese di gennaio, ogni attivit\u00e0 ospitata nel primo piano della struttura sar\u00e0 temporaneamente trasferita in altri locali di propriet\u00e0 comunale permettendo cos\u00ec l\u2019abbattimento e la successiva costruzione dell\u2019area. Nel pomeriggio di gioved\u00ec 1 dicembre, il vicesindaco Paolo Tundo e il sindaco Vincenzo Gigantelli hanno incontrato la vice responsabile LILT di Turi, Anna Maria Camponobile alla quale hanno accertato l\u2019immediato spostamento della sede LILT al secondo piano della Biblioteca Comunale.<\/p>\n<p style=\"text-align: justify;\">Abbiamo incontrato la responsabile della LILT, dott.ssa Cristina Cozzolino che all\u2019indomani della comunicazione da parte dell\u2019Amministrazione, ringrazia chi ha preso a cuore la situazione di un\u2019Associazione oncologica onlus qui a Turi, garantendo ai turesi e ai cittadini dei paesi limitrofi, un\u2019attivit\u00e0 di volontariato cos\u00ec importante.<\/p>\n<p style=\"text-align: justify;\">Emozionanti le parole della responsabile turese che, con gli occhi lucidi, ci ha raccontato il percorso che l\u2019ha spinta ad aprire la LILT a Turi, affiancata dalla presenza, puntuale e necessaria, della sua vice Camponobile. \u201cAd una sorella la cui memoria mi accompagner\u00e0 per sempre, e ad un\u2019amica che non verr\u00e0 mai dimenticata, la LILT di Turi si impegna per i turesi e per chi chiede un aiuto\u201d.<\/p>\n<p style=\"text-align: justify;\">\u201cSiamo contenti della vicinanza che hanno dimostrato tutti quanti e nonostante gli equivoci, ringrazio tutti l\u2019amministrazione per il lavoro svolto, i concittadini che ci danno fiducia e i volontari che si impegnano per questo grande obiettivo che \u00e8 la prevenzione delle malattie oncologiche\u201d \u2013 conclude la Cozzolino, evidenziando il desiderio di non privare il paese di una tale realt\u00e0 che sta sempre pi\u00f9 riscuotendo approvazione. Negli ultimi mesi, infatti, in tanti si sono affacciati allo sportello d\u2019accoglienza per richiedere la partecipazione alle lezioni di yoga e aggiunge la responsabile \u201cda gennaio, presso la nuova sede, stiamo pensando di avviare corsi di yoga della risata\u201d. Sempre disponibili a lasciare chiarimenti o semplici informazioni, i volontari Lilt, dalla voce della dott.ssa Cozzolino estendono a tutti gli auguri per un Santo Natale e l\u2019auspicio di serenit\u00e0 a tutti perch\u00e9 ne abbiamo bisogno. \u201cAuguro anche a voi ragazzi della redazione de \u201cLa Voce del Paese\u201d di trascorrere delle liete festivit\u00e0 e di portare nelle case dei lettori un messaggio di semplicit\u00e0 e gioia\u201d.&nbsp;<\/p>\n","protected":false},"excerpt":{"rendered":"<p>&nbsp;<\/p>\n<p><b><img loading=\"lazy\" decoding=\"async\" class=\" size-full wp-image-7254\" src=\"https:\/\/archivioturi.lavocedelpaese.info\/wp-content\/uploads\/2011\/10\/biblioteca_turi.jpg\" width=\"321\" height=\"151\" alt=\"biblioteca turi\" style=\"margin-top: 0px; margin-right: 3px; margin-bottom: 0px; margin-left: 3px;\" srcset=\"https:\/\/archivioturi.lavocedelpaese.info\/wp-content\/uploads\/2011\/10\/biblioteca_turi.jpg 321w, https:\/\/archivioturi.lavocedelpaese.info\/wp-content\/uploads\/2011\/10\/biblioteca_turi-300x141.jpg 300w\" sizes=\"auto, (max-width: 321px) 100vw, 321px\" \/><\/b><\/p>\n","protected":false},"author":1,"featured_media":7254,"comment_status":"open","ping_status":"closed","sticky":false,"template":"","format":"standard","meta":{"colormag_page_container_layout":"default_layout","colormag_page_sidebar_layout":"default_layout","footnotes":""},"categories":[7],"tags":[],"class_list":["post-7624","post","type-post","status-publish","format-standard","has-post-thumbnail","hentry","category-attualita"],"_links":{"self":[{"href":"https:\/\/archivioturi.lavocedelpaese.info\/index.php\/wp-json\/wp\/v2\/posts\/7624","targetHints":{"allow":["GET"]}}],"collection":[{"href":"https:\/\/archivioturi.lavocedelpaese.info\/index.php\/wp-json\/wp\/v2\/posts"}],"about":[{"href":"https:\/\/archivioturi.lavocedelpaese.info\/index.php\/wp-json\/wp\/v2\/types\/post"}],"author":[{"embeddable":true,"href":"https:\/\/archivioturi.lavocedelpaese.info\/index.php\/wp-json\/wp\/v2\/users\/1"}],"replies":[{"embeddable":true,"href":"https:\/\/archivioturi.lavocedelpaese.info\/index.php\/wp-json\/wp\/v2\/comments?post=7624"}],"version-history":[{"count":0,"href":"https:\/\/archivioturi.lavocedelpaese.info\/index.php\/wp-json\/wp\/v2\/posts\/7624\/revisions"}],"wp:featuredmedia":[{"embeddable":true,"href":"https:\/\/archivioturi.lavocedelpaese.info\/index.php\/wp-json\/wp\/v2\/media\/7254"}],"wp:attachment":[{"href":"https:\/\/archivioturi.lavocedelpaese.info\/index.php\/wp-json\/wp\/v2\/media?parent=7624"}],"wp:term":[{"taxonomy":"category","embeddable":true,"href":"https:\/\/archivioturi.lavocedelpaese.info\/index.php\/wp-json\/wp\/v2\/categories?post=7624"},{"taxonomy":"post_tag","embeddable":true,"href":"https:\/\/archivioturi.lavocedelpaese.info\/index.php\/wp-json\/wp\/v2\/tags?post=7624"}],"curies":[{"name":"wp","href":"https:\/\/api.w.org\/{rel}","templated":true}]}}