{"id":7623,"date":"2011-12-13T06:52:52","date_gmt":"2011-12-13T06:52:52","guid":{"rendered":"https:\/\/archivioturi.lavocedelpaese.info\/index.php\/2011\/12\/13\/il-variegato-mondo-del-karate\/"},"modified":"2011-12-13T06:52:52","modified_gmt":"2011-12-13T06:52:52","slug":"il-variegato-mondo-del-karate","status":"publish","type":"post","link":"https:\/\/archivioturi.lavocedelpaese.info\/index.php\/2011\/12\/13\/il-variegato-mondo-del-karate\/","title":{"rendered":"IL VARIEGATO MONDO DEL KARATE"},"content":{"rendered":"<p><img loading=\"lazy\" decoding=\"async\" class=\" size-full wp-image-7622\" src=\"https:\/\/archivioturi.lavocedelpaese.info\/wp-content\/uploads\/2011\/12\/karate_m.JPG\" width=\"320\" height=\"150\" alt=\"karate m\" style=\"margin-top: 0px; margin-right: 3px; margin-bottom: 0px; margin-left: 3px;\" srcset=\"https:\/\/archivioturi.lavocedelpaese.info\/wp-content\/uploads\/2011\/12\/karate_m.JPG 640w, https:\/\/archivioturi.lavocedelpaese.info\/wp-content\/uploads\/2011\/12\/karate_m-300x141.jpg 300w\" sizes=\"auto, (max-width: 320px) 100vw, 320px\" \/><\/p>\n<p style=\"text-align: justify;\">Quando si parla di arti marziali, la prima parola che torna in mente \u00e8 Karate.<\/p>\n<p style=\"text-align: justify;\">Ma in definitiva cos\u2019\u00e8 il Karate e che differenza c\u2019\u00e8 tra questa disciplina e le altre?<\/p>\n<p style=\"text-align: justify;\">Abbiamo posto delle domande al M\u00b0 Mallardi Francesco cintura nera III dan di questa disciplina.<\/p>\n<p style=\"text-align: justify;\"><b>Cosa significa karate e in cosa consiste?<\/b><\/p>\n<p style=\"text-align: justify;\">Il karate \u00e8 una disciplina che ha origini molto antiche. Fondata in Giappone, precisamente nell\u2019isola di Okinawa, cos\u00ec come quasi tutte le discipline marziali, ha le sue radici nel KUNG-FU. Letteralmente significa \u201c<i>mano (\u201cte\u201d) vuota (\u201ckara\u201d)\u201d<\/i>, quindi arte di difesa personale in cui non \u00e8 ammesso l\u2019utilizzo di armi. Praticare questo sport non significa semplicemente tirare pugni e calci contro un avversario. Nel karate una tecnica deve corrispondere a dei requisiti ben precisi. L\u2019atleta deve acquisire prima i movimenti da svolgere e successivamente si passa al kat\u00e0 o al kumit\u00e8.<\/p>\n<p style=\"text-align: justify;\"><b>Ha parlato di kat\u00e0 e kumit\u00e8. Qual \u00e8 il loro significato?<\/b><\/p>\n<p style=\"text-align: justify;\">Il <b>kat\u00e0<\/b> \u00e8 un combattimento contro un avversario immaginario. Consiste in una sequenza di tecniche, parate e attacchi predefiniti. Di kat\u00e0 ce ne sono tantissimi, a seconda del livello di cintura e dello stile praticato. Si inizia con dei kat\u00e0 molto elementari, per le cinture bianche, in cui l\u2019atleta ha un primo approccio verso questa disciplina, per poi arrivare a kat\u00e0 estremamente difficoltosi, dove bisogna eseguire successioni di tecniche molto complesse, salti e combinazioni in equilibrio precario. Durante le gare, gli atleti vengono valutati da una commissione arbitrale, che, tenendo conto di tutti i requisiti richiesti dal regolamento, valutano l\u2019esecuzione del kat\u00e0 eseguiti dai vari atleti confrontandoli e decretandone quindi il vincitore. Nel kat\u00e0 si possono distinguere quattro stili differenti, <i>Shito Ryu, Wado Ryu, Gojo Ryu E Shotokan, <\/i>a secondo dell\u2019elemento della natura che si \u00e8 deciso di tenere in considerazione. Il <b>kumit\u00e8<\/b> invece \u00e8 un combattimento vero e proprio contro due avversari. Essendo il karate una disciplina estremamente rigorosa, i criteri da rispettare durante il combattimento sono eleganza, velocit\u00e0, precisione e correttezza di esecuzione. Tutte le tecniche devono essere eseguite in una determinata maniera. Per questo motivo il kat\u00e0 \u00e8 importante anche per il kumit\u00e8. Nei combattimenti simulati, si acquisisce quell\u2019eleganza e precisione che il regolamento del combattimento richiede.<\/p>\n<p style=\"text-align: justify;\"><b>Il karate prevede dei combattimenti. Questo per\u00f2 non potrebbe portare i genitori a scegliere altre attivit\u00e0 pi\u00f9 leggere e meno d\u2019impatto? <\/b><\/p>\n<p style=\"text-align: justify;\">Nulla di pi\u00f9 errato. Il Karate non \u00e8 semplicemente un sport da combattimento. \u00c8 una disciplina e quindi deve essere intesa come uno stile di vita. Noi istruttori, abbiamo il compito innanzitutto di far capire agli atleti il rispetto verso tutto quello che ci circonda. Insegnamo loro il rispetto verso gli amici, gli avversari e chiunque si trovi a dover condividere il nostro stesso ambiente. Le gare nella nostra disciplina non sussistono nel \u201cdarsi mazzate\u201d e basta. Nel kat\u00e0 sono previsti calci e pugni, ma non c\u2019\u00e8 nessun avversario che potrebbe contrattaccare. Nel kumit\u00e8 non \u00e8 previsto in alcuna categoria il contatto al viso. Tra le protezioni inoltre che ogni atleta deve indossare, oltre ai classici guantini, conchiglia, parastinchi, paradenti, c\u2019\u00e8 anche il corpetto e per i pi\u00f9 piccoli una maschera protettiva. Inoltre, dal momento che l\u2019incontro \u00e8 vinto &nbsp;da chi riesce a totalizzare il maggior numero di punti, gli atleti sono \u201ccostretti\u201d a portare a segno le tecniche con una velocit\u00e0 tale che diventa quasi del tutto impossibile riuscire ad imprimere anche la forza necessaria per un colpo da K.O. Lascio immaginare la complessit\u00e0 della disciplina e soprattutto il <i>fair play <\/i>da parte degli atleti. Per questo motivo sostengo che il karate \u00e8 molto importante soprattutto per i bambini.<\/p>\n<p style=\"text-align: justify;\"><b>Da quale et\u00e0 si potrebbe iniziare?<\/b><\/p>\n<p style=\"text-align: justify;\">Il karate \u00e8 uno tra gli sport pi\u00f9 completi che possano esserci. Ci sono degli studi medici che certificano l\u2019importanza di questa disciplina in quanto aumenta la capacit\u00e0 neuro-motoria dell\u2019atleta. Non ci sono limiti di et\u00e0 per iniziare ad indossare \u201ckimono\u201d e cintura. Ho dei piccoli atleti che frequentano l\u2019asilo, come anche persone oramai adulte affascinate da questo sport e che non perdono una sola lezione.<\/p>\n<p style=\"text-align: justify;\"><b>Il karate come sport agonistico non figura tra le discipline olimpioniche. Perch\u00e9?<\/b><\/p>\n<p style=\"text-align: justify;\">Purtroppo questo \u00e8 una grossa mancanza da parte degli organi competenti. Entrare nel C.I.O. non \u00e8 affatto semplice. Pi\u00f9 volte <st1:personname productid=\"la WKF\">la WKF<\/st1:personname> (Word Karate Federation) ha fatto richiesta di poter valutare il Karate e quindi farlo entrare nella lista delle discipline olimpioniche. Gli elementi da valutare per\u00f2 non riguardavano lo sport e basta, ma anche il livello di organizzazione, i regolamenti, il livello di preparazione degli arbitri. In sostanza, si valuta le capacit\u00e0 di uno sport di attirare l\u2019attenzione del pubblico con tutto quello che ne consegue. Purtroppo nel campionato mondiale che si \u00e8 tenuto a Tokio nel 2008, pochi mesi prima delle olimpiadi di Pechino, una delegazione del C.I.O. inviata per valutare la possibilit\u00e0 di un eventuale ingresso, ha assistito ad uno spettacolo praticamente indecente. Il responso \u00e8 stato ovviamente una sonora bocciatura per il karate alle olimpiadi. Questo tradotto significa che il karate sar\u00e0 costretto per tanto altro tempo ancora ad essere sport secondario, retto semplicemente dalle economie delle famiglie. So che si sta lavorando per migliorare quanto rovinato. A partire dal 2012 il regolamento cambier\u00e0 nuovamente, ma non so in definitiva quanto tempo occorrer\u00e0 per vedere gli atleti col kimono da karate alle olimpidali.<\/p>\n<p style=\"text-align: justify;\"><b>A Turi il karate com\u2019\u00e8 concepito? Ha molti atleti che la seguono?<\/b><\/p>\n<p style=\"text-align: justify;\">Qui a Turi insegno ormai da oltre dieci anni. Ero poco pi\u00f9 che ventenne quando ho messo per la prima volta piede in una palestra in questo paese. Da allora tanti atleti hanno indossato il Kimono e tanti altri sono andati via. Solo uno allora bambino, ora ormai ragazzo, ha continuato imperterrito nella pratica di questa disciplina seguendomi durante tutti gli allenamenti sin dal principio. Un ragazzo davvero in gamba e che spero riuscir\u00f2 a portare sul podio pi\u00f9 alto del campionato italiano un giorno o l\u2019altro. I genitori che accompagnano i figli da me, sono molto entusiasti della disciplina. Li seguono durante le gare, durante gli esami, durante le lezioni in palestra. Il karate per\u00f2 non \u00e8 semplice. Io sono molto meticoloso durante le lezioni. Presto molta attenzione affinch\u00e8 i piccoli atleti imparino a giocare, stare insieme, senza per\u00f2 dimenticare lo scopo per cui vengono da me ovvero imparare il karate. Il turno dei bimbi \u00e8 bellissimo e lavorare con loro \u00e8 meraviglioso. Gridano, giocano, si divertono ed &nbsp;imparano tanto. Quando arriva l\u2019et\u00e0 in cui possono gareggiare invece, gli allenamenti diventano davvero duri. Dai ragazzi voglio ogni giorno sempre di pi\u00f9, devono esprimere il massimo delle loro possibilit\u00e0 ad ogni lezione. Il mio motto \u00e8: <i>nulla \u00e8 impossibile, bisogna solo avere pi\u00f9 fiducia di s\u00e9<\/i>. Se dovessi esprimere un giudizio, non potrebbe essere che positivo. Sono contento del loro entusiasmo. Ci sono momenti che divento davvero \u201ccattivo\u201d, soprattutto quando vedo che hanno pi\u00f9 voglia di chiacchierare che di lavorare, ma nonostante tutto, sono sempre avanti a me pronti a ripartire. Hanno voglia di imparare, sono anche molto in gamba. Mi auguro che possano raccogliere tante belle esperienze da questo sport, come \u00e8 successo a me e che io sia artefice di questi momenti.<\/p>\n","protected":false},"excerpt":{"rendered":"<p><img loading=\"lazy\" decoding=\"async\" class=\" size-full wp-image-7622\" src=\"https:\/\/archivioturi.lavocedelpaese.info\/wp-content\/uploads\/2011\/12\/karate_m.JPG\" width=\"320\" height=\"150\" alt=\"karate m\" style=\"margin-top: 0px; margin-right: 3px; margin-bottom: 0px; margin-left: 3px;\" srcset=\"https:\/\/archivioturi.lavocedelpaese.info\/wp-content\/uploads\/2011\/12\/karate_m.JPG 640w, https:\/\/archivioturi.lavocedelpaese.info\/wp-content\/uploads\/2011\/12\/karate_m-300x141.jpg 300w\" sizes=\"auto, (max-width: 320px) 100vw, 320px\" \/><\/p>\n","protected":false},"author":1,"featured_media":7622,"comment_status":"open","ping_status":"closed","sticky":false,"template":"","format":"standard","meta":{"colormag_page_container_layout":"default_layout","colormag_page_sidebar_layout":"default_layout","footnotes":""},"categories":[5],"tags":[],"class_list":["post-7623","post","type-post","status-publish","format-standard","has-post-thumbnail","hentry","category-sport"],"_links":{"self":[{"href":"https:\/\/archivioturi.lavocedelpaese.info\/index.php\/wp-json\/wp\/v2\/posts\/7623","targetHints":{"allow":["GET"]}}],"collection":[{"href":"https:\/\/archivioturi.lavocedelpaese.info\/index.php\/wp-json\/wp\/v2\/posts"}],"about":[{"href":"https:\/\/archivioturi.lavocedelpaese.info\/index.php\/wp-json\/wp\/v2\/types\/post"}],"author":[{"embeddable":true,"href":"https:\/\/archivioturi.lavocedelpaese.info\/index.php\/wp-json\/wp\/v2\/users\/1"}],"replies":[{"embeddable":true,"href":"https:\/\/archivioturi.lavocedelpaese.info\/index.php\/wp-json\/wp\/v2\/comments?post=7623"}],"version-history":[{"count":0,"href":"https:\/\/archivioturi.lavocedelpaese.info\/index.php\/wp-json\/wp\/v2\/posts\/7623\/revisions"}],"wp:featuredmedia":[{"embeddable":true,"href":"https:\/\/archivioturi.lavocedelpaese.info\/index.php\/wp-json\/wp\/v2\/media\/7622"}],"wp:attachment":[{"href":"https:\/\/archivioturi.lavocedelpaese.info\/index.php\/wp-json\/wp\/v2\/media?parent=7623"}],"wp:term":[{"taxonomy":"category","embeddable":true,"href":"https:\/\/archivioturi.lavocedelpaese.info\/index.php\/wp-json\/wp\/v2\/categories?post=7623"},{"taxonomy":"post_tag","embeddable":true,"href":"https:\/\/archivioturi.lavocedelpaese.info\/index.php\/wp-json\/wp\/v2\/tags?post=7623"}],"curies":[{"name":"wp","href":"https:\/\/api.w.org\/{rel}","templated":true}]}}