{"id":7580,"date":"2011-12-07T05:45:03","date_gmt":"2011-12-07T05:45:03","guid":{"rendered":"https:\/\/archivioturi.lavocedelpaese.info\/index.php\/2011\/12\/07\/il-nostro-movimento-e-un-impegno-verso-i-cittadini\/"},"modified":"2011-12-07T05:45:03","modified_gmt":"2011-12-07T05:45:03","slug":"il-nostro-movimento-e-un-impegno-verso-i-cittadini","status":"publish","type":"post","link":"https:\/\/archivioturi.lavocedelpaese.info\/index.php\/2011\/12\/07\/il-nostro-movimento-e-un-impegno-verso-i-cittadini\/","title":{"rendered":"\u201cIL NOSTRO MOVIMENTO \u00c8 UN IMPEGNO VERSO I CITTADINI\u201d"},"content":{"rendered":"<p><img loading=\"lazy\" decoding=\"async\" class=\" size-full wp-image-7579\" src=\"https:\/\/archivioturi.lavocedelpaese.info\/wp-content\/uploads\/2011\/12\/sandro_laera.jpg\" width=\"320\" height=\"150\" alt=\"sandro laera\" style=\"margin-top: 0px; margin-right: 3px; margin-bottom: 0px; margin-left: 3px;\" \/><\/p>\n<p>&nbsp;<\/p>\n<p style=\"text-align: justify;\">Impegno Per Turi \u00e8 un movimento sorto con un obiettivo ben preciso: lavorare con lo scopo di rendere il paese degno dei cittadini che lo abitano. Il <b>dott. Laera Sandro<\/b>, libero professionista, tra gli aderenti del gruppo, ci spiega cos\u2019\u00e8 Impegno Per Turi e per quale motivo ha deciso di dedicarsi alla sua causa.<\/p>\n<p style=\"text-align: justify;\"><b>Per quale motivo \u00e8 nato Impegno Per Turi?<\/b><\/p>\n<p style=\"text-align: justify;\">Impegno per Turi \u00e8 nato grazie al contributo di persone che hanno assunto l\u2019obbligo di Impegnarsi per il paese. Gente che, a seguito di esperienze trascorse, cercano di dare un valido contributo verso quelli che sono i disagi in cui versa il paese e sul quale bisognerebbe intervenire il pi\u00f9 presto possibile. L\u2019impegno di ogni singolo aderente \u00e8 di esaminare e cercare di dare delle soluzioni quanto pi\u00f9 condivisibili e utili possibili.<\/p>\n<p style=\"text-align: justify;\"><b>Per quale motivo ha deciso di dedicarsi a questo partito e non ha voluto seguire altri colori politici pi\u00f9 conosciuti?<\/b><\/p>\n<p style=\"text-align: justify;\">Dopo l\u2019ultima esperienza politica, quando ho creduto nel progetto della lista Turi Nel Cuore, ho avuto un seguito che mi ha molto deluso. Una delusione che non derivava dall\u2019aver preso voti insufficienti per far parte della giunta, quanto dalla completa esclusione e considerazione da parte dei miei \u201ccolleghi\u201d di partito in questi anni di amministrazione. Mi hanno dimostrato che la mia presenza era semplicemente legata ai voti che avrei potuto portare alla lista e null\u2019altro.<\/p>\n<p style=\"text-align: justify;\">Ho scelto Impegno Per Turi perch\u00e9 \u00e8 un movimento che pi\u00f9 del colore politico, ha come obiettivo dare e fare qualcosa per il paese. \u00c8 aperto a tutte le correnti politiche. Abbiamo uno statuto che chiunque abbia voglia di aderire deve sottoscrivere e che prevede una condivisione palese da parte dell\u2019intero gruppo su qualsiasi decisione o azione da adottare. Non si lavora per essere eletti, bens\u00ec per trovare delle soluzioni.<\/p>\n<p style=\"text-align: justify;\"><b>Nel Suo partito sono pi\u00f9 importanti i voti che ogni singolo aderente garantisca, oppure la voglia di costruire un presente e futuro migliore per il paese?<\/b><\/p>\n<p style=\"text-align: justify;\">Molti degli iscritti sono persone che vivono a Turi da diversi anni ma provenienti da altri comuni e quindi non hanno tante conoscenze, se non le persone che frequentano nel quotidiano. Non sono per noi quindi dei \u201ccontenitori\u201d di voti. In compenso per\u00f2, hanno tanta voglia di lavorare per far s\u00ec che il paese diventi il pi\u00f9 possibile vivibile. Il nostro movimento \u00e8 un impegno verso i cittadini, non \u00e8 stato costituito per diventare maggioranza di una giunta comunale.<\/p>\n<p style=\"text-align: justify;\"><b>Che cosa pensa dei giovani che dimostrano la loro intenzione di voler svolgere un ruolo da protagonisti nella prossima tornata elettorale? La loro presenza sarebbe un valore aggiunto oppure un elemento di destabilizzazione a causa della loro voglia di realizzare tutto il possibile in poco tempo?<\/b><\/p>\n<p style=\"text-align: justify;\">La presenza di giovani che vorrebbero far politica per me \u00e8 una constatazione d\u2019indubbia importanza. Il loro punto di vista, le loro opinioni e proposte, il loro impeto, non farebbero altro che far diventare il nostro impegno ancor pi\u00f9 completo, vivace e incisivo.<\/p>\n<p style=\"text-align: justify;\"><b>Qual \u00e8 la colpa pi\u00f9 grave che attribuisce a questa amministrazione?<\/b><\/p>\n<p style=\"text-align: justify;\">Aver sprecato tanto tempo nel cercare di costruire una giunta forte, \u00e8 stato indubbiamente uno degli elementi che pi\u00f9 ha inficiato sul loro operato. Una lista che ha l\u2019obiettivo di governare un paese, non pu\u00f2 crearsi mettendo insieme persone pochi minuti prima della scadenza dei termini per le presentazioni. Al contrario, deve essere completata dopo un percorso lungo e meticoloso. Sottovalutare questo dettaglio pu\u00f2 portare solo a tanto disordine, com\u2019\u00e8 successo in Turi negli ultimi cinque anni. Altro problema che non posso trascurare \u00e8 la completa assenza dell\u2019amministrazione durante lo svolgimento dei lavori, quei lavori che sono stati pubblicizzati come necessari per offrire un miglior servizio ai cittadini. I risultati per\u00f2 sono sotto gli occhi di tutti, come ad esempio la rotatoria di via Casamassima, assolutamente mal costruita e estremamente pericolosa, oppure le strade appena rifatte ma gi\u00e0 piene di buche \u201cattappate\u201d. Tutti soldi spesi senza aver usato il \u201ccriterio del buon padre di famiglia\u201d.<\/p>\n<p style=\"text-align: justify;\"><b>Corriamo un po\u2019 con i tempi. Impegno per Turi \u00e8 maggioranza. Cosa pensate di trovare? Cosa quest\u2019amministrazione lascer\u00e0? E quali potrebbero essere le prime mosse che fareste? Far trascorrere innanzitutto un anno di mandato per comunicare quanto di sbagliato ha fatto l\u2019attuale amministrazione, oppure sapete gi\u00e0 cosa fare?<\/b><\/p>\n<p style=\"text-align: justify;\">Impegno Per Turi \u00e8 un movimento che al suo interno ha gi\u00e0 costituito delle Task Force per individuare quali sono i \u201cmali\u201d del paese, proponendo delle soluzioni che, l\u2019intero movimento, cos\u00ec come stabilito nel nostro ordinamento, valuter\u00e0. Sappiamo gi\u00e0 cosa potremmo trovare. Si parte dalla consapevolezza che Turi soffre di un \u201cdeficit strutturale\u201d: le spese sono maggiori delle entrate. \u00c8 inammissibile far credere ai cittadini di offrire dei servizi, quando in realt\u00e0, proprio con quei servizi si sono aggiunti ulteriori costi alle casse comunali, perch\u00e8 non si riesce a farli funzionare. Su di un punto, noi di Impegno per Turi, siamo convinti da sempre: continuare tutte le azioni iniziate dalle precedenti amministrazioni e contemporaneamente lavorare per recuperare quante pi\u00f9 risorse possibili e apportare nuovi servizi al paese, cercando di non trasformarle in occasioni per mostrare delle inettitudini da parte dell\u2019amministrazione.<\/p>\n<p style=\"text-align: justify;\"><b>Un parere sulla volont\u00e0 di alcuni attuali consiglieri di volersi ricandidare. \u00c8 giusto oppure sarebbe meglio che \u201cstessero un po\u2019 fuori dall\u2019orbita\u201d dell\u2019amministrazione locale?<\/b><\/p>\n<p style=\"text-align: justify;\">La loro voglia di presentarsi anche alle prossime amministrative, spero sia dettata dalla loro coscienza. Saranno i cittadini, in quel caso a dimostrargli la gratitudine verso quanto hanno, o non hanno fatto, durante questi cinque anni di amministrazione.<\/p>\n<p style=\"text-align: justify;\"><b>Dott. De Grisantis. Una figura d\u2019indubbia caratura politica e con una forte personalit\u00e0, col suo famoso comizio, ha aperto ufficialmente la campagna elettorale, anche se con largo anticipo. Cosa ne pensa? Ha mosso critiche agli attuali protagonisti dello scenario politico turese, sia di maggioranza che di opposizione. Sarebbe un\u2019alleanza proponibile Impegno Per Turi e l\u2019ex sindaco? Oppure avete individuato altre figure pi\u00f9 vicine al vostro pensiero?<\/b><\/p>\n<p style=\"text-align: justify;\">Un\u2019alleanza con il dott. De Grisantis \u00e8 indubbiamente un valore aggiunto per Impegno Per Turi. La sua voglia di far rivivere il paese, riattivare la macchina dell\u2019amministrazione e ridare all\u2019intera comunit\u00e0 quell\u2019orgoglio di essere turesi che negli ultimi anni ci hanno strappato, \u00e8 un sentimento che noi condividiamo pienamente. Il suo apporto, lo abbiamo espresso in diverse occasioni, anche in sua presenza, \u00e8 apprezzato da tutto il gruppo.&nbsp;<\/p>\n","protected":false},"excerpt":{"rendered":"<p><img loading=\"lazy\" decoding=\"async\" class=\" size-full wp-image-7579\" src=\"https:\/\/archivioturi.lavocedelpaese.info\/wp-content\/uploads\/2011\/12\/sandro_laera.jpg\" width=\"320\" height=\"150\" alt=\"sandro laera\" style=\"margin-top: 0px; margin-right: 3px; margin-bottom: 0px; margin-left: 3px;\" \/><\/p>\n","protected":false},"author":1,"featured_media":7579,"comment_status":"open","ping_status":"closed","sticky":false,"template":"","format":"standard","meta":{"colormag_page_container_layout":"default_layout","colormag_page_sidebar_layout":"default_layout","footnotes":""},"categories":[4],"tags":[],"class_list":["post-7580","post","type-post","status-publish","format-standard","has-post-thumbnail","hentry","category-politica"],"_links":{"self":[{"href":"https:\/\/archivioturi.lavocedelpaese.info\/index.php\/wp-json\/wp\/v2\/posts\/7580","targetHints":{"allow":["GET"]}}],"collection":[{"href":"https:\/\/archivioturi.lavocedelpaese.info\/index.php\/wp-json\/wp\/v2\/posts"}],"about":[{"href":"https:\/\/archivioturi.lavocedelpaese.info\/index.php\/wp-json\/wp\/v2\/types\/post"}],"author":[{"embeddable":true,"href":"https:\/\/archivioturi.lavocedelpaese.info\/index.php\/wp-json\/wp\/v2\/users\/1"}],"replies":[{"embeddable":true,"href":"https:\/\/archivioturi.lavocedelpaese.info\/index.php\/wp-json\/wp\/v2\/comments?post=7580"}],"version-history":[{"count":0,"href":"https:\/\/archivioturi.lavocedelpaese.info\/index.php\/wp-json\/wp\/v2\/posts\/7580\/revisions"}],"wp:featuredmedia":[{"embeddable":true,"href":"https:\/\/archivioturi.lavocedelpaese.info\/index.php\/wp-json\/wp\/v2\/media\/7579"}],"wp:attachment":[{"href":"https:\/\/archivioturi.lavocedelpaese.info\/index.php\/wp-json\/wp\/v2\/media?parent=7580"}],"wp:term":[{"taxonomy":"category","embeddable":true,"href":"https:\/\/archivioturi.lavocedelpaese.info\/index.php\/wp-json\/wp\/v2\/categories?post=7580"},{"taxonomy":"post_tag","embeddable":true,"href":"https:\/\/archivioturi.lavocedelpaese.info\/index.php\/wp-json\/wp\/v2\/tags?post=7580"}],"curies":[{"name":"wp","href":"https:\/\/api.w.org\/{rel}","templated":true}]}}