{"id":7573,"date":"2011-12-06T15:26:07","date_gmt":"2011-12-06T15:26:07","guid":{"rendered":"https:\/\/archivioturi.lavocedelpaese.info\/index.php\/2011\/12\/06\/la-sede-lilt-deve-restare-a-turi\/"},"modified":"2011-12-06T15:26:07","modified_gmt":"2011-12-06T15:26:07","slug":"la-sede-lilt-deve-restare-a-turi","status":"publish","type":"post","link":"https:\/\/archivioturi.lavocedelpaese.info\/index.php\/2011\/12\/06\/la-sede-lilt-deve-restare-a-turi\/","title":{"rendered":"\u201cLA SEDE LILT DEVE RESTARE A TURI\u201d"},"content":{"rendered":"<p>&nbsp;<\/p>\n<p style=\"text-align: justify;\"><img loading=\"lazy\" decoding=\"async\" class=\" size-full wp-image-7572\" src=\"https:\/\/archivioturi.lavocedelpaese.info\/wp-content\/uploads\/2011\/12\/rudere_ospedale.JPG\" width=\"320\" height=\"150\" alt=\"rudere ospedale\" style=\"margin-top: 0px; margin-right: 3px; margin-bottom: 0px; margin-left: 3px;\" srcset=\"https:\/\/archivioturi.lavocedelpaese.info\/wp-content\/uploads\/2011\/12\/rudere_ospedale.JPG 640w, https:\/\/archivioturi.lavocedelpaese.info\/wp-content\/uploads\/2011\/12\/rudere_ospedale-300x141.jpg 300w\" sizes=\"auto, (max-width: 320px) 100vw, 320px\" \/><\/p>\n<p style=\"text-align: justify;\">\u201cVoglio che la LILT resti a Turi e m\u2019impegner\u00f2 affinch\u00e9 questo possa concretarsi\u201d. \u00c8 con queste parole che il vicesindaco Paolo Tundo, sempre in prima linea sui temi riguardanti la salute e il mantenimento dei servizi nel nostro comune, afferma la totale attenzione alla questione della LILT. I nostri lettori ricorderanno, infatti, quanto, in pagina 18 del n. 39 de \u201cLa Voce del Paese\u201d fu espresso dalla presidente turese LILT, Cristina Cozzolino, circa l\u2019incertezza della nuova locazione dell\u2019associazione.<\/p>\n<p style=\"text-align: justify;\">\u201cSono molto sensibile alla tutela e alle tematiche della donna\u201d \u2013 commenta Tundo, incalzando sul falso allarmismo scatenato poich\u00e9, aggiunge \u2013 \u201ccomunicai gi\u00e0 in precedenza alla Cozzolino e alla sua vice, Camponobile che la LILT sarebbe stata trasferita, in via provvisoria, presso alcuni locali della Biblioteca comunale, fino a quando non fossero terminati i lavori\u201d. \u00c8 un impegno, quello del vicesindaco, che come politico e come associato LILT ha assunto per non far perdere una cos\u00ec importante realt\u00e0 associativa sanitaria a Turi.<\/p>\n<p style=\"text-align: justify;\">Gioved\u00ec pomeriggio un incontro al Comune con il Sindaco Gigantelli, il Vicesindaco e le responsabili LILT di Turi decreteranno in maniera definitiva l\u2019effettiva nuova e temporanea locazione dell\u2019ONLUS. Lo spostamento della LILT, ricordiamo, si rende necessaria all\u2019indomani della firma del direttore generale dell\u2019ASL, Domenico Colasanto, che d\u00e0 il via all\u2019abbattimento del rustico di via Conversano dove fino ad oggi \u00e8 stata accolta.<\/p>\n<p style=\"text-align: justify;\">A gennaio, quindi, anche la LILT avr\u00e0 una nuova sede per garantire a Turi il proseguimento dei servizi fino ad ora realizzati e questo va a scrivere la parola \u201cfine\u201d alla vicenda dell\u2019ex ospedale e dei servizi l\u00ec ubicati, che da oltre un anno il nostro vicesindaco Tundo segue da vicino. \u201cDobbiamo avere tutti un po\u2019 di pazienza e attendere il completamento dei lavori della nuova struttura di via Conversano\u201d &#8211; ha concluso Paolo Tundo aggiungendo un ringraziamento anche al sindaco Gigantelli che con lui si \u00e8 adoperato a lungo per trovare una giusta e adeguata sistemazione per tutto.<\/p>\n","protected":false},"excerpt":{"rendered":"<p>&nbsp;<\/p>\n<p style=\"text-align: justify;\"><img loading=\"lazy\" decoding=\"async\" class=\" size-full wp-image-7572\" src=\"https:\/\/archivioturi.lavocedelpaese.info\/wp-content\/uploads\/2011\/12\/rudere_ospedale.JPG\" width=\"320\" height=\"150\" alt=\"rudere ospedale\" style=\"margin-top: 0px; margin-right: 3px; margin-bottom: 0px; margin-left: 3px;\" srcset=\"https:\/\/archivioturi.lavocedelpaese.info\/wp-content\/uploads\/2011\/12\/rudere_ospedale.JPG 640w, https:\/\/archivioturi.lavocedelpaese.info\/wp-content\/uploads\/2011\/12\/rudere_ospedale-300x141.jpg 300w\" sizes=\"auto, (max-width: 320px) 100vw, 320px\" \/><\/p>\n","protected":false},"author":1,"featured_media":7572,"comment_status":"open","ping_status":"closed","sticky":false,"template":"","format":"standard","meta":{"colormag_page_container_layout":"default_layout","colormag_page_sidebar_layout":"default_layout","footnotes":""},"categories":[7],"tags":[],"class_list":["post-7573","post","type-post","status-publish","format-standard","has-post-thumbnail","hentry","category-attualita"],"_links":{"self":[{"href":"https:\/\/archivioturi.lavocedelpaese.info\/index.php\/wp-json\/wp\/v2\/posts\/7573","targetHints":{"allow":["GET"]}}],"collection":[{"href":"https:\/\/archivioturi.lavocedelpaese.info\/index.php\/wp-json\/wp\/v2\/posts"}],"about":[{"href":"https:\/\/archivioturi.lavocedelpaese.info\/index.php\/wp-json\/wp\/v2\/types\/post"}],"author":[{"embeddable":true,"href":"https:\/\/archivioturi.lavocedelpaese.info\/index.php\/wp-json\/wp\/v2\/users\/1"}],"replies":[{"embeddable":true,"href":"https:\/\/archivioturi.lavocedelpaese.info\/index.php\/wp-json\/wp\/v2\/comments?post=7573"}],"version-history":[{"count":0,"href":"https:\/\/archivioturi.lavocedelpaese.info\/index.php\/wp-json\/wp\/v2\/posts\/7573\/revisions"}],"wp:featuredmedia":[{"embeddable":true,"href":"https:\/\/archivioturi.lavocedelpaese.info\/index.php\/wp-json\/wp\/v2\/media\/7572"}],"wp:attachment":[{"href":"https:\/\/archivioturi.lavocedelpaese.info\/index.php\/wp-json\/wp\/v2\/media?parent=7573"}],"wp:term":[{"taxonomy":"category","embeddable":true,"href":"https:\/\/archivioturi.lavocedelpaese.info\/index.php\/wp-json\/wp\/v2\/categories?post=7573"},{"taxonomy":"post_tag","embeddable":true,"href":"https:\/\/archivioturi.lavocedelpaese.info\/index.php\/wp-json\/wp\/v2\/tags?post=7573"}],"curies":[{"name":"wp","href":"https:\/\/api.w.org\/{rel}","templated":true}]}}