{"id":7507,"date":"2011-11-28T10:18:20","date_gmt":"2011-11-28T10:18:20","guid":{"rendered":"https:\/\/archivioturi.lavocedelpaese.info\/index.php\/2011\/11\/28\/contributo-per-la-festa-grande\/"},"modified":"2011-11-28T10:18:20","modified_gmt":"2011-11-28T10:18:20","slug":"contributo-per-la-festa-grande","status":"publish","type":"post","link":"https:\/\/archivioturi.lavocedelpaese.info\/index.php\/2011\/11\/28\/contributo-per-la-festa-grande\/","title":{"rendered":"CONTRIBUTO PER LA FESTA GRANDE"},"content":{"rendered":"<p><img loading=\"lazy\" decoding=\"async\" class=\" size-full wp-image-5399\" src=\"https:\/\/archivioturi.lavocedelpaese.info\/wp-content\/uploads\/2011\/02\/santo.jpg\" width=\"320\" height=\"150\" alt=\"santo\" style=\"margin-top: 0px; margin-right: 3px; margin-bottom: 0px; margin-left: 3px;\" srcset=\"https:\/\/archivioturi.lavocedelpaese.info\/wp-content\/uploads\/2011\/02\/santo.jpg 640w, https:\/\/archivioturi.lavocedelpaese.info\/wp-content\/uploads\/2011\/02\/santo-300x141.jpg 300w\" sizes=\"auto, (max-width: 320px) 100vw, 320px\" \/><\/p>\n<p>&nbsp;<\/p>\n<p style=\"text-align: justify;\">Con delibera 132 del 17 novembre, la Giunta Comunale ha assegnato un contributo di 20.000 \u20ac al Comitato Feste Patronali 2011 per la realizzazione della Festa di Sant\u2019Oronzo.<\/p>\n<p style=\"text-align: justify;\">Un\u2019organizzazione che ha fatto di Turi un\u2019attrazione per turisti e visitatori, contribuendo alla sua promozione. Tutti i nostri lettori ricorderanno le incertezze che fino all\u2019ultimo momento hanno coinvolto il comitato e sino alla fine si \u00e8 dibattuto su chi dovesse presiedere l\u2019organizzazione. Ma alla fine ha prevalso la \u201ctradizione\u201d se cos\u00ec possiamo definirla e, con presidenza Di Venere Giammaria si \u00e8 realizzata la Festa Patronale. Il contributo sar\u00e0 liquidato, previa presentazione di apposito rendiconto, ai sensi e con le modalit\u00e0 previste dall\u2019art. 8 del Regolamento comunale per la concessione di sovvenzioni e contributi. L\u2019importo di 20.000,00 \u20ac \u00e8 ascritto all\u2019I.5205\/8 del Bilancio comunale (pren. d\u2019imp. n.38\/011).<\/p>\n","protected":false},"excerpt":{"rendered":"<p><img loading=\"lazy\" decoding=\"async\" class=\" size-full wp-image-5399\" src=\"https:\/\/archivioturi.lavocedelpaese.info\/wp-content\/uploads\/2011\/02\/santo.jpg\" width=\"320\" height=\"150\" alt=\"santo\" style=\"margin-top: 0px; margin-right: 3px; margin-bottom: 0px; margin-left: 3px;\" srcset=\"https:\/\/archivioturi.lavocedelpaese.info\/wp-content\/uploads\/2011\/02\/santo.jpg 640w, https:\/\/archivioturi.lavocedelpaese.info\/wp-content\/uploads\/2011\/02\/santo-300x141.jpg 300w\" sizes=\"auto, (max-width: 320px) 100vw, 320px\" \/><\/p>\n","protected":false},"author":1,"featured_media":5399,"comment_status":"open","ping_status":"closed","sticky":false,"template":"","format":"standard","meta":{"colormag_page_container_layout":"default_layout","colormag_page_sidebar_layout":"default_layout","footnotes":""},"categories":[7],"tags":[],"class_list":["post-7507","post","type-post","status-publish","format-standard","has-post-thumbnail","hentry","category-attualita"],"_links":{"self":[{"href":"https:\/\/archivioturi.lavocedelpaese.info\/index.php\/wp-json\/wp\/v2\/posts\/7507","targetHints":{"allow":["GET"]}}],"collection":[{"href":"https:\/\/archivioturi.lavocedelpaese.info\/index.php\/wp-json\/wp\/v2\/posts"}],"about":[{"href":"https:\/\/archivioturi.lavocedelpaese.info\/index.php\/wp-json\/wp\/v2\/types\/post"}],"author":[{"embeddable":true,"href":"https:\/\/archivioturi.lavocedelpaese.info\/index.php\/wp-json\/wp\/v2\/users\/1"}],"replies":[{"embeddable":true,"href":"https:\/\/archivioturi.lavocedelpaese.info\/index.php\/wp-json\/wp\/v2\/comments?post=7507"}],"version-history":[{"count":0,"href":"https:\/\/archivioturi.lavocedelpaese.info\/index.php\/wp-json\/wp\/v2\/posts\/7507\/revisions"}],"wp:featuredmedia":[{"embeddable":true,"href":"https:\/\/archivioturi.lavocedelpaese.info\/index.php\/wp-json\/wp\/v2\/media\/5399"}],"wp:attachment":[{"href":"https:\/\/archivioturi.lavocedelpaese.info\/index.php\/wp-json\/wp\/v2\/media?parent=7507"}],"wp:term":[{"taxonomy":"category","embeddable":true,"href":"https:\/\/archivioturi.lavocedelpaese.info\/index.php\/wp-json\/wp\/v2\/categories?post=7507"},{"taxonomy":"post_tag","embeddable":true,"href":"https:\/\/archivioturi.lavocedelpaese.info\/index.php\/wp-json\/wp\/v2\/tags?post=7507"}],"curies":[{"name":"wp","href":"https:\/\/api.w.org\/{rel}","templated":true}]}}