{"id":7506,"date":"2011-11-28T08:04:39","date_gmt":"2011-11-28T08:04:39","guid":{"rendered":"https:\/\/archivioturi.lavocedelpaese.info\/index.php\/2011\/11\/28\/calato-il-sipario-su-sposami\/"},"modified":"2011-11-28T08:04:39","modified_gmt":"2011-11-28T08:04:39","slug":"calato-il-sipario-su-sposami","status":"publish","type":"post","link":"https:\/\/archivioturi.lavocedelpaese.info\/index.php\/2011\/11\/28\/calato-il-sipario-su-sposami\/","title":{"rendered":"CALATO IL SIPARIO SU \u201cSPOSAMI\u201d"},"content":{"rendered":"<p><img loading=\"lazy\" decoding=\"async\" class=\" size-full wp-image-7504\" src=\"https:\/\/archivioturi.lavocedelpaese.info\/wp-content\/uploads\/2011\/11\/DSC02717.JPG\" width=\"320\" height=\"151\" alt=\"DSC02717\" style=\"margin-top: 0px; margin-right: 3px; margin-bottom: 0px; margin-left: 3px;\" srcset=\"https:\/\/archivioturi.lavocedelpaese.info\/wp-content\/uploads\/2011\/11\/DSC02717.JPG 640w, https:\/\/archivioturi.lavocedelpaese.info\/wp-content\/uploads\/2011\/11\/DSC02717-300x141.jpg 300w\" sizes=\"auto, (max-width: 320px) 100vw, 320px\" \/><\/p>\n<p>&nbsp;<\/p>\n<p style=\"text-align: justify;\"><img loading=\"lazy\" decoding=\"async\" class=\" alignright size-full wp-image-7505\" src=\"https:\/\/archivioturi.lavocedelpaese.info\/wp-content\/uploads\/2011\/11\/DSC02716.JPG\" width=\"320\" height=\"427\" alt=\"DSC02716\" style=\"margin-top: 10px; margin-right: 0px; margin-bottom: 10px; margin-left: 10px; float: right;\" srcset=\"https:\/\/archivioturi.lavocedelpaese.info\/wp-content\/uploads\/2011\/11\/DSC02716.JPG 480w, https:\/\/archivioturi.lavocedelpaese.info\/wp-content\/uploads\/2011\/11\/DSC02716-225x300.jpg 225w\" sizes=\"auto, (max-width: 320px) 100vw, 320px\" \/>Si \u00e8 tenuta sabato 19 e domenica 20 novembre, presso la Dimora Mazzaro, la III edizione di \u201cSposAmi\u201d. Nel complesso turistico Antica Masseria di Conversano, sulla Turi- Putignano, si \u00e8 tenuta la \u2018due giorni\u2019 dedicata al matrimonio.<\/p>\n<p style=\"text-align: justify;\">Ideato e promosso da \u201cL\u2019Officina delle Idee\u201d di Michele Fortunato, rende omaggio all\u2019amore e alla tradizione del matrimonio, ormai legato a ritualit\u00e0 che appartengono alla nostra gente.<\/p>\n<p style=\"text-align: justify;\">Ecco che tutta la struttura ha accolto stand di aziende che arricchiscono il giorno del S\u00ec. Atelier per la scelta degli abiti, da uomo e da donna, le bomboniere, il fotografo, l\u2019allestimento scenografico, il make up e l\u2019hair stylist o il viaggio di nozze. Ogni dettaglio per non dimenticare un momento che la coppia di sposi vuole unico. Cos\u00ec seguendo questo itinerario, le aziende del nostro territorio hanno mostrato la propria professionalit\u00e0 ed esperienza. Da Conversano a Putignano o Castellana, tutte in una grande finestra per descrivere il grande momento, cui si uniscono le scelte per il futuro, la casa degli sposi. Ecco che non \u00e8 mancato n eppure quest\u2019aspetto nell\u2019organizzazione della 3\u00b0 edizione. Aziende di arredamento, dalla cucina alla stanza da letto, dal materasso pi\u00f9 comodo al mobile pi\u00f9 ricercato, tutto \u00e8 costruito in funzione dei gusti degli sposi.<\/p>\n<p style=\"text-align: justify;\">La kermesse 2011 ha preso il via sabato 19 quando, in un\u2019atmosfera da favola, abitata da nani e folletti tracce di manieri e torri, principi e principesse, cortigiani e musiche medioevali dei Collegia, con il taglio del nastro, alle ore 19, con gli sposi, gli invitati e le numerose autorit\u00e0 giunte per la grande occasione, per brindare sulle note della band Sciamaball\u00e0, concerto a cura di MAS \u2013 Musica Arte Spettacolo.<\/p>\n<p style=\"text-align: justify;\">Domenica 20, sin dalla mattina, alternati momenti di animazione spettacolare e musica, hanno fatto da antipasto, alle ore 20.00, al momento dello \u201ccharme&amp;glamour\u201d, con la sfilata di abiti da Sposa degli atelier di Putignano di Gioia del Colle e di Noicattaro. Condotta da Mauro dal Sogno e Rossana Rodio e con la musica del Maestro Vincenzo Schettini, la sfilata ha chiuso questi due giorni dedicati al wedding planner con \u00abun dolce saluto\u00bb, una torta e prosecco per tutti.<\/p>\n","protected":false},"excerpt":{"rendered":"<p><img loading=\"lazy\" decoding=\"async\" class=\" size-full wp-image-7504\" src=\"https:\/\/archivioturi.lavocedelpaese.info\/wp-content\/uploads\/2011\/11\/DSC02717.JPG\" width=\"320\" height=\"151\" alt=\"DSC02717\" style=\"margin-top: 0px; margin-right: 3px; margin-bottom: 0px; margin-left: 3px;\" srcset=\"https:\/\/archivioturi.lavocedelpaese.info\/wp-content\/uploads\/2011\/11\/DSC02717.JPG 640w, https:\/\/archivioturi.lavocedelpaese.info\/wp-content\/uploads\/2011\/11\/DSC02717-300x141.jpg 300w\" sizes=\"auto, (max-width: 320px) 100vw, 320px\" \/><\/p>\n","protected":false},"author":1,"featured_media":7504,"comment_status":"open","ping_status":"closed","sticky":false,"template":"","format":"standard","meta":{"colormag_page_container_layout":"default_layout","colormag_page_sidebar_layout":"default_layout","footnotes":""},"categories":[6],"tags":[],"class_list":["post-7506","post","type-post","status-publish","format-standard","has-post-thumbnail","hentry","category-cultura"],"_links":{"self":[{"href":"https:\/\/archivioturi.lavocedelpaese.info\/index.php\/wp-json\/wp\/v2\/posts\/7506","targetHints":{"allow":["GET"]}}],"collection":[{"href":"https:\/\/archivioturi.lavocedelpaese.info\/index.php\/wp-json\/wp\/v2\/posts"}],"about":[{"href":"https:\/\/archivioturi.lavocedelpaese.info\/index.php\/wp-json\/wp\/v2\/types\/post"}],"author":[{"embeddable":true,"href":"https:\/\/archivioturi.lavocedelpaese.info\/index.php\/wp-json\/wp\/v2\/users\/1"}],"replies":[{"embeddable":true,"href":"https:\/\/archivioturi.lavocedelpaese.info\/index.php\/wp-json\/wp\/v2\/comments?post=7506"}],"version-history":[{"count":0,"href":"https:\/\/archivioturi.lavocedelpaese.info\/index.php\/wp-json\/wp\/v2\/posts\/7506\/revisions"}],"wp:featuredmedia":[{"embeddable":true,"href":"https:\/\/archivioturi.lavocedelpaese.info\/index.php\/wp-json\/wp\/v2\/media\/7504"}],"wp:attachment":[{"href":"https:\/\/archivioturi.lavocedelpaese.info\/index.php\/wp-json\/wp\/v2\/media?parent=7506"}],"wp:term":[{"taxonomy":"category","embeddable":true,"href":"https:\/\/archivioturi.lavocedelpaese.info\/index.php\/wp-json\/wp\/v2\/categories?post=7506"},{"taxonomy":"post_tag","embeddable":true,"href":"https:\/\/archivioturi.lavocedelpaese.info\/index.php\/wp-json\/wp\/v2\/tags?post=7506"}],"curies":[{"name":"wp","href":"https:\/\/api.w.org\/{rel}","templated":true}]}}