{"id":7497,"date":"2011-11-23T05:59:47","date_gmt":"2011-11-23T05:59:47","guid":{"rendered":"https:\/\/archivioturi.lavocedelpaese.info\/index.php\/2011\/11\/23\/istituito-il-consiglio-tributario\/"},"modified":"2011-11-23T05:59:47","modified_gmt":"2011-11-23T05:59:47","slug":"istituito-il-consiglio-tributario","status":"publish","type":"post","link":"https:\/\/archivioturi.lavocedelpaese.info\/index.php\/2011\/11\/23\/istituito-il-consiglio-tributario\/","title":{"rendered":"ISTITUITO IL CONSIGLIO TRIBUTARIO"},"content":{"rendered":"<p style=\"text-align: justify;\"><img loading=\"lazy\" decoding=\"async\" class=\" size-full wp-image-7496\" src=\"https:\/\/archivioturi.lavocedelpaese.info\/wp-content\/uploads\/2011\/11\/consiglio_comunale_.JPG\" width=\"320\" height=\"150\" alt=\"consiglio comunale_\" style=\"margin-top: 0px; margin-right: 3px; margin-bottom: 0px; margin-left: 3px;\" srcset=\"https:\/\/archivioturi.lavocedelpaese.info\/wp-content\/uploads\/2011\/11\/consiglio_comunale_.JPG 640w, https:\/\/archivioturi.lavocedelpaese.info\/wp-content\/uploads\/2011\/11\/consiglio_comunale_-300x141.jpg 300w\" sizes=\"auto, (max-width: 320px) 100vw, 320px\" \/><\/p>\n<p>&nbsp;<\/p>\n<p style=\"text-align: justify;\"><span style=\"font-size: 8pt;\">(foto di repertorio)<\/span><\/p>\n<p style=\"text-align: justify;\">Il consiglio comunale dello scorso 15 novembre non prevedeva all\u2019ordine del giorno soltanto l\u2019adozione del regolamento sulla raccolta dei rifiuti ma anche l\u2019adozione dell\u2019importante organo consultivo per il comune del consiglio tributario.<\/p>\n<p style=\"text-align: justify;\"><b>COMUNICAZIONI<\/b> \u2013 Il Sindaco Gigantelli e l\u2019assessore De Florio in apertura del consiglio hanno voluto ringraziare l\u2019opera svolta dalla polizia municipale e dai Carabinieri della locale stazione per aver garantito l\u2019ordine pubblico ed una perfetta organizzazione durante la visita del capo di Stato italiano Giorgio Napolitano. Il Sindaco ha poi voluto, anche, ringraziare le istituzioni scolastiche turesi intervenute con una calorosa presenza, ma soprattutto il fiorista Saffi per aver fornito l\u2019addobbo floreale della manifestazione gratuitamente.<\/p>\n<p style=\"text-align: justify;\"><b>ACCORPAMENTO ISTITUTI<\/b> &#8211; La consigliera d\u2019opposizione Tina Resta a conclusione delle comunicazioni del Sindaco, ha chiesto come mai si \u00e8 scelto di non parlare della scelta da parte dell\u2019amministrazione di accorpare la scuola elementare con l\u2019istituto secondario inferiore (scuola media); tale scelta seconda la Resta \u00e8 una scelta sbagliata poich\u00e9 la popolazione scolastica turese \u00e8 in aumento, ma anche perch\u00e9 Turi ha un forte problema di edilizia scolastica che porterebbe forti disagi se ci sar\u00e0 in futuro un accorpamento. Il Sindaco ha voluto rispondere personalmente a tale domanda; indicando come la scelta dell\u2019amministrazione sia stata coerente con la decisione attuata lo scorso anno dalla sua giunta di chiedere alla Regione Puglia di accorpare gli istituti. Tale scelta, continua il Sindaco, \u00e8 stata realizzata l\u2019anno scorso poich\u00e9 entrambi&nbsp; i dirigenti sia della elementare che della media erano favorevoli a tale decisione; quest\u2019anno, invece, il nuovo dirigente dell\u2019istituto primario Vern\u00ec in accordo con il consiglio di circolo ha cambiato il suo parere riguardo l\u2019accorpamento; questa nuova scelta per\u00f2 non ha fatto cambiare idea all\u2019amministrazione rimasta salda sulle posizioni dell\u2019anno scorso.<\/p>\n<p style=\"text-align: justify;\"><b>CONSIGLIO TRIBUTARIO<\/b> \u2013 Altro punto all\u2019ordine del giorno importante era l\u2019adozione del regolamento per la formazione del consiglio tributario. Tale consiglio istituito nel \u201973, \u00e8 stato reso obbligatorio entro il 31 dicembre 2011 per tutti i comuni con il decreto legge 78 del 2010. Tale istituto ha come funzioni la compartecipazione all\u2019accertamento dei redditi delle persone fisiche e il parere obbligatorio per la modifica o la determina dei tributi comunali. Il consiglio tributario sar\u00e0 formato da 3 cittadini turesi eletti dal consiglio comunale da una lista di candidati, stilata dalla giunta comunale.<\/p>\n<p style=\"text-align: justify;\">La consigliera Lenato ed il consigliere Ventrella visto l\u2019importante compito che svolger\u00e0 tale istituto hanno chiesto se si poteva modificare il regolamento inserendo criteri di competenza nella scelta dei consiglieri. Il consiglio dopo una buona mezz\u2019ora di discussione decide di aggiungere al regolamento l\u2019obbligatoriet\u00e0 di specificare nel proprio curriculum presentato la competenza in materia fiscale o tributaria. Dopo tale modifica i consiglieri presenti votano all\u2019unanimit\u00e0 per l\u2019adozione del regolamento.<\/p>\n","protected":false},"excerpt":{"rendered":"<p style=\"text-align: justify;\"><img loading=\"lazy\" decoding=\"async\" class=\" size-full wp-image-7496\" src=\"https:\/\/archivioturi.lavocedelpaese.info\/wp-content\/uploads\/2011\/11\/consiglio_comunale_.JPG\" width=\"320\" height=\"150\" alt=\"consiglio comunale_\" style=\"margin-top: 0px; margin-right: 3px; margin-bottom: 0px; margin-left: 3px;\" srcset=\"https:\/\/archivioturi.lavocedelpaese.info\/wp-content\/uploads\/2011\/11\/consiglio_comunale_.JPG 640w, https:\/\/archivioturi.lavocedelpaese.info\/wp-content\/uploads\/2011\/11\/consiglio_comunale_-300x141.jpg 300w\" sizes=\"auto, (max-width: 320px) 100vw, 320px\" \/><\/p>\n","protected":false},"author":1,"featured_media":7496,"comment_status":"open","ping_status":"closed","sticky":false,"template":"","format":"standard","meta":{"colormag_page_container_layout":"default_layout","colormag_page_sidebar_layout":"default_layout","footnotes":""},"categories":[4],"tags":[],"class_list":["post-7497","post","type-post","status-publish","format-standard","has-post-thumbnail","hentry","category-politica"],"_links":{"self":[{"href":"https:\/\/archivioturi.lavocedelpaese.info\/index.php\/wp-json\/wp\/v2\/posts\/7497","targetHints":{"allow":["GET"]}}],"collection":[{"href":"https:\/\/archivioturi.lavocedelpaese.info\/index.php\/wp-json\/wp\/v2\/posts"}],"about":[{"href":"https:\/\/archivioturi.lavocedelpaese.info\/index.php\/wp-json\/wp\/v2\/types\/post"}],"author":[{"embeddable":true,"href":"https:\/\/archivioturi.lavocedelpaese.info\/index.php\/wp-json\/wp\/v2\/users\/1"}],"replies":[{"embeddable":true,"href":"https:\/\/archivioturi.lavocedelpaese.info\/index.php\/wp-json\/wp\/v2\/comments?post=7497"}],"version-history":[{"count":0,"href":"https:\/\/archivioturi.lavocedelpaese.info\/index.php\/wp-json\/wp\/v2\/posts\/7497\/revisions"}],"wp:featuredmedia":[{"embeddable":true,"href":"https:\/\/archivioturi.lavocedelpaese.info\/index.php\/wp-json\/wp\/v2\/media\/7496"}],"wp:attachment":[{"href":"https:\/\/archivioturi.lavocedelpaese.info\/index.php\/wp-json\/wp\/v2\/media?parent=7497"}],"wp:term":[{"taxonomy":"category","embeddable":true,"href":"https:\/\/archivioturi.lavocedelpaese.info\/index.php\/wp-json\/wp\/v2\/categories?post=7497"},{"taxonomy":"post_tag","embeddable":true,"href":"https:\/\/archivioturi.lavocedelpaese.info\/index.php\/wp-json\/wp\/v2\/tags?post=7497"}],"curies":[{"name":"wp","href":"https:\/\/api.w.org\/{rel}","templated":true}]}}