{"id":7482,"date":"2011-11-21T16:28:10","date_gmt":"2011-11-21T16:28:10","guid":{"rendered":"https:\/\/archivioturi.lavocedelpaese.info\/index.php\/2011\/11\/21\/la-festa-dellalbero-un-benvenuto-al-carrubo\/"},"modified":"2011-11-21T16:28:10","modified_gmt":"2011-11-21T16:28:10","slug":"la-festa-dellalbero-un-benvenuto-al-carrubo","status":"publish","type":"post","link":"https:\/\/archivioturi.lavocedelpaese.info\/index.php\/2011\/11\/21\/la-festa-dellalbero-un-benvenuto-al-carrubo\/","title":{"rendered":"LA FESTA DELL\u2019ALBERO. UN BENVENUTO AL CARRUBO"},"content":{"rendered":"<p><img loading=\"lazy\" decoding=\"async\" class=\" size-full wp-image-7481\" src=\"https:\/\/archivioturi.lavocedelpaese.info\/wp-content\/uploads\/2011\/11\/f.albero_69.JPG\" width=\"320\" height=\"150\" alt=\"f.albero 69\" style=\"margin-top: 0px; margin-right: 3px; margin-bottom: 0px; margin-left: 3px;\" srcset=\"https:\/\/archivioturi.lavocedelpaese.info\/wp-content\/uploads\/2011\/11\/f.albero_69.JPG 640w, https:\/\/archivioturi.lavocedelpaese.info\/wp-content\/uploads\/2011\/11\/f.albero_69-300x141.jpg 300w\" sizes=\"auto, (max-width: 320px) 100vw, 320px\" \/><\/p>\n<p>&nbsp;<\/p>\n<p style=\"text-align: justify;\">Turi &#8211; Lo scorso anno si \u00e8 trattato di un melograno, quest\u2019anno \u00e8 stato il <b>carrubo<\/b>, l\u2019albero scelto per celebrare la <b>Festa dell\u2019Albero<\/b> presso la scuola media di Turi \u201cR. Resta\u201d.<\/p>\n<p style=\"text-align: justify;\">Alla presenza degli studenti della Scuola Secondaria di Primo grado e della Scuola Primaria \u201cP. De Donato Giannini\u201d, insieme ai rispettivi dirigenti scolastici, docenti, rappresentanti genitoriali, al sindaco dei ragazzi e dell\u2019Amministrazione Comunale, \u00e8 stato dato il benvenuto ad un albero da frutto che oggi sta divenendo sempre pi\u00f9 raro nel nostro territorio.<\/p>\n<p style=\"text-align: justify;\">Un\u2019occasione non solo di condivisione scolastica ma di sensibilizzazione nei confronti della Natura, di rispetto delle sue bellezze e della sua difesa. Rispettare la Natura \u00e8 rispettare se stessi e il prossimo, valori questi che sono risuonati dalla voce dei dirigenti scolastici e dallo stesso sindaco Gigantelli che hanno supportato le riflessioni che alcuni studenti hanno manifestato con poesie e letture. Il rispetto del paesaggio naturale si unisce anche al corretto comportamento cittadino nei confronti dei rifiuti e cattivi comportamenti rappresentano un rischio per l\u2019intero ecosistema. \u201cLa Natura ci aiuta a vivere. Da\u2019 alimento e ci fa respirare\u201d. Questi i messaggi ascoltati e cantati da tutti i presenti che hanno applaudito al momento del completamento della sistemazione dell\u2019albero del carrubo.<\/p>\n<p style=\"text-align: justify;\">Il Carrubo \u00e8 una pianta originaria del bacino meridionale del Mediterraneo. La crescita del carrubo \u00e8 lenta, la sua longevit\u00e0 molto alta, fino a 500 anni. La produzione di frutti per albero \u00e8 molto grande. La polpa dolce di questo frutto, noto sin dalla pi\u00f9 remota antichit\u00e0, \u00e8 abbastanza nutriente per cui certi popoli ne fecero, un tempo, una parte importante del loro vitto.<\/p>\n<p style=\"text-align: justify;\">La polpa fresca \u00e8 gradevole e ha un&#8217;azione leggermente lassativa; secca, al contrario, \u00e8 astringente. Dalla fermentazione si pu\u00f2 ricavare alcol, mentre i semi forniscono appretti e gomme d&#8217;impiego industriale. Inoltre con le carrube si preparano mangimi per gli animali; dalla scorza e dalle foglie si possono estrarre tannini. Da ultimo non va trascurato il valore ornamentale della pianta, molto indicata nell&#8217;abbellimento dei paesi costieri.<\/p>\n<p style=\"text-align: justify;\">Ma perch\u00e9 festeggiare l\u2019albero. In realt\u00e0 gi\u00e0 presso i Greci e gli antichi popoli orientali era diffusa l&#8217;usanza di celebrare feste in occasione della piantagione di alberi. I romani anticiparono l&#8217;odierna &#8220;Festa dell&#8217;Albero&#8221; e la pi\u00f9 grande festa in epoca romana era la &#8220;Festa Lucaria&#8221; che cadeva il 19 luglio, nel corso della quale, oltre ai riti propiziatori si festeggiavano gli alberi impiantate nei mesi precedenti.<\/p>\n<p style=\"text-align: justify;\">In epoca moderna si \u00e8 affermata negli Stati Uniti, una celebrazione per gli alberi, in conseguenza di gravi disastri naturali dovuti principalmente ai grandi disboscamenti che interessarono quei territori. Nel 1872, il Governatore dello Stato del Nebraska, Sterling Morton, decise di dedicare un giorno all&#8217;anno alla piantagione di alberi, fu chiamato Arbor day.<\/p>\n<p style=\"text-align: justify;\">In Europa si diffuse negli anni successivi e, <b>in Italia la prima &#8220;Festa dell&#8217;albero&#8221; fu celebrata nel 1898<\/b> per iniziativa dal Ministro della Pubblica Istruzione Guido Baccelli. In seguito fu istituzionalizzata con la \u201clegge forestale\u201d nel 1923. Nel 1951 il Ministero dell&#8217;Agricoltura e delle Foreste stabiliva che la &#8220;Festa degli alberi&#8221; si dovesse svolgere il 21 Novembre di ogni anno.<\/p>\n<p style=\"text-align: justify;\">La celebrazione si \u00e8 svolta con rilevanza nazionale fino al 1979, poi \u00e8 stata delegata alle Regioni che hanno provveduto a organizzare gli eventi celebrativi a livello locale. Pi\u00f9 recentemente, con la legge n. 113 del 1992, ogni Comune deve curare la messa a dimora di un albero per ogni neonato registrato all\u2019anagrafe e su questa scia lo stesso sindaco dei ragazzi, Vito Busco, ha avanzato la richiesta all\u2019amministrazione turese di applicare questa iniziativa nel nostro comune affich\u00e8 possano aumentare gli spazi verdi di Turi.<\/p>\n<p><embed type=\"application\/x-shockwave-flash\" src=\"https:\/\/picasaweb.google.com\/s\/c\/bin\/slideshow.swf\" width=\"660\" height=\"660\" flashvars=\"host=picasaweb.google.com&#038;hl=it&#038;feat=flashalbum&#038;RGB=0x000000&#038;feed=https%3A%2F%2Fpicasaweb.google.com%2Fdata%2Ffeed%2Fapi%2Fuser%2Fredazioneturiweb%2Falbumid%2F5677483075264553329%3Falt%3Drss%26kind%3Dphoto%26authkey%3DGv1sRgCMnZw_GJzqqazwE%26hl%3Dit\" pluginspage=\"http:\/\/www.macromedia.com\/go\/getflashplayer\"><\/embed><br \/>\n<iframe loading=\"lazy\" width=\"640\" height=\"480\" src=\"http:\/\/www.youtube.com\/embed\/1SRTYZolgUE\" frameborder=\"0\" allowfullscreen><\/iframe><\/p>\n","protected":false},"excerpt":{"rendered":"<p><img loading=\"lazy\" decoding=\"async\" class=\" size-full wp-image-7481\" src=\"https:\/\/archivioturi.lavocedelpaese.info\/wp-content\/uploads\/2011\/11\/f.albero_69.JPG\" width=\"320\" height=\"150\" alt=\"f.albero 69\" style=\"margin-top: 0px; margin-right: 3px; margin-bottom: 0px; margin-left: 3px;\" srcset=\"https:\/\/archivioturi.lavocedelpaese.info\/wp-content\/uploads\/2011\/11\/f.albero_69.JPG 640w, https:\/\/archivioturi.lavocedelpaese.info\/wp-content\/uploads\/2011\/11\/f.albero_69-300x141.jpg 300w\" sizes=\"auto, (max-width: 320px) 100vw, 320px\" \/><\/p>\n","protected":false},"author":1,"featured_media":7481,"comment_status":"open","ping_status":"closed","sticky":false,"template":"","format":"standard","meta":{"colormag_page_container_layout":"default_layout","colormag_page_sidebar_layout":"default_layout","footnotes":""},"categories":[6],"tags":[],"class_list":["post-7482","post","type-post","status-publish","format-standard","has-post-thumbnail","hentry","category-cultura"],"_links":{"self":[{"href":"https:\/\/archivioturi.lavocedelpaese.info\/index.php\/wp-json\/wp\/v2\/posts\/7482","targetHints":{"allow":["GET"]}}],"collection":[{"href":"https:\/\/archivioturi.lavocedelpaese.info\/index.php\/wp-json\/wp\/v2\/posts"}],"about":[{"href":"https:\/\/archivioturi.lavocedelpaese.info\/index.php\/wp-json\/wp\/v2\/types\/post"}],"author":[{"embeddable":true,"href":"https:\/\/archivioturi.lavocedelpaese.info\/index.php\/wp-json\/wp\/v2\/users\/1"}],"replies":[{"embeddable":true,"href":"https:\/\/archivioturi.lavocedelpaese.info\/index.php\/wp-json\/wp\/v2\/comments?post=7482"}],"version-history":[{"count":0,"href":"https:\/\/archivioturi.lavocedelpaese.info\/index.php\/wp-json\/wp\/v2\/posts\/7482\/revisions"}],"wp:featuredmedia":[{"embeddable":true,"href":"https:\/\/archivioturi.lavocedelpaese.info\/index.php\/wp-json\/wp\/v2\/media\/7481"}],"wp:attachment":[{"href":"https:\/\/archivioturi.lavocedelpaese.info\/index.php\/wp-json\/wp\/v2\/media?parent=7482"}],"wp:term":[{"taxonomy":"category","embeddable":true,"href":"https:\/\/archivioturi.lavocedelpaese.info\/index.php\/wp-json\/wp\/v2\/categories?post=7482"},{"taxonomy":"post_tag","embeddable":true,"href":"https:\/\/archivioturi.lavocedelpaese.info\/index.php\/wp-json\/wp\/v2\/tags?post=7482"}],"curies":[{"name":"wp","href":"https:\/\/api.w.org\/{rel}","templated":true}]}}