{"id":7451,"date":"2011-11-19T16:54:05","date_gmt":"2011-11-19T16:54:05","guid":{"rendered":"https:\/\/archivioturi.lavocedelpaese.info\/index.php\/2011\/11\/19\/a-scuola-di-elezioni-provinciali\/"},"modified":"2011-11-19T16:54:05","modified_gmt":"2011-11-19T16:54:05","slug":"a-scuola-di-elezioni-provinciali","status":"publish","type":"post","link":"https:\/\/archivioturi.lavocedelpaese.info\/index.php\/2011\/11\/19\/a-scuola-di-elezioni-provinciali\/","title":{"rendered":"A SCUOLA DI ELEZIONI PROVINCIALI"},"content":{"rendered":"<p><img loading=\"lazy\" decoding=\"async\" class=\" size-full wp-image-7449\" src=\"https:\/\/archivioturi.lavocedelpaese.info\/wp-content\/uploads\/2011\/11\/c.s.18_1.jpg\" width=\"320\" height=\"150\" alt=\"c.s.18 1\" style=\"margin-top: 0px; margin-right: 3px; margin-bottom: 0px; margin-left: 3px;\" srcset=\"https:\/\/archivioturi.lavocedelpaese.info\/wp-content\/uploads\/2011\/11\/c.s.18_1.jpg 640w, https:\/\/archivioturi.lavocedelpaese.info\/wp-content\/uploads\/2011\/11\/c.s.18_1-300x141.jpg 300w\" sizes=\"auto, (max-width: 320px) 100vw, 320px\" \/><\/p>\n<p style=\"text-align: justify;\">\u201c1861-1889. Elezioni provinciali nel mandamento di Turi\u201d \u00e8 stato il tema che ha animato il dibattito dell\u2019interessante convegno tenutosi venerd\u00ec sera, alle ore 18.30 circa, nel Centro Studi di Storia e cultura di Turi. Relatore della serata \u00e8 stata la professoressa Ilenia Dell\u2019Aera, che introdotta dal Dott. Domenico Resta, ha offerto ai numerosi presenti che hanno gremito la sede del Centro Studi una migliore conoscenza della legislazione elettorale, delle procedure di voto, dei meccanismi e del funzionamento dei sistemi elettorali che hanno caratterizzato gli ultimi anni dell\u2019800.<\/p>\n<p style=\"text-align: justify;\"><img loading=\"lazy\" decoding=\"async\" class=\" alignright size-full wp-image-7450\" src=\"https:\/\/archivioturi.lavocedelpaese.info\/wp-content\/uploads\/2011\/11\/c.s.18.jpg\" width=\"314\" height=\"235\" alt=\"c.s.18\" style=\"margin-top: 10px; margin-right: 0px; margin-bottom: 10px; margin-left: 10px; float: right;\" srcset=\"https:\/\/archivioturi.lavocedelpaese.info\/wp-content\/uploads\/2011\/11\/c.s.18.jpg 314w, https:\/\/archivioturi.lavocedelpaese.info\/wp-content\/uploads\/2011\/11\/c.s.18-300x225.jpg 300w\" sizes=\"auto, (max-width: 314px) 100vw, 314px\" \/>La disponibilit\u00e0 di nuove fonti archivistiche o l\u2019attenzione data a fondi archivistici prima non indagati per temi di storia elettorale, nonch\u00e9 la sensibilit\u00e0 per nuove tematiche e per gli strumenti e gli esiti della ricerca sociologica e politologica anche per quanto riguarda storia e geografia elettorali hanno consentito di affrontare temi o profili in precedenza non trattati, di cui la professoressa Dell\u2019Aera \u00e8 risultata ai pareri dei pi\u00f9 un ottima esponente. Nel corso della conferenza \u00e8 emerso come nel ventottennio che va dal 1861 al 1889 il mandamento di Turi si sia recato alle urne ben nove volte (quattro per elezioni generali e cinque per rinnovi parziali) e che da parte dei Consiglieri Provinciali non sia stata mai avanzata nessuna proposta d\u2019intervento che riguardasse la nostra comunit\u00e0. Interessante \u00e8 stato, inoltre, constatare come in questo arco temporale la popolazione ammessa al voto sia cresciuta del 20%, non vi sono stati ricorsi elettorali e si \u00e8 avuto un allineamento delle scelte rappresentative al diktat politico &#8211; ideologico dominante.<\/p>\n<p style=\"text-align: justify;\">La relazione della professoressa Ilenia Dell\u2019Aera che si colloca nel ciclo di conferenze patrocinate dal Comune di Turi e svolte in occasione del 150\u00b0 anniversario dell\u2019Unit\u00e0 d\u2019Italia, ha offerto numerosi spunti di riflessione su un argomento, quale quello elettorale, che divide e appassiona coinvolgendo tutti in un percorso di scelte determinanti per il nostro avvenire.&nbsp;<\/p>\n","protected":false},"excerpt":{"rendered":"<p><img loading=\"lazy\" decoding=\"async\" class=\" size-full wp-image-7449\" src=\"https:\/\/archivioturi.lavocedelpaese.info\/wp-content\/uploads\/2011\/11\/c.s.18_1.jpg\" width=\"320\" height=\"150\" alt=\"c.s.18 1\" style=\"margin-top: 0px; margin-right: 3px; margin-bottom: 0px; margin-left: 3px;\" srcset=\"https:\/\/archivioturi.lavocedelpaese.info\/wp-content\/uploads\/2011\/11\/c.s.18_1.jpg 640w, https:\/\/archivioturi.lavocedelpaese.info\/wp-content\/uploads\/2011\/11\/c.s.18_1-300x141.jpg 300w\" sizes=\"auto, (max-width: 320px) 100vw, 320px\" \/><\/p>\n","protected":false},"author":1,"featured_media":7449,"comment_status":"open","ping_status":"closed","sticky":false,"template":"","format":"standard","meta":{"colormag_page_container_layout":"default_layout","colormag_page_sidebar_layout":"default_layout","footnotes":""},"categories":[6],"tags":[],"class_list":["post-7451","post","type-post","status-publish","format-standard","has-post-thumbnail","hentry","category-cultura"],"_links":{"self":[{"href":"https:\/\/archivioturi.lavocedelpaese.info\/index.php\/wp-json\/wp\/v2\/posts\/7451","targetHints":{"allow":["GET"]}}],"collection":[{"href":"https:\/\/archivioturi.lavocedelpaese.info\/index.php\/wp-json\/wp\/v2\/posts"}],"about":[{"href":"https:\/\/archivioturi.lavocedelpaese.info\/index.php\/wp-json\/wp\/v2\/types\/post"}],"author":[{"embeddable":true,"href":"https:\/\/archivioturi.lavocedelpaese.info\/index.php\/wp-json\/wp\/v2\/users\/1"}],"replies":[{"embeddable":true,"href":"https:\/\/archivioturi.lavocedelpaese.info\/index.php\/wp-json\/wp\/v2\/comments?post=7451"}],"version-history":[{"count":0,"href":"https:\/\/archivioturi.lavocedelpaese.info\/index.php\/wp-json\/wp\/v2\/posts\/7451\/revisions"}],"wp:featuredmedia":[{"embeddable":true,"href":"https:\/\/archivioturi.lavocedelpaese.info\/index.php\/wp-json\/wp\/v2\/media\/7449"}],"wp:attachment":[{"href":"https:\/\/archivioturi.lavocedelpaese.info\/index.php\/wp-json\/wp\/v2\/media?parent=7451"}],"wp:term":[{"taxonomy":"category","embeddable":true,"href":"https:\/\/archivioturi.lavocedelpaese.info\/index.php\/wp-json\/wp\/v2\/categories?post=7451"},{"taxonomy":"post_tag","embeddable":true,"href":"https:\/\/archivioturi.lavocedelpaese.info\/index.php\/wp-json\/wp\/v2\/tags?post=7451"}],"curies":[{"name":"wp","href":"https:\/\/api.w.org\/{rel}","templated":true}]}}