{"id":7448,"date":"2011-11-18T07:45:41","date_gmt":"2011-11-18T07:45:41","guid":{"rendered":"https:\/\/archivioturi.lavocedelpaese.info\/index.php\/2011\/11\/18\/i-rifiuti-in-consiglio-in-edicola\/"},"modified":"2011-11-18T07:45:41","modified_gmt":"2011-11-18T07:45:41","slug":"i-rifiuti-in-consiglio-in-edicola","status":"publish","type":"post","link":"https:\/\/archivioturi.lavocedelpaese.info\/index.php\/2011\/11\/18\/i-rifiuti-in-consiglio-in-edicola\/","title":{"rendered":"I RIFIUTI &#8230; IN CONSIGLIO  in edicola"},"content":{"rendered":"<p><img loading=\"lazy\" decoding=\"async\" class=\" size-full wp-image-7447\" src=\"https:\/\/archivioturi.lavocedelpaese.info\/wp-content\/uploads\/2011\/11\/rifiuti.JPG\" width=\"320\" height=\"150\" alt=\"rifiuti\" style=\"margin-top: 0px; margin-right: 3px; margin-bottom: 0px; margin-left: 3px;\" srcset=\"https:\/\/archivioturi.lavocedelpaese.info\/wp-content\/uploads\/2011\/11\/rifiuti.JPG 640w, https:\/\/archivioturi.lavocedelpaese.info\/wp-content\/uploads\/2011\/11\/rifiuti-300x141.jpg 300w\" sizes=\"auto, (max-width: 320px) 100vw, 320px\" \/><\/p>\n<p>Istituito il consiglio tributario<\/p>\n<p>Cambiamento epocale per Turi: arriva il &#8220;porta a porta&#8221;<\/p>\n<p>Schittulli ritira le dimissioni<\/p>\n<p>Ufficio postale: \u00e8 restyling!<\/p>\n<p>&#8220;Candidato con programmi e impegno&#8221;<\/p>\n<p>&#8220;Vendola mi conosce. A Turi l&#8217;ho creato io!&#8221;<\/p>\n<p>Dimensionamento scolastico: si decide per il prossimo anno<\/p>\n<p>Botto e fiamme sulla Turi &#8211; Sammichele: Tutti illesi<\/p>\n<p>Incidente in via Casamassima<\/p>\n<p>Un laboratorio musicale e uno informatico per le elementari<\/p>\n<p>Atti vandalici o corto circuito<\/p>\n<p>I nomi dei turesi dispersi<\/p>\n<p>deviazione al traffico fino al 7 dicembre<\/p>\n<p>divieto a largo Pozzi<\/p>\n<p>Torna la pioggia e si riformano le buche<\/p>\n<p>&#8220;Il Santissimo&#8221; a &#8220;Promessi Sposi&#8221;<\/p>\n<p>Cos&#8217;\u00e8 lo spread?<\/p>\n<p>Lo stato italiano \u00e8 ricco<\/p>\n<p>L&#8217;Unitalsi fa il punto<\/p>\n<p>Buoni pasto per i dipendenti comunali<\/p>\n<p>Servizio di Assistenza domiciliare: ancora due mesi<\/p>\n<p>Avvio in grande stile per l&#8217;Accademia turese<\/p>\n<p>Sapori d&#8217;autunno al Caff\u00e8 Iacovazzi<\/p>\n<p>Bemyapp: la Silicon Valley arriva a Bari per tre giorni<\/p>\n<p>La cultura del fisico: Body Building<\/p>\n<p>Berlusconi: j\u00e8 velt\u00e8te u&#8217; vang\u00e8le!<\/p>\n<p>La rubrica di Mme Ch\u00e9rie<\/p>\n<p>La pagina di Religione<\/p>\n<p>Villa Menelao: pi\u00f9 ombre che luci<\/p>\n<p>Acqua Amata battuta a Potenza<\/p>\n<p>oroscopo e meteo<\/p>\n<p>&nbsp;<\/p>\n<p>e tanto altro ancora&#8230;.<\/p>\n","protected":false},"excerpt":{"rendered":"<p><img loading=\"lazy\" decoding=\"async\" class=\" size-full wp-image-7447\" src=\"https:\/\/archivioturi.lavocedelpaese.info\/wp-content\/uploads\/2011\/11\/rifiuti.JPG\" width=\"320\" height=\"150\" alt=\"rifiuti\" style=\"margin-top: 0px; margin-right: 3px; margin-bottom: 0px; margin-left: 3px;\" srcset=\"https:\/\/archivioturi.lavocedelpaese.info\/wp-content\/uploads\/2011\/11\/rifiuti.JPG 640w, https:\/\/archivioturi.lavocedelpaese.info\/wp-content\/uploads\/2011\/11\/rifiuti-300x141.jpg 300w\" sizes=\"auto, (max-width: 320px) 100vw, 320px\" \/><\/p>\n","protected":false},"author":1,"featured_media":7447,"comment_status":"open","ping_status":"closed","sticky":false,"template":"","format":"standard","meta":{"colormag_page_container_layout":"default_layout","colormag_page_sidebar_layout":"default_layout","footnotes":""},"categories":[9],"tags":[],"class_list":["post-7448","post","type-post","status-publish","format-standard","has-post-thumbnail","hentry","category-la-voce-del-paese"],"_links":{"self":[{"href":"https:\/\/archivioturi.lavocedelpaese.info\/index.php\/wp-json\/wp\/v2\/posts\/7448","targetHints":{"allow":["GET"]}}],"collection":[{"href":"https:\/\/archivioturi.lavocedelpaese.info\/index.php\/wp-json\/wp\/v2\/posts"}],"about":[{"href":"https:\/\/archivioturi.lavocedelpaese.info\/index.php\/wp-json\/wp\/v2\/types\/post"}],"author":[{"embeddable":true,"href":"https:\/\/archivioturi.lavocedelpaese.info\/index.php\/wp-json\/wp\/v2\/users\/1"}],"replies":[{"embeddable":true,"href":"https:\/\/archivioturi.lavocedelpaese.info\/index.php\/wp-json\/wp\/v2\/comments?post=7448"}],"version-history":[{"count":0,"href":"https:\/\/archivioturi.lavocedelpaese.info\/index.php\/wp-json\/wp\/v2\/posts\/7448\/revisions"}],"wp:featuredmedia":[{"embeddable":true,"href":"https:\/\/archivioturi.lavocedelpaese.info\/index.php\/wp-json\/wp\/v2\/media\/7447"}],"wp:attachment":[{"href":"https:\/\/archivioturi.lavocedelpaese.info\/index.php\/wp-json\/wp\/v2\/media?parent=7448"}],"wp:term":[{"taxonomy":"category","embeddable":true,"href":"https:\/\/archivioturi.lavocedelpaese.info\/index.php\/wp-json\/wp\/v2\/categories?post=7448"},{"taxonomy":"post_tag","embeddable":true,"href":"https:\/\/archivioturi.lavocedelpaese.info\/index.php\/wp-json\/wp\/v2\/tags?post=7448"}],"curies":[{"name":"wp","href":"https:\/\/api.w.org\/{rel}","templated":true}]}}