{"id":7438,"date":"2011-11-15T17:03:49","date_gmt":"2011-11-15T17:03:49","guid":{"rendered":"https:\/\/archivioturi.lavocedelpaese.info\/index.php\/2011\/11\/15\/535-tessere-per-la-mozione-fitto\/"},"modified":"2011-11-15T17:03:49","modified_gmt":"2011-11-15T17:03:49","slug":"535-tessere-per-la-mozione-fitto","status":"publish","type":"post","link":"https:\/\/archivioturi.lavocedelpaese.info\/index.php\/2011\/11\/15\/535-tessere-per-la-mozione-fitto\/","title":{"rendered":"535 TESSERE PER LA MOZIONE FITTO"},"content":{"rendered":"<p style=\"text-align: justify;\"><img loading=\"lazy\" decoding=\"async\" class=\" size-full wp-image-5589\" src=\"https:\/\/archivioturi.lavocedelpaese.info\/wp-content\/uploads\/2011\/03\/GASPARRO.png\" width=\"320\" height=\"150\" alt=\"GASPARRO\" style=\"margin-top: 0px; margin-right: 3px; margin-bottom: 0px; margin-left: 3px;\" \/><\/p>\n<p style=\"text-align: justify;\"><span style=\"font-size: 8pt;\">(Foto di repertorio)<\/span><\/p>\n<p style=\"text-align: justify;\">Il primo tesseramento del PDL \u00e8 terminato il 31 ottobre scorso nel nostro comune si sono visti \u201cfronteggiare\u201d due mozioni quella Fitto e quella Quagliarello facenti capo a due importanti personaggi politici del nostro Paese. La mozione Fitto ha doppiato l\u2019altra, con ben 535 tessere contro le sole 250 per quella Quagliarello. Il coordinatore locale del Pdl Antonio Gasparro&nbsp; ha descritto le prosse tappe che ora vedranno impegnato il popolo di centro-destra Turese.<\/p>\n<p style=\"text-align: justify;\"><b>Come \u00e8 andato il tesseramento locale?<\/b><\/p>\n<p style=\"text-align: justify;\">Abbiamo avuto un totale di circa 800 tessere. Di queste all\u2019incirca 530 per la mozione Fitto, e un 250 circa per la mozione Quagliarello. &nbsp;Secondo me \u00e8 stato un ottimo risultato soprattutto considerando la situazione politica nazionale.<\/p>\n<p style=\"text-align: justify;\"><b>Come funziona il tesseramento e quali sono le differenze fra queste due correnti?<\/b><\/p>\n<p style=\"text-align: justify;\">Il funzionamento del tesseramento \u00e8 semplice; il referente locale di queste due correnti si \u00e8 preso l\u2019onore di tesserare a nome di queste correnti. La differenza \u00e8 sostanzialmente il peso politico che queste due correnti avranno all\u2019interno del partito nazionale d\u2019ora in poi.<\/p>\n<p style=\"text-align: justify;\"><b>Cosa comporter\u00e0 questo peso diverso durante le prossime amministrative?<\/b><\/p>\n<p style=\"text-align: justify;\">Posso rassicurare i nostri elettori che questa divisione non avr\u00e0 nessuna ripercussione sul partito Turese; perch\u00e9 il partito \u00e8 coeso ora, e certamente lo sar\u00e0 dopo. Si sceglier\u00e0 insieme il candidato Sindaco, il programma e gli uomini da inserire, non ci sar\u00e0 nessuna spartizione proporzionale di uomini.<\/p>\n<p style=\"text-align: justify;\"><b>Quali sono ora i prossimi passi che aspettano il Pdl Turese?<\/b><\/p>\n<p style=\"text-align: justify;\">A dicembre ci sar\u00e0 il coordinamento provinciale, sperando che si risolvano i problemi nazionali; auspichiamo che venga scelto in provincia un uomo di Turi perch\u00e9 il territorio Turese lo merita. Succesivamente il coordinamento provinciale, ci sar\u00e0 quello locale con l\u2019elezione del segretario cittadino del Popolo delle Libert\u00e0.<\/p>\n<p style=\"text-align: justify;\"><b>Si potranno avere ricadute sul territorio locale causate da quanto sta avvenendo nel Pdl nazionale?<\/b><\/p>\n<p style=\"text-align: justify;\">Certamente no, anche perch\u00e9 \u00e8 risaputo che la situazione locale \u00e8 sempre diversa da quella nazionale.<\/p>\n<p style=\"text-align: justify;\"><b>Passiamo alle prossime amministrative, si sta gi\u00e0 iniziando a lavorare per trovare il candidato Sindaco?<\/b><\/p>\n<p style=\"text-align: justify;\">Non ancora, \u00e8 ancora presto. Certamente la scelta del candidato avverr\u00e0 dopo la definizione di un programma che accomuni tutto il Pdl Turese.<\/p>\n<p style=\"text-align: justify;\"><b>Ultima domanda, quali sono i rapporti del Pdl Turese con l\u2019UDC e FLI?<\/b><\/p>\n<p style=\"text-align: justify;\">Certamente ottimi; se mi chiede se questi due partiti entreranno nella nostra coalizione, le posso rispondere che questo sar\u00e0 subordinato alla condivisione del programma elettorale.<\/p>\n<p>&nbsp;<\/p>\n<p style=\"text-align: justify;\">&nbsp;<\/p>\n","protected":false},"excerpt":{"rendered":"<p style=\"text-align: justify;\"><img loading=\"lazy\" decoding=\"async\" class=\" size-full wp-image-5589\" src=\"https:\/\/archivioturi.lavocedelpaese.info\/wp-content\/uploads\/2011\/03\/GASPARRO.png\" width=\"320\" height=\"150\" alt=\"GASPARRO\" style=\"margin-top: 0px; margin-right: 3px; margin-bottom: 0px; margin-left: 3px;\" \/><\/p>\n","protected":false},"author":1,"featured_media":5589,"comment_status":"open","ping_status":"closed","sticky":false,"template":"","format":"standard","meta":{"colormag_page_container_layout":"default_layout","colormag_page_sidebar_layout":"default_layout","footnotes":""},"categories":[4],"tags":[],"class_list":["post-7438","post","type-post","status-publish","format-standard","has-post-thumbnail","hentry","category-politica"],"_links":{"self":[{"href":"https:\/\/archivioturi.lavocedelpaese.info\/index.php\/wp-json\/wp\/v2\/posts\/7438","targetHints":{"allow":["GET"]}}],"collection":[{"href":"https:\/\/archivioturi.lavocedelpaese.info\/index.php\/wp-json\/wp\/v2\/posts"}],"about":[{"href":"https:\/\/archivioturi.lavocedelpaese.info\/index.php\/wp-json\/wp\/v2\/types\/post"}],"author":[{"embeddable":true,"href":"https:\/\/archivioturi.lavocedelpaese.info\/index.php\/wp-json\/wp\/v2\/users\/1"}],"replies":[{"embeddable":true,"href":"https:\/\/archivioturi.lavocedelpaese.info\/index.php\/wp-json\/wp\/v2\/comments?post=7438"}],"version-history":[{"count":0,"href":"https:\/\/archivioturi.lavocedelpaese.info\/index.php\/wp-json\/wp\/v2\/posts\/7438\/revisions"}],"wp:featuredmedia":[{"embeddable":true,"href":"https:\/\/archivioturi.lavocedelpaese.info\/index.php\/wp-json\/wp\/v2\/media\/5589"}],"wp:attachment":[{"href":"https:\/\/archivioturi.lavocedelpaese.info\/index.php\/wp-json\/wp\/v2\/media?parent=7438"}],"wp:term":[{"taxonomy":"category","embeddable":true,"href":"https:\/\/archivioturi.lavocedelpaese.info\/index.php\/wp-json\/wp\/v2\/categories?post=7438"},{"taxonomy":"post_tag","embeddable":true,"href":"https:\/\/archivioturi.lavocedelpaese.info\/index.php\/wp-json\/wp\/v2\/tags?post=7438"}],"curies":[{"name":"wp","href":"https:\/\/api.w.org\/{rel}","templated":true}]}}