{"id":7380,"date":"2011-11-09T09:06:15","date_gmt":"2011-11-09T09:06:15","guid":{"rendered":"https:\/\/archivioturi.lavocedelpaese.info\/index.php\/2011\/11\/09\/impegno-per-turi-scende-in-piazza\/"},"modified":"2011-11-09T09:06:15","modified_gmt":"2011-11-09T09:06:15","slug":"impegno-per-turi-scende-in-piazza","status":"publish","type":"post","link":"https:\/\/archivioturi.lavocedelpaese.info\/index.php\/2011\/11\/09\/impegno-per-turi-scende-in-piazza\/","title":{"rendered":"IMPEGNO PER TURI SCENDE IN PIAZZA"},"content":{"rendered":"<p><img loading=\"lazy\" decoding=\"async\" class=\" size-full wp-image-7305\" src=\"https:\/\/archivioturi.lavocedelpaese.info\/wp-content\/uploads\/2011\/11\/impegno_per_turi.JPG\" width=\"320\" height=\"151\" alt=\"impegno per_turi\" style=\"margin-top: 0px; margin-right: 3px; margin-bottom: 0px; margin-left: 3px;\" srcset=\"https:\/\/archivioturi.lavocedelpaese.info\/wp-content\/uploads\/2011\/11\/impegno_per_turi.JPG 640w, https:\/\/archivioturi.lavocedelpaese.info\/wp-content\/uploads\/2011\/11\/impegno_per_turi-300x141.jpg 300w\" sizes=\"auto, (max-width: 320px) 100vw, 320px\" \/><\/p>\n<p>&nbsp;<\/p>\n<p style=\"text-align: justify;\">Sabato scorso, Franco Mercieri e alcuni esponenti del Movimento Impegno per Turi sono scesi in Piazza per il primo comizio ufficiale. Tante le persone ad ascoltare Franco Mercieri che introduce i punti fondativi del gruppo che ha messo insieme uomini e donne <b><i>prescindendo dalla loro appartenenza politica. <\/i><\/b>Concetto che viene poi sottolineato pi\u00f9 volte durante i vari interventi: \u201cil bene del nostro paese non pu\u00f2 identificarsi in un simbolo politico di destra o di sinistra\u201d. L\u2019obiettivo del movimento, &nbsp;aperto a tutti i cittadini, \u00e8 aggregare risorse umane per formare una nuova classe dirigente.<\/p>\n<p style=\"text-align: justify;\">Durato soli 35 minuti, e integralmente visibile su <a href=\"politica\/32072-impegno-per-turi-il-primo-comizio-video.html\" target=\"_blank\" rel=\"noopener\">Turiweb.it, il comizio<\/a> ha definito fin dalle prime battute, con frasi precise e calibrate, la struttura e le finalit\u00e0 del movimento. I relatori, tutti decisi ma con foglietto alla mano, interverranno secondo l\u2019ordine cronologico, Rosalinda Genghi, Franco Mercieri, Pietro Pugliese, Sandro Laera e Piero Camposeo.<\/p>\n<p style=\"text-align: justify;\">Proviamo a vedere in sintesi gli aspetti positivi e <i>\u201cnegativi\u201d<\/i> di tutti gli interventi.<\/p>\n<p style=\"text-align: justify;\"><b>FRANCO MERCIERI<\/b><\/p>\n<p style=\"text-align: justify;\">Dopo aver scoccato la prima freccia al cuore di Gigantelli Mercieri sottolinea nuovamente l\u2019idea alla base del gruppo che intende <b><i>superare i vecchi schemi politici fatti di maggioranza e opposizione, di destra e di sinistra, che si fronteggiano per esaltare una sterile quanto dannosa contrapposizione.<\/i><\/b> Tuttavia, dopo questa parentesi, Mercieri, con tono sereno e sicuro, ribadisce l\u2019idea di un gruppo aperto: \u201c Non siamo riluttanti al confronto.\u201d Mercieri racconta come in questi mesi, nella sede in via XX Settembre: <b><i>\u201cSono gi\u00e0 diversi gli ex amministratori che hanno aderito al nostro invito al confronto \u2013 <\/i><\/b>sottolinea poi Franco<b><i> &#8211; vi assicuro ne abbiamo fatto tesoro\u201d.<\/i><\/b><\/p>\n<p style=\"text-align: justify;\">Impegno per Turi dunque nasce spontaneamente e senza steccati ideologici e come contenitore-laboratorio di proposte dove <b><i>\u201cpu\u00f2 partecipare chiunque e vi invito a farlo.\u201d<\/i><\/b><\/p>\n<p style=\"text-align: justify;\">Dopo aver presentato il suo gruppo Mercieri presenta se stesso. L\u2019accostamento e il biglietto di vista, di facile portata, per la Piazza attenta \u00e8 il proprio percorso del quale Franco non ne nasconde di essere <b><i>orgoglioso del percorso professionale e personale fin qui fatto.<\/i><\/b><\/p>\n<p style=\"text-align: justify;\">Il leader del movimento spiega come \u00e8 nato un impegno in prima fila: \u201cDopo tanto parlare con gli amici nacque un senso di colpa per la mancata partecipazione.\u201d<\/p>\n<p style=\"text-align: justify;\">Mercieri per\u00f2 in conclusione afferma un cosa importante che riteniamo non di poco conto. \u201cStiamo elaborando il programma ma <b>non vogliamo sognare ingenuamente ad occhi aperti<\/b>. \u201cVogliamo confrontarci concretamente con la disponibilit\u00e0 esistente e progettare in funzione di essi.<\/p>\n<p style=\"text-align: justify;\"><b>PIETRO PUGLIESE<\/b><\/p>\n<p style=\"text-align: justify;\">\u201cAlcuni miei amici mi dicevano meglio star lontani dalla politica. Oggi dico a queste persone \u00e8 un luogo comune sul quale tutti faremmo bene a riflettere. Oggi infatti con razionale consapevolezza ho deciso di voler partecipare ad Impegno per Turi per la delusione verso la politica intesa nella forma e nella gestione tradizionale fatta quasi esclusivamente di potere personale a discapito dell\u2019interesse generale. Questa la scintilla che ha provocato il focolare chiamato Impegno per Turi.\u201d<\/p>\n<p style=\"text-align: justify;\">Pietro Pugliese sottolinea una nuova regola interna dal sapore \u201caziendale\u201d: <b><i>\u201cAbbiamo inteso il concetto dell\u2019impegno a Tempo come un turno di servizio. Alla fine di questo turno dobbiamo evitare di utilizzare l\u2019esperienza come arma di ricatto per rimanere attaccati alla poltrona.\u201d<\/i><\/b><\/p>\n<p style=\"text-align: justify;\">In questa frase se volessimo poi leggere una risposta allo scontro <i>nuovi vs esperti<\/i> forse non sbaglieremmo pi\u00f9 di tanto&#8230;ma a renderlo esplicito ci penser\u00e0 poi Sandro Laera.<\/p>\n<p style=\"text-align: justify;\"><b>SANDRO LAERA<\/b><\/p>\n<p style=\"text-align: justify;\">Sono stato candidato con Turi nel cuore, ma io non ricevetti i consensi per essere eletto. Ingenuamente immaginavo fossi ancora parte di quella squadra vincente. Invece cos\u00ec non era. Chi non viene eletto rimane emarginato. Considerato una zavorra. Ma ho promesso a me stesso che non avrei mollato. Sono qui con Impegno per Turi perch\u00e9 ho voglia di fare buona politica. Abbiamo tolto del tempo a noi stessi autofinanziandoci. Lo scopo comune \u00e8 migliorare il nostro amato paese. \u201cin questo comune le amministrazioni hanno vigilato soltanto quando i lavori sono stati eseguiti dinanzi alle proprie abitazioni. Loro non considerano Turi la propria casa.\u201d<\/p>\n<p style=\"text-align: justify;\">Laera specifica e risponde agli \u201cesperti\u201d&#8230; \u201c Se in questi anni hanno fatto quello che ho visto preferisco non avere questa esperienza\u201d.<\/p>\n<p style=\"text-align: justify;\"><b>PIERO CAMPOSEO<\/b><\/p>\n<p style=\"text-align: justify;\">Probabilmente il migliore per sicurezza fra i relatori, Piero Camposeo, parla di partecipazione, introducendo anche una personale <b><i>autocritica e mea culpa. <\/i><\/b>Una partecipazione che secondo Camposeo \u00e8 offuscata e che &#8230; <b><i>qualcuno vuole questo metodo, lo caldeggia&#8230; testa bassa e pensare solo ed esclusivamente a se stessi&#8230;questo il motto per evitare che sopravanzi una coscienza civile.<\/i><\/b><\/p>\n<p style=\"text-align: justify;\">Piero racconta di come in questi anni si votava <b><i>qualche volta con la molletta al naso, qualche volta al contrario abbiamo creduto in un cambiamento. Ma non \u00e8 stato cos\u00ec.<\/i><\/b><\/p>\n<p style=\"text-align: justify;\">\u201cL\u2019attuale classe politica che ci rappresenta \u2013 incalza Camposeo \u2013 sembra in larga misura caratterizzata da persone la cui mente appare come ottenebrata da un modo di pensare che si traduce in un modo di agire che nulla ha a che vedere con gli interessi della nostra collettivit\u00e0 &#8230;la mancanza di partecipazione ha escluso i cittadini dalla politica. Politica di cui si sono appropriati dei soggetti autoreferenziali finendo per raschiare il barile &#8230;il risultato \u00e8 che il degrado istituzionale a cui abbiamo assistito negli ultimi anni non trova precedenti nella nostra repubblica. Nessuno di noi pu\u00f2 pi\u00f9 permettersi di escludersi. Ognuno di noi deve scendere in piazza e riappropriarsi di tutto quanto siamo stati depredati.\u201d<\/p>\n<p style=\"text-align: justify;\">Infine l\u2019appello passionale di Camposeo alla partecipazione di tutte le classi generazionali: \u201cMi rivolgo agli anziani che devono sentire il peso di questa situazione. Voglio spronarli perch\u00e9 credo che molto possono dare alla nostra comunit\u00e0. Mi rivolgo a quelli della mia et\u00e0, incerti fra la rassegnazione e la consapevolezza che si pu\u00f2 e si deve fare qualcosa. Infine i giovani a cui \u00e8 stato tolto persino il privilegio dei ricordi positivi. Come ad esempio in passato sono esistite persone per il quale il termine Onorevole poteva essere ancora appropriato. Non aggiungo altro. Fra i giovani esistono persone molto migliori di me, dovete venire fuori. Non dovete permettere che un gruppo di politici talvolta deliranti prendano decisioni sul vostro futuro.\u201d<\/p>\n","protected":false},"excerpt":{"rendered":"<p><img loading=\"lazy\" decoding=\"async\" class=\" size-full wp-image-7305\" src=\"https:\/\/archivioturi.lavocedelpaese.info\/wp-content\/uploads\/2011\/11\/impegno_per_turi.JPG\" width=\"320\" height=\"151\" alt=\"impegno per_turi\" style=\"margin-top: 0px; margin-right: 3px; margin-bottom: 0px; margin-left: 3px;\" srcset=\"https:\/\/archivioturi.lavocedelpaese.info\/wp-content\/uploads\/2011\/11\/impegno_per_turi.JPG 640w, https:\/\/archivioturi.lavocedelpaese.info\/wp-content\/uploads\/2011\/11\/impegno_per_turi-300x141.jpg 300w\" sizes=\"auto, (max-width: 320px) 100vw, 320px\" \/><\/p>\n","protected":false},"author":1,"featured_media":7305,"comment_status":"open","ping_status":"closed","sticky":false,"template":"","format":"standard","meta":{"colormag_page_container_layout":"default_layout","colormag_page_sidebar_layout":"default_layout","footnotes":""},"categories":[4],"tags":[],"class_list":["post-7380","post","type-post","status-publish","format-standard","has-post-thumbnail","hentry","category-politica"],"_links":{"self":[{"href":"https:\/\/archivioturi.lavocedelpaese.info\/index.php\/wp-json\/wp\/v2\/posts\/7380","targetHints":{"allow":["GET"]}}],"collection":[{"href":"https:\/\/archivioturi.lavocedelpaese.info\/index.php\/wp-json\/wp\/v2\/posts"}],"about":[{"href":"https:\/\/archivioturi.lavocedelpaese.info\/index.php\/wp-json\/wp\/v2\/types\/post"}],"author":[{"embeddable":true,"href":"https:\/\/archivioturi.lavocedelpaese.info\/index.php\/wp-json\/wp\/v2\/users\/1"}],"replies":[{"embeddable":true,"href":"https:\/\/archivioturi.lavocedelpaese.info\/index.php\/wp-json\/wp\/v2\/comments?post=7380"}],"version-history":[{"count":0,"href":"https:\/\/archivioturi.lavocedelpaese.info\/index.php\/wp-json\/wp\/v2\/posts\/7380\/revisions"}],"wp:featuredmedia":[{"embeddable":true,"href":"https:\/\/archivioturi.lavocedelpaese.info\/index.php\/wp-json\/wp\/v2\/media\/7305"}],"wp:attachment":[{"href":"https:\/\/archivioturi.lavocedelpaese.info\/index.php\/wp-json\/wp\/v2\/media?parent=7380"}],"wp:term":[{"taxonomy":"category","embeddable":true,"href":"https:\/\/archivioturi.lavocedelpaese.info\/index.php\/wp-json\/wp\/v2\/categories?post=7380"},{"taxonomy":"post_tag","embeddable":true,"href":"https:\/\/archivioturi.lavocedelpaese.info\/index.php\/wp-json\/wp\/v2\/tags?post=7380"}],"curies":[{"name":"wp","href":"https:\/\/api.w.org\/{rel}","templated":true}]}}