{"id":7369,"date":"2011-11-08T12:19:04","date_gmt":"2011-11-08T12:19:04","guid":{"rendered":"https:\/\/archivioturi.lavocedelpaese.info\/index.php\/2011\/11\/08\/agricoltura-un-progetto-dei-circoli-di-sel\/"},"modified":"2011-11-08T12:19:04","modified_gmt":"2011-11-08T12:19:04","slug":"agricoltura-un-progetto-dei-circoli-di-sel","status":"publish","type":"post","link":"https:\/\/archivioturi.lavocedelpaese.info\/index.php\/2011\/11\/08\/agricoltura-un-progetto-dei-circoli-di-sel\/","title":{"rendered":"\u201cAGRICOLTURA\u201d: UN PROGETTO DEI CIRCOLI DI SEL"},"content":{"rendered":"<p><img loading=\"lazy\" decoding=\"async\" class=\" size-full wp-image-7368\" src=\"https:\/\/archivioturi.lavocedelpaese.info\/wp-content\/uploads\/2011\/11\/agricoltura_alta1.jpg\" width=\"320\" height=\"150\" alt=\"agricoltura alta1\" style=\"margin-top: 0px; margin-right: 3px; margin-bottom: 0px; margin-left: 3px;\" srcset=\"https:\/\/archivioturi.lavocedelpaese.info\/wp-content\/uploads\/2011\/11\/agricoltura_alta1.jpg 640w, https:\/\/archivioturi.lavocedelpaese.info\/wp-content\/uploads\/2011\/11\/agricoltura_alta1-300x140.jpg 300w\" sizes=\"auto, (max-width: 320px) 100vw, 320px\" \/><\/p>\n<p>&nbsp;<\/p>\n<p class=\"Standard\" style=\"text-align: justify;\">I circoli di Sinistra Ecologia e Libert\u00e0 di Sammichele di Bari, Turi e Casamassima hanno intrapreso un percorso unitario nell&#8217;ambito di un progetto denominato AGRICULTURA. Il progetto si pone l&#8217;obiettivo di introdurre, anche nei nostri paesi prettamente a vocazione agricola, il concetto di filiera corta, promuovendo un agromercato sostenibile. La peculiarit\u00e0 di questo sistema consiste nel ridurre il numero degli attori della filiera, eliminando tutte le figure intermedie, sino a consentire ai produttori la vendita diretta. Un simile mercato, oltre a garantire la qualit\u00e0 e la genuinit\u00e0 dei prodotti, consente la valorizzazione delle biodiversit\u00e0, delle peculiarit\u00e0 del territorio e di quelle variet\u00e0 colturali della tradizione antica che via via stanno scomparendo a causa della loro scarsa propensione alla conservazione o del loro basso valore di mercato. Questo nuovo modello permetter\u00e0 la commercializzazione di frutta e verdura sempre freschi e nel pieno rispetto dei cicli stagionali e la riscoperta dei vecchi sapori del nostro territorio, garantendo al contempo un giusto rapporto qualit\u00e0-prezzo.<br \/> A tal fine, informiamo la cittadinanza che sabato 5 novembre alle ore 17,00, presso il \u201cCircolo A. Gramsci\u201d di Turi, si terr\u00e0 un ulteriore incontro organizzativo con i rappresentanti dei tre circoli comunali di SEL, dei responsabili provinciali della SLOW FOOD e dei produttori interessati al progetto.<\/p>\n<p class=\"Standard\" style=\"text-align: right;\">Il coordinatore Sinistra Ecologia e Libert\u00e0 di Turi.<\/p>\n<p class=\"Standard\" style=\"text-align: right;\">Gianvito Pedone<\/p>\n","protected":false},"excerpt":{"rendered":"<p><img loading=\"lazy\" decoding=\"async\" class=\" size-full wp-image-7368\" src=\"https:\/\/archivioturi.lavocedelpaese.info\/wp-content\/uploads\/2011\/11\/agricoltura_alta1.jpg\" width=\"320\" height=\"150\" alt=\"agricoltura alta1\" style=\"margin-top: 0px; margin-right: 3px; margin-bottom: 0px; margin-left: 3px;\" srcset=\"https:\/\/archivioturi.lavocedelpaese.info\/wp-content\/uploads\/2011\/11\/agricoltura_alta1.jpg 640w, https:\/\/archivioturi.lavocedelpaese.info\/wp-content\/uploads\/2011\/11\/agricoltura_alta1-300x140.jpg 300w\" sizes=\"auto, (max-width: 320px) 100vw, 320px\" \/><\/p>\n","protected":false},"author":1,"featured_media":7368,"comment_status":"open","ping_status":"closed","sticky":false,"template":"","format":"standard","meta":{"colormag_page_container_layout":"default_layout","colormag_page_sidebar_layout":"default_layout","footnotes":""},"categories":[7],"tags":[],"class_list":["post-7369","post","type-post","status-publish","format-standard","has-post-thumbnail","hentry","category-attualita"],"_links":{"self":[{"href":"https:\/\/archivioturi.lavocedelpaese.info\/index.php\/wp-json\/wp\/v2\/posts\/7369","targetHints":{"allow":["GET"]}}],"collection":[{"href":"https:\/\/archivioturi.lavocedelpaese.info\/index.php\/wp-json\/wp\/v2\/posts"}],"about":[{"href":"https:\/\/archivioturi.lavocedelpaese.info\/index.php\/wp-json\/wp\/v2\/types\/post"}],"author":[{"embeddable":true,"href":"https:\/\/archivioturi.lavocedelpaese.info\/index.php\/wp-json\/wp\/v2\/users\/1"}],"replies":[{"embeddable":true,"href":"https:\/\/archivioturi.lavocedelpaese.info\/index.php\/wp-json\/wp\/v2\/comments?post=7369"}],"version-history":[{"count":0,"href":"https:\/\/archivioturi.lavocedelpaese.info\/index.php\/wp-json\/wp\/v2\/posts\/7369\/revisions"}],"wp:featuredmedia":[{"embeddable":true,"href":"https:\/\/archivioturi.lavocedelpaese.info\/index.php\/wp-json\/wp\/v2\/media\/7368"}],"wp:attachment":[{"href":"https:\/\/archivioturi.lavocedelpaese.info\/index.php\/wp-json\/wp\/v2\/media?parent=7369"}],"wp:term":[{"taxonomy":"category","embeddable":true,"href":"https:\/\/archivioturi.lavocedelpaese.info\/index.php\/wp-json\/wp\/v2\/categories?post=7369"},{"taxonomy":"post_tag","embeddable":true,"href":"https:\/\/archivioturi.lavocedelpaese.info\/index.php\/wp-json\/wp\/v2\/tags?post=7369"}],"curies":[{"name":"wp","href":"https:\/\/api.w.org\/{rel}","templated":true}]}}