{"id":7356,"date":"2011-11-08T08:55:06","date_gmt":"2011-11-08T08:55:06","guid":{"rendered":"https:\/\/archivioturi.lavocedelpaese.info\/index.php\/2011\/11\/08\/educare-ai-valori-della-famiglia\/"},"modified":"2011-11-08T08:55:06","modified_gmt":"2011-11-08T08:55:06","slug":"educare-ai-valori-della-famiglia","status":"publish","type":"post","link":"https:\/\/archivioturi.lavocedelpaese.info\/index.php\/2011\/11\/08\/educare-ai-valori-della-famiglia\/","title":{"rendered":"\u201cEDUCARE AI VALORI DELLA FAMIGLIA\u201d"},"content":{"rendered":"<p><img loading=\"lazy\" decoding=\"async\" class=\" size-full wp-image-7355\" src=\"https:\/\/archivioturi.lavocedelpaese.info\/wp-content\/uploads\/2011\/11\/giornata_diocesana.jpg\" width=\"320\" height=\"150\" alt=\"giornata diocesana\" style=\"margin-top: 0px; margin-right: 3px; margin-bottom: 0px; margin-left: 3px;\" srcset=\"https:\/\/archivioturi.lavocedelpaese.info\/wp-content\/uploads\/2011\/11\/giornata_diocesana.jpg 640w, https:\/\/archivioturi.lavocedelpaese.info\/wp-content\/uploads\/2011\/11\/giornata_diocesana-300x141.jpg 300w\" sizes=\"auto, (max-width: 320px) 100vw, 320px\" \/><\/p>\n<p>&nbsp;<\/p>\n<p style=\"text-align: justify;\">Domenica 30 ottobre, presso il \u201cNuovo Cinema Teatro\u201d di Alberobello, si \u00e8 svolto un\u2019occasione di incontro tra Chiesa e Famiglie per la Giornata Diocesana della Famiglia 2011.<\/p>\n<p style=\"text-align: justify;\">Un momento per ritrovarsi, condividere, ascoltare e fraternizzare sui valori della Famiglia, insieme al Vescovo, Mons. Domenico Padovano e alle famiglie della diocesi di Conversano \u2013 Monopoli.<\/p>\n<p style=\"text-align: justify;\">Educare alla famiglia, un valore sul quale oggi, con i ritmi frenetici e gli impegni quotidiani si tende a trascurare, ma sul quale \u00e8 necessario fermarsi e riflettere. In un momento di incontro con i componenti della diocesi, le famiglie, insieme ai ragazzi che durante il 2011 hanno formato nuovi nuclei famigliari, hanno trovato occasione di domande, dubbi, considerazioni su cosa sia la famiglia e sugli obiettivi che questa si prefigge nella nostra societ\u00e0. La famiglia, consacrata tale da un iniziale matrimonio, diviene la prima \u201cpiccola Chiesa\u201d che crede in Ges\u00f9 Cristo e lo testimonia davanti agli uomini, cominciando dai propri figli e dai vicini. La missione educativa della famiglia cristiana \u00e8 quella di favorire l\u2019incontro della generazione che cresce con il Cristo.<\/p>\n<p style=\"text-align: justify;\">\u201cOccorre tornare a considerare la famiglia come il santuario della vita. Essa, infatti, \u00e8 sacra: \u00e8 il luogo in cui la vita, dono di Dio, pu\u00f2 essere adeguatamente accolta e protetta contro i molteplici attacchi a cui \u00e8 esposta, e pu\u00f2 svilupparsi secondo le esigenze di un&#8217;autentica crescita umana. Contro la cosiddetta cultura della morte, la famiglia costituisce la sede della cultura della vita.\u201d<\/p>\n<p style=\"text-align: justify;\">\u201cUn ruolo decisivo spetta alla famiglia, dove l&#8217;uomo apprende il segreto della pace, sperimentando il calore dell&#8217;accoglienza ed esercitandosi giorno dopo giorno nella disciplina degli affetti, nello sforzo della tolleranza, nell&#8217;impegno della comunione. Chi lavora per la famiglia lavora per la pace, anche se purtroppo bisogna constatare, anche in questo campo, che ai nostri giorni la famiglia deve fare i conti con crescenti difficolt\u00e0 interne ed esterne, che rischiano di turbarne la serenit\u00e0\u201d. (Giovanni Paolo II)<\/p>\n","protected":false},"excerpt":{"rendered":"<p><img loading=\"lazy\" decoding=\"async\" class=\" size-full wp-image-7355\" src=\"https:\/\/archivioturi.lavocedelpaese.info\/wp-content\/uploads\/2011\/11\/giornata_diocesana.jpg\" width=\"320\" height=\"150\" alt=\"giornata diocesana\" style=\"margin-top: 0px; margin-right: 3px; margin-bottom: 0px; margin-left: 3px;\" srcset=\"https:\/\/archivioturi.lavocedelpaese.info\/wp-content\/uploads\/2011\/11\/giornata_diocesana.jpg 640w, https:\/\/archivioturi.lavocedelpaese.info\/wp-content\/uploads\/2011\/11\/giornata_diocesana-300x141.jpg 300w\" sizes=\"auto, (max-width: 320px) 100vw, 320px\" \/><\/p>\n","protected":false},"author":1,"featured_media":7355,"comment_status":"open","ping_status":"closed","sticky":false,"template":"","format":"standard","meta":{"colormag_page_container_layout":"default_layout","colormag_page_sidebar_layout":"default_layout","footnotes":""},"categories":[7],"tags":[],"class_list":["post-7356","post","type-post","status-publish","format-standard","has-post-thumbnail","hentry","category-attualita"],"_links":{"self":[{"href":"https:\/\/archivioturi.lavocedelpaese.info\/index.php\/wp-json\/wp\/v2\/posts\/7356","targetHints":{"allow":["GET"]}}],"collection":[{"href":"https:\/\/archivioturi.lavocedelpaese.info\/index.php\/wp-json\/wp\/v2\/posts"}],"about":[{"href":"https:\/\/archivioturi.lavocedelpaese.info\/index.php\/wp-json\/wp\/v2\/types\/post"}],"author":[{"embeddable":true,"href":"https:\/\/archivioturi.lavocedelpaese.info\/index.php\/wp-json\/wp\/v2\/users\/1"}],"replies":[{"embeddable":true,"href":"https:\/\/archivioturi.lavocedelpaese.info\/index.php\/wp-json\/wp\/v2\/comments?post=7356"}],"version-history":[{"count":0,"href":"https:\/\/archivioturi.lavocedelpaese.info\/index.php\/wp-json\/wp\/v2\/posts\/7356\/revisions"}],"wp:featuredmedia":[{"embeddable":true,"href":"https:\/\/archivioturi.lavocedelpaese.info\/index.php\/wp-json\/wp\/v2\/media\/7355"}],"wp:attachment":[{"href":"https:\/\/archivioturi.lavocedelpaese.info\/index.php\/wp-json\/wp\/v2\/media?parent=7356"}],"wp:term":[{"taxonomy":"category","embeddable":true,"href":"https:\/\/archivioturi.lavocedelpaese.info\/index.php\/wp-json\/wp\/v2\/categories?post=7356"},{"taxonomy":"post_tag","embeddable":true,"href":"https:\/\/archivioturi.lavocedelpaese.info\/index.php\/wp-json\/wp\/v2\/tags?post=7356"}],"curies":[{"name":"wp","href":"https:\/\/api.w.org\/{rel}","templated":true}]}}