{"id":7344,"date":"2011-11-07T09:07:13","date_gmt":"2011-11-07T09:07:13","guid":{"rendered":"https:\/\/archivioturi.lavocedelpaese.info\/index.php\/2011\/11\/07\/limprovvisazione-carismatica-di-michel-godard\/"},"modified":"2011-11-07T09:07:13","modified_gmt":"2011-11-07T09:07:13","slug":"limprovvisazione-carismatica-di-michel-godard","status":"publish","type":"post","link":"https:\/\/archivioturi.lavocedelpaese.info\/index.php\/2011\/11\/07\/limprovvisazione-carismatica-di-michel-godard\/","title":{"rendered":"L\u2019IMPROVVISAZIONE DI MICHEL GODARD"},"content":{"rendered":"<p><img loading=\"lazy\" decoding=\"async\" class=\" size-full wp-image-7343\" src=\"https:\/\/archivioturi.lavocedelpaese.info\/wp-content\/uploads\/2011\/11\/Godard_al_centro_con_la_tuba_azzurra_Raffaele_Darienzo_e_i_ragazzi.jpg\" width=\"320\" height=\"150\" alt=\"Godard al_centro_con_la_tuba_azzurra_Raffaele_Darienzo_e_i_ragazzi\" style=\"margin-top: 0px; margin-right: 3px; margin-bottom: 0px; margin-left: 3px;\" srcset=\"https:\/\/archivioturi.lavocedelpaese.info\/wp-content\/uploads\/2011\/11\/Godard_al_centro_con_la_tuba_azzurra_Raffaele_Darienzo_e_i_ragazzi.jpg 640w, https:\/\/archivioturi.lavocedelpaese.info\/wp-content\/uploads\/2011\/11\/Godard_al_centro_con_la_tuba_azzurra_Raffaele_Darienzo_e_i_ragazzi-300x141.jpg 300w\" sizes=\"auto, (max-width: 320px) 100vw, 320px\" \/><\/p>\n<p>&nbsp;<\/p>\n<p style=\"text-align: justify;\">Gioved\u00ec scorso, \u2018Palladium Music\u2019, in collaborazione con la \u2018Yahama Music Europe\u2019 ha organizzato, presso la Biblioteca Comunale di Turi, il concerto finale del Masterclass in tuba con il M\u00b0 Michel Godard.<\/p>\n<p style=\"text-align: justify;\">La serata \u00e8 stata divisa in due parti: una prima, in cui abbiamo assistito all\u2019esecuzione di pezzi improvvisati dal maestro e da alcuni suoi allievi; una seconda con tutti gli artisti di tuba e trombone che hanno partecipato al master.<\/p>\n<p style=\"text-align: justify;\">Estemporaneit\u00e0 e ricerca sonora, il tema di questa serata entusiasmante.<\/p>\n<p style=\"text-align: justify;\">Chiara Liuzzi e Antonio Latela hanno interpretato in chiave contemporanea brani di tradizione sefardita, attraverso l\u2019uso dell\u2019improvvisazione, quali \u2018Los Bilbilicos\u2019, in italiano \u2018Gli Usignoli\u2019, e \u2018Auridme Galanica\u2019.<\/p>\n<p style=\"text-align: justify;\">Il nostro compaesano Michele Marzella al trombone, Livio Minafra al pianoforte, Giovanni Chiapparino alle percussioni e Domenico Lopez alla chitarra hanno creato sonorit\u00e0 calde, ancestrali, meditative, nel pi\u00f9 assoluto relax, rielaborando anche un brano dello stesso Marzella, dal titolo \u2018Etno loop station\u2019, ispirato al mantra, fortemente evocativo.<\/p>\n<p style=\"text-align: justify;\">Michel Godard \u00e8 uno straordinario esponente della musica jazz, famoso per il suo virtuosismo e per la sua capacit\u00e0 di produrre il \u2018multiphonics\u2019. \u00c9 conosciuto per essersi dedicato alla studio del serpentone, l\u2019antenato della tuba, chiamato cos\u00ec proprio per la sua forma a spirale, suonato anche durante la serata.<\/p>\n<p style=\"text-align: justify;\">Per l\u2019occasione, il maestro ha arrangiato per 12 tube un noto pezzo francese classico del 1700, originale per archi, di Jean Philippe Rameau \u2018La danza dei selvaggi\u2019 da \u2018Le Indie galanti\u2019; un secondo brano, tratto dal repertorio del jazz classico, dal titolo \u2018Blue monk\u2019, ed, infine, un terzo intitolato \u2018Deep memories\u2019. Simpatico \u00e8 stato l\u2019inserimento estemporaneo all\u2019interno dell\u2019organico di Pamela Catucci che ha suonato la tromba in Sib.<\/p>\n<p style=\"text-align: justify;\">L\u2019 ultimo pezzo \u2018M\u00e9tal\u2019 \u00e8 stato scritto da Godard.<\/p>\n<p style=\"text-align: justify;\">Il professor Raffaele Darienzo ha invitato l\u2019assessore alla cultura di Turi, Franco D\u2019Addabbo, ad esprimere la propria opinione \u201dL\u2019evento \u00e8 stato organizzato da Raffaele che ringraziamo calorosamente. Avere a Turi un personaggio cos\u00ec importante non avviene tutti i giorni. \u00c8 un salto di qualit\u00e0 in una piazza gi\u00e0 fertile. La cultura non dobbiamo mai dimenticarla perch\u00e9 \u00e8 fondamentale.\u201d Proseguendo, poi, con un proprio intervento Raffaele Darienzo \u201cNon posso che ringraziare tutti i miei collaboratori, sottolineando che questa opportunit\u00e0 mi \u00e8 stata data dalla \u2018Yamaha\u2019, dopo l\u2019inaugurazione della nuova sede. Questi giorni sono stati un crescendo. Ringrazio i ragazzi per la sensibilit\u00e0 che hanno mostrato verso la loro professionalit\u00e0 e per il carisma di Michel Godard.\u201d<\/p>\n<p style=\"text-align: justify;\">&nbsp;<\/p>\n<hr \/>\n<p>&nbsp;<\/p>\n<p>Egr sig.r Gian Battista&nbsp; Corti ,<\/p>\n<p>Colgo&nbsp; l&#8217;occasione&nbsp; per&nbsp; ringraziare&nbsp; la&nbsp; YAMAHA MUSIC&nbsp; EUROPE&nbsp; da&nbsp; Lei&nbsp; rappresentata&nbsp; in&nbsp; qualit\u00e0&nbsp; di &#8220;Manager&nbsp; Product Marketing &amp; Artist&nbsp; Relation B&amp;O&#8221;&nbsp; per&nbsp; il&nbsp; branch ITALIA , il&nbsp; prof. Raffaele&nbsp; Darienzo&nbsp; di&nbsp; Palladium Music&nbsp; di&nbsp; Turi , per&nbsp; la&nbsp; realizzazione&nbsp; dell&#8217;evento&nbsp; &#8220;altamente&nbsp; didattico&#8221;&nbsp; per&nbsp; la&nbsp; masterclass tenuta&nbsp; a&nbsp; Turi&nbsp; dal&nbsp; M\u00b0 Michel Godard.<\/p>\n<p>Ringrazio&nbsp; il&nbsp; M\u00b0 Michel&nbsp; Godard , per&nbsp; tutte&nbsp; le&nbsp; nozioni&nbsp; di &nbsp;tecnica&nbsp; musicale&nbsp; impartite (la&nbsp; respirazione&nbsp; circolare , l&#8217;improvvisazione&nbsp; nel jazz , il&nbsp; vocabolario&nbsp; dei&nbsp; suoni&nbsp; e&nbsp; dei&nbsp; ritmi&#8230;. )&nbsp; e&nbsp; la&nbsp; condivisione&nbsp; del&nbsp; suo&nbsp; percorso&nbsp; musicale , nozioni indispensabili&nbsp; per la&nbsp; crescita&nbsp; dei&nbsp; numerosissimi&nbsp; musicisti&nbsp; e&nbsp; audiofili&nbsp; che hanno partecipato&nbsp; alla&nbsp; master class.<\/p>\n<p>Il&nbsp;&nbsp; BASSO&nbsp; TUBA , colonna&nbsp; portante&nbsp; delle&nbsp; nostre&nbsp; bande&nbsp; cittadine&nbsp; e&nbsp; attualmente&nbsp; molto&nbsp; usato&nbsp; in&nbsp; formazioni&nbsp; di&nbsp; musica&nbsp; jazz, grazie&nbsp; all&#8217;apporto&nbsp; del&nbsp; M\u00b0 Michel&nbsp; Godard ha&nbsp; sicuramente&nbsp; subito&nbsp; una&nbsp; rivoluzione&nbsp; stilistica . Prima&nbsp; della&nbsp; master&nbsp; class ,non&nbsp; ho&nbsp; mai&nbsp; avuto&nbsp; la&nbsp; concezione&nbsp; di&nbsp; cosa si&nbsp; poteva&nbsp; suonare&nbsp; con&nbsp; questo&nbsp; strumento , musicalmente&nbsp; molto&nbsp; limitato&nbsp; dalla&nbsp; scrittura&nbsp; orizzontale&nbsp; nella&nbsp; musica&nbsp; per&nbsp; banda. Aver ascoltato il basso tuba con delle sonorit\u00e0 altamente ritmiche \u00e8 stata una&nbsp; grandissima sorpresa.!<\/p>\n<p>Sono&nbsp; molto&nbsp; dispiaciuto&nbsp; che&nbsp; il&nbsp; concerto&nbsp; finale&nbsp; della&nbsp; Masterclass non&nbsp; abbia&nbsp; avuto&nbsp; un riscontro televisivo per&nbsp;&nbsp; la&nbsp; Puglia , regione con&nbsp; una&nbsp;&nbsp; tradizione bandistica centenaria .<\/p>\n<p>Nella&nbsp; mia citt\u00e0 , Conversano,&nbsp; le&nbsp;&nbsp; due&nbsp; bande , la&nbsp; Piantoni&nbsp; e&nbsp; la&nbsp; Ligonzo&nbsp; ne&nbsp; sono protagoniste ! Ringrazio&nbsp; tutti gli&nbsp; organi&nbsp; di&nbsp; stampa&nbsp; e web&nbsp; che&nbsp; hanno&nbsp; reso&nbsp; possibile&nbsp; la&nbsp; diffusione&nbsp; di&nbsp; questo&nbsp; evento.<\/p>\n<p>&nbsp;Con&nbsp; la&nbsp; presente&nbsp; colgo&nbsp; l&#8217;occasione&nbsp; per&nbsp; ringraziarla&nbsp; e&nbsp; per&nbsp; porgerLe distinti saluti .<\/p>\n<p align=\"right\">Rino Liuzzi<\/p>\n<p align=\"right\">Direttore Artistico<\/p>\n<p align=\"right\">Associazione musicale&nbsp; SUONI DAL CASTELLO<\/p>\n<p align=\"right\">&nbsp;<\/p>\n<p>&nbsp;<\/p>\n<p><object type=\"application\/x-shockwave-flash\" width=\"660\" height=\"660\" flashvars=\"host=picasaweb.google.com&amp;hl=it&amp;feat=flashalbum&amp;RGB=0x000000&amp;feed=https:\/\/picasaweb.google.com\/data\/feed\/api\/user\/redazioneturiweb\/albumid\/5672178219857211905?alt=rss&amp;kind=photo&amp;authkey=Gv1sRgCIet4pXotYLJwwE&amp;hl=it\" pluginspage=\"http:\/\/www.macromedia.com\/go\/getflashplayer\" data=\"https:\/\/picasaweb.google.com\/s\/c\/bin\/slideshow.swf\"><param name=\"movie\" value=\"https:\/\/picasaweb.google.com\/s\/c\/bin\/slideshow.swf\" \/><\/object><\/p>\n","protected":false},"excerpt":{"rendered":"<p><img loading=\"lazy\" decoding=\"async\" class=\" size-full wp-image-7343\" src=\"https:\/\/archivioturi.lavocedelpaese.info\/wp-content\/uploads\/2011\/11\/Godard_al_centro_con_la_tuba_azzurra_Raffaele_Darienzo_e_i_ragazzi.jpg\" width=\"320\" height=\"150\" alt=\"Godard al_centro_con_la_tuba_azzurra_Raffaele_Darienzo_e_i_ragazzi\" style=\"margin-top: 0px; margin-right: 3px; margin-bottom: 0px; margin-left: 3px;\" srcset=\"https:\/\/archivioturi.lavocedelpaese.info\/wp-content\/uploads\/2011\/11\/Godard_al_centro_con_la_tuba_azzurra_Raffaele_Darienzo_e_i_ragazzi.jpg 640w, https:\/\/archivioturi.lavocedelpaese.info\/wp-content\/uploads\/2011\/11\/Godard_al_centro_con_la_tuba_azzurra_Raffaele_Darienzo_e_i_ragazzi-300x141.jpg 300w\" sizes=\"auto, (max-width: 320px) 100vw, 320px\" \/><\/p>\n","protected":false},"author":1,"featured_media":7343,"comment_status":"open","ping_status":"closed","sticky":false,"template":"","format":"standard","meta":{"colormag_page_container_layout":"default_layout","colormag_page_sidebar_layout":"default_layout","footnotes":""},"categories":[6],"tags":[],"class_list":["post-7344","post","type-post","status-publish","format-standard","has-post-thumbnail","hentry","category-cultura"],"_links":{"self":[{"href":"https:\/\/archivioturi.lavocedelpaese.info\/index.php\/wp-json\/wp\/v2\/posts\/7344","targetHints":{"allow":["GET"]}}],"collection":[{"href":"https:\/\/archivioturi.lavocedelpaese.info\/index.php\/wp-json\/wp\/v2\/posts"}],"about":[{"href":"https:\/\/archivioturi.lavocedelpaese.info\/index.php\/wp-json\/wp\/v2\/types\/post"}],"author":[{"embeddable":true,"href":"https:\/\/archivioturi.lavocedelpaese.info\/index.php\/wp-json\/wp\/v2\/users\/1"}],"replies":[{"embeddable":true,"href":"https:\/\/archivioturi.lavocedelpaese.info\/index.php\/wp-json\/wp\/v2\/comments?post=7344"}],"version-history":[{"count":0,"href":"https:\/\/archivioturi.lavocedelpaese.info\/index.php\/wp-json\/wp\/v2\/posts\/7344\/revisions"}],"wp:featuredmedia":[{"embeddable":true,"href":"https:\/\/archivioturi.lavocedelpaese.info\/index.php\/wp-json\/wp\/v2\/media\/7343"}],"wp:attachment":[{"href":"https:\/\/archivioturi.lavocedelpaese.info\/index.php\/wp-json\/wp\/v2\/media?parent=7344"}],"wp:term":[{"taxonomy":"category","embeddable":true,"href":"https:\/\/archivioturi.lavocedelpaese.info\/index.php\/wp-json\/wp\/v2\/categories?post=7344"},{"taxonomy":"post_tag","embeddable":true,"href":"https:\/\/archivioturi.lavocedelpaese.info\/index.php\/wp-json\/wp\/v2\/tags?post=7344"}],"curies":[{"name":"wp","href":"https:\/\/api.w.org\/{rel}","templated":true}]}}