{"id":7334,"date":"2011-11-07T08:34:15","date_gmt":"2011-11-07T08:34:15","guid":{"rendered":"https:\/\/archivioturi.lavocedelpaese.info\/index.php\/2011\/11\/07\/le-tavole-dei-diritti-un-dono-per-i-bambini-turesi\/"},"modified":"2011-11-07T08:34:15","modified_gmt":"2011-11-07T08:34:15","slug":"le-tavole-dei-diritti-un-dono-per-i-bambini-turesi","status":"publish","type":"post","link":"https:\/\/archivioturi.lavocedelpaese.info\/index.php\/2011\/11\/07\/le-tavole-dei-diritti-un-dono-per-i-bambini-turesi\/","title":{"rendered":"LE TAVOLE DEI DIRITTI. UN DONO PER I BAMBINI TURESI"},"content":{"rendered":"<p><img loading=\"lazy\" decoding=\"async\" class=\" size-full wp-image-7333\" src=\"https:\/\/archivioturi.lavocedelpaese.info\/wp-content\/uploads\/2011\/11\/tavole_diritti.JPG\" width=\"320\" height=\"150\" alt=\"tavole diritti\" style=\"margin-top: 0px; margin-right: 3px; margin-bottom: 0px; margin-left: 3px;\" srcset=\"https:\/\/archivioturi.lavocedelpaese.info\/wp-content\/uploads\/2011\/11\/tavole_diritti.JPG 640w, https:\/\/archivioturi.lavocedelpaese.info\/wp-content\/uploads\/2011\/11\/tavole_diritti-300x141.jpg 300w\" sizes=\"auto, (max-width: 320px) 100vw, 320px\" \/><\/p>\n<p>&nbsp;<\/p>\n<p style=\"text-align: justify;\">Come far arrivare ai pi\u00f9 piccoli concetti spesso difficili da dire, da raccontare? Spesso giungono in soccorso linguaggi che a volte, qualche adulto, tende a dimenticare, ma che pi\u00f9 semplicemente, racchiude in piccoli spazi un mondo, una storia, una realt\u00e0. Disegni, immagini, colori, impressi su tavole di forex 40X40 per raccontare i \u201cDiritti dei Bambini\u201d e racchiusi sulla parete della Libreria Eleutera che accoglie, in forma permanente, la mostra sui diritti dei bambini curata da Nicoletta Costa e realizzata con altri autori e illustratori.<\/p>\n<p style=\"text-align: justify;\">Con 20 pannelli donati dalla Costa e \u201cche speriamo i bambini vengano a vedere\u201d \u2013 ha commentato Alina Laruccia sono raccontati, con semplici poesie e variegati disegni, il diritto al gioco, alla vita, all\u2019istruzione, al nutrimento, alla famiglia, alla noia, alla cittadinanza, alla casa, alla giustizia e all\u2019avere diritti di tutti i bambini. Tutte riflessioni di Susanna Tamaro, di Vivian Lamarque, di Giusi Quarenghi, Francesca Longo e tanti altri che avvolgono in spunti di riflessione chiunque si ferma un attimo a pensare, ad osservare.<\/p>\n<p style=\"text-align: justify;\">\u201cSarebbe bello se ogni immagine e ogni parola rimanesse impressa nella mente di ogni bambino\u201d \u2013 confida la signora Laruccia che invita chiunque, singoli o classi intere, a fermarsi a guardare e pensare e magari esprimere, con altri disegni o versi le emozioni che queste immagini scaturiscono. \u201cCi sar\u00e0 una parete, nella mia libreria, che accoglier\u00e0 i pensieri di chi vorr\u00e0 lasciare un proprio sentimento, una propria emozione, cos\u00ec da non rendere questi messaggi, puramente parole statiche, che si dimenticano non appena si varca la soglia della libreria\u201d.<\/p>\n<p style=\"text-align: justify;\">Un\u2019idea interessante, che invita non solo i pi\u00f9 piccoli, ma anche gli adulti, a riflettere sui diritti dei pi\u00f9 piccoli, spesso scontati nella societ\u00e0 moderna e civile come la nostra, ma assenti o ignari in altre realt\u00e0.<\/p>\n<p style=\"text-align: justify;\"><b>Nicoletta Costa<\/b>, triestina, sin dall\u2019et\u00e0 di 10 anni scrive e ad illustra libri per bambini! I personaggi di Nicoletta vivono ogni giorno piccole \u201cgrandi\u201d avventure che aiutano i bambini ad avere fiducia in se stessi. Nicoletta \u00e8 conosciuta, non solo per i suoi personaggi, ma anche per il tratto grafico essenziale, caratteristico e facilmente riconoscibile, che i bambini amano e riescono facilmente ad imitare.<\/p>\n","protected":false},"excerpt":{"rendered":"<p><img loading=\"lazy\" decoding=\"async\" class=\" size-full wp-image-7333\" src=\"https:\/\/archivioturi.lavocedelpaese.info\/wp-content\/uploads\/2011\/11\/tavole_diritti.JPG\" width=\"320\" height=\"150\" alt=\"tavole diritti\" style=\"margin-top: 0px; margin-right: 3px; margin-bottom: 0px; margin-left: 3px;\" srcset=\"https:\/\/archivioturi.lavocedelpaese.info\/wp-content\/uploads\/2011\/11\/tavole_diritti.JPG 640w, https:\/\/archivioturi.lavocedelpaese.info\/wp-content\/uploads\/2011\/11\/tavole_diritti-300x141.jpg 300w\" sizes=\"auto, (max-width: 320px) 100vw, 320px\" \/><\/p>\n","protected":false},"author":1,"featured_media":7333,"comment_status":"open","ping_status":"closed","sticky":false,"template":"","format":"standard","meta":{"colormag_page_container_layout":"default_layout","colormag_page_sidebar_layout":"default_layout","footnotes":""},"categories":[6],"tags":[],"class_list":["post-7334","post","type-post","status-publish","format-standard","has-post-thumbnail","hentry","category-cultura"],"_links":{"self":[{"href":"https:\/\/archivioturi.lavocedelpaese.info\/index.php\/wp-json\/wp\/v2\/posts\/7334","targetHints":{"allow":["GET"]}}],"collection":[{"href":"https:\/\/archivioturi.lavocedelpaese.info\/index.php\/wp-json\/wp\/v2\/posts"}],"about":[{"href":"https:\/\/archivioturi.lavocedelpaese.info\/index.php\/wp-json\/wp\/v2\/types\/post"}],"author":[{"embeddable":true,"href":"https:\/\/archivioturi.lavocedelpaese.info\/index.php\/wp-json\/wp\/v2\/users\/1"}],"replies":[{"embeddable":true,"href":"https:\/\/archivioturi.lavocedelpaese.info\/index.php\/wp-json\/wp\/v2\/comments?post=7334"}],"version-history":[{"count":0,"href":"https:\/\/archivioturi.lavocedelpaese.info\/index.php\/wp-json\/wp\/v2\/posts\/7334\/revisions"}],"wp:featuredmedia":[{"embeddable":true,"href":"https:\/\/archivioturi.lavocedelpaese.info\/index.php\/wp-json\/wp\/v2\/media\/7333"}],"wp:attachment":[{"href":"https:\/\/archivioturi.lavocedelpaese.info\/index.php\/wp-json\/wp\/v2\/media?parent=7334"}],"wp:term":[{"taxonomy":"category","embeddable":true,"href":"https:\/\/archivioturi.lavocedelpaese.info\/index.php\/wp-json\/wp\/v2\/categories?post=7334"},{"taxonomy":"post_tag","embeddable":true,"href":"https:\/\/archivioturi.lavocedelpaese.info\/index.php\/wp-json\/wp\/v2\/tags?post=7334"}],"curies":[{"name":"wp","href":"https:\/\/api.w.org\/{rel}","templated":true}]}}