{"id":7304,"date":"2011-11-02T15:07:38","date_gmt":"2011-11-02T15:07:38","guid":{"rendered":"https:\/\/archivioturi.lavocedelpaese.info\/index.php\/2011\/11\/02\/al-via-la-convenzione-con-lasl\/"},"modified":"2011-11-02T15:07:38","modified_gmt":"2011-11-02T15:07:38","slug":"al-via-la-convenzione-con-lasl","status":"publish","type":"post","link":"https:\/\/archivioturi.lavocedelpaese.info\/index.php\/2011\/11\/02\/al-via-la-convenzione-con-lasl\/","title":{"rendered":"AL VIA LA CONVENZIONE CON L&#8217;ASL"},"content":{"rendered":"<p><img loading=\"lazy\" decoding=\"async\" class=\" size-full wp-image-7303\" src=\"https:\/\/archivioturi.lavocedelpaese.info\/wp-content\/uploads\/2011\/11\/ambulanza-nuova-grande.jpg\" width=\"320\" height=\"150\" alt=\"ambulanza-nuova-grande\" style=\"margin-top: 0px; margin-right: 3px; margin-bottom: 0px; margin-left: 3px;\" \/><\/p>\n<p>&nbsp;<\/p>\n<p style=\"text-align: justify;\">Ore 19 di gioved\u00ec sera la Giunta si \u00e8 riunita. Sul tavolo anche la \u201cclassica\u201d questione del 118 medicalizzato che sembra ormai giunta alle fasi finali. Alla convenzione fra il Comune di Turi e l\u2019Asl mancano solamente le firme finali. Abbiamo sentito Paolo Tundo che aveva preso personalmente a cuore l\u2019argomento: \u201cSono felice del risultato raggiunto\u201d. Dopo il passaggio in Giunta si dovr\u00e0 andare in Consiglio e \u201centro il 30 aprile 2012 dovr\u00e0 essere abbattuta la struttura di via Conversano (Ospedale). C\u2019\u00e8 gi\u00e0 l\u2019appalto pronto\u201d. Il 118 si affiancher\u00e0 nei pressi delle Scuole accanto al centro diurno ci spiega il Vice Sindaco: \u201cLe unit\u00e0 presenti nel centro diurno si sono ridotte da 32 a 12, cos\u00ec liberando alcune stanze, \u00e8 stato possibile collocare il 118 e la guardia medica.\u201d Dunque questione risolta anche con l\u2019Universit\u00e0 della Terza Et\u00e0? \u201cSi \u00e8 perso del tempo prezioso per l\u2019associazione che ha causato un po\u2019 di ritardo, ma sono felice del lieto fine. L\u2019importante \u00e8 ora non perdere altro tempo!\u201d Hanno vinto loro? \u201cNon hanno vinto loro ha vinto la buona politica e il paese tutto. Sono felice per loro. Ho guardato sempre alle soluzioni e alle vie possibili per il bene dei cittadini.\u201d<\/p>\n","protected":false},"excerpt":{"rendered":"<p><img loading=\"lazy\" decoding=\"async\" class=\" size-full wp-image-7303\" src=\"https:\/\/archivioturi.lavocedelpaese.info\/wp-content\/uploads\/2011\/11\/ambulanza-nuova-grande.jpg\" width=\"320\" height=\"150\" alt=\"ambulanza-nuova-grande\" style=\"margin-top: 0px; margin-right: 3px; margin-bottom: 0px; margin-left: 3px;\" \/><\/p>\n","protected":false},"author":1,"featured_media":7303,"comment_status":"open","ping_status":"closed","sticky":false,"template":"","format":"standard","meta":{"colormag_page_container_layout":"default_layout","colormag_page_sidebar_layout":"default_layout","footnotes":""},"categories":[4],"tags":[],"class_list":["post-7304","post","type-post","status-publish","format-standard","has-post-thumbnail","hentry","category-politica"],"_links":{"self":[{"href":"https:\/\/archivioturi.lavocedelpaese.info\/index.php\/wp-json\/wp\/v2\/posts\/7304","targetHints":{"allow":["GET"]}}],"collection":[{"href":"https:\/\/archivioturi.lavocedelpaese.info\/index.php\/wp-json\/wp\/v2\/posts"}],"about":[{"href":"https:\/\/archivioturi.lavocedelpaese.info\/index.php\/wp-json\/wp\/v2\/types\/post"}],"author":[{"embeddable":true,"href":"https:\/\/archivioturi.lavocedelpaese.info\/index.php\/wp-json\/wp\/v2\/users\/1"}],"replies":[{"embeddable":true,"href":"https:\/\/archivioturi.lavocedelpaese.info\/index.php\/wp-json\/wp\/v2\/comments?post=7304"}],"version-history":[{"count":0,"href":"https:\/\/archivioturi.lavocedelpaese.info\/index.php\/wp-json\/wp\/v2\/posts\/7304\/revisions"}],"wp:featuredmedia":[{"embeddable":true,"href":"https:\/\/archivioturi.lavocedelpaese.info\/index.php\/wp-json\/wp\/v2\/media\/7303"}],"wp:attachment":[{"href":"https:\/\/archivioturi.lavocedelpaese.info\/index.php\/wp-json\/wp\/v2\/media?parent=7304"}],"wp:term":[{"taxonomy":"category","embeddable":true,"href":"https:\/\/archivioturi.lavocedelpaese.info\/index.php\/wp-json\/wp\/v2\/categories?post=7304"},{"taxonomy":"post_tag","embeddable":true,"href":"https:\/\/archivioturi.lavocedelpaese.info\/index.php\/wp-json\/wp\/v2\/tags?post=7304"}],"curies":[{"name":"wp","href":"https:\/\/api.w.org\/{rel}","templated":true}]}}