{"id":7302,"date":"2011-11-02T15:04:13","date_gmt":"2011-11-02T15:04:13","guid":{"rendered":"https:\/\/archivioturi.lavocedelpaese.info\/index.php\/2011\/11\/02\/gigantelli-non-vuole-ripresentarsi\/"},"modified":"2011-11-02T15:04:13","modified_gmt":"2011-11-02T15:04:13","slug":"gigantelli-non-vuole-ripresentarsi","status":"publish","type":"post","link":"https:\/\/archivioturi.lavocedelpaese.info\/index.php\/2011\/11\/02\/gigantelli-non-vuole-ripresentarsi\/","title":{"rendered":"GIGANTELLI NON VUOLE RIPRESENTARSI"},"content":{"rendered":"<p><img loading=\"lazy\" decoding=\"async\" class=\" size-full wp-image-1471\" src=\"https:\/\/archivioturi.lavocedelpaese.info\/wp-content\/uploads\/2010\/02\/tundo-schittulli.jpg\" width=\"320\" height=\"150\" alt=\"tundo-schittulli\" style=\"margin-top: 0px; margin-right: 3px; margin-bottom: 0px; margin-left: 3px;\" \/><\/p>\n<p>&nbsp;<\/p>\n<p style=\"text-align: justify;\"><strong>In una intervista Antonio Gasparro afferma che Gigantelli \u00e8 il candidato sindaco del Pdl. Ci conferma la notizia? La sua candidatura verrebbe meno?<\/strong><br \/>Se cos\u00ec fosse, mi farebbe piacere la sua riconferma. Ma cos\u00ec non \u00e8. Da quello che mi risulta il Sindaco ci racconta la propria volont\u00e0 di fare un passo indietro. Non credo voglia riproporsi. Tuttavia bisognerebbe fare chiarezza all\u2019interno del partito al pi\u00f9 presto.<\/p>\n<p style=\"text-align: justify;\"><strong>Alcuni Consiglieri di maggioranza hanno criticato le affermazioni di Antonio Gasparro e il fatto che lo stesso non sia mai stato presentato al partito locale. Cos\u00ec come dalla nomina abbia mai presenziato un incontro. Cosa ne pensa Paolo Tundo?<\/strong><br \/>In realt\u00e0 la sua nomina l\u2019abbiamo appresa per vie traverse o dai giornali. Qualche errore \u00e8 stato fatto, in assenza dei quali avremmo potuto contare su un gruppo pi\u00f9 compatto e unit\u00f2. Tuttavia per me Antonio \u00e8 una persona che ha esperienza e sono convinto che con Boccardi faremo cose positive per la futura alleanza con Mimmo Leogrande, Mercieri e gli altri.<\/p>\n<p style=\"text-align: justify;\"><strong>Paolo Tundo in un discorso di alleanze per\u00f2 \u00e8 disponibile a confrontare il suo nome con altri per la candidatura a Sindaco?<\/strong><br \/>Cos\u00ec come sono presentato io, pu\u00f2 farlo chiunque. Anche Franco D\u2019Addabbo anche se esistono regole non scritte. A Locorotondo ad esempio il candidato sindaco \u00e8 stato il pi\u00f9 suffragato.<\/p>\n<p style=\"text-align: justify;\"><strong>E se ci fossero pi\u00f9 candidature Paolo Tundo come vedrebbe le Primarie volute e auspicate anche dal Segretario Nazionale Alfano?<\/strong><br \/>Le primarie sono la cosa pi\u00f9 giusta se ci fossero pi\u00f9 candidature e se dovesse serpeggiare ancora astio e personalismi.<\/p>\n","protected":false},"excerpt":{"rendered":"<p><img loading=\"lazy\" decoding=\"async\" class=\" size-full wp-image-1471\" src=\"https:\/\/archivioturi.lavocedelpaese.info\/wp-content\/uploads\/2010\/02\/tundo-schittulli.jpg\" width=\"320\" height=\"150\" alt=\"tundo-schittulli\" style=\"margin-top: 0px; margin-right: 3px; margin-bottom: 0px; margin-left: 3px;\" \/><\/p>\n","protected":false},"author":1,"featured_media":1471,"comment_status":"open","ping_status":"closed","sticky":false,"template":"","format":"standard","meta":{"colormag_page_container_layout":"default_layout","colormag_page_sidebar_layout":"default_layout","footnotes":""},"categories":[4],"tags":[],"class_list":["post-7302","post","type-post","status-publish","format-standard","has-post-thumbnail","hentry","category-politica"],"_links":{"self":[{"href":"https:\/\/archivioturi.lavocedelpaese.info\/index.php\/wp-json\/wp\/v2\/posts\/7302","targetHints":{"allow":["GET"]}}],"collection":[{"href":"https:\/\/archivioturi.lavocedelpaese.info\/index.php\/wp-json\/wp\/v2\/posts"}],"about":[{"href":"https:\/\/archivioturi.lavocedelpaese.info\/index.php\/wp-json\/wp\/v2\/types\/post"}],"author":[{"embeddable":true,"href":"https:\/\/archivioturi.lavocedelpaese.info\/index.php\/wp-json\/wp\/v2\/users\/1"}],"replies":[{"embeddable":true,"href":"https:\/\/archivioturi.lavocedelpaese.info\/index.php\/wp-json\/wp\/v2\/comments?post=7302"}],"version-history":[{"count":0,"href":"https:\/\/archivioturi.lavocedelpaese.info\/index.php\/wp-json\/wp\/v2\/posts\/7302\/revisions"}],"wp:featuredmedia":[{"embeddable":true,"href":"https:\/\/archivioturi.lavocedelpaese.info\/index.php\/wp-json\/wp\/v2\/media\/1471"}],"wp:attachment":[{"href":"https:\/\/archivioturi.lavocedelpaese.info\/index.php\/wp-json\/wp\/v2\/media?parent=7302"}],"wp:term":[{"taxonomy":"category","embeddable":true,"href":"https:\/\/archivioturi.lavocedelpaese.info\/index.php\/wp-json\/wp\/v2\/categories?post=7302"},{"taxonomy":"post_tag","embeddable":true,"href":"https:\/\/archivioturi.lavocedelpaese.info\/index.php\/wp-json\/wp\/v2\/tags?post=7302"}],"curies":[{"name":"wp","href":"https:\/\/api.w.org\/{rel}","templated":true}]}}