{"id":7201,"date":"2011-10-24T08:37:16","date_gmt":"2011-10-24T08:37:16","guid":{"rendered":"https:\/\/archivioturi.lavocedelpaese.info\/index.php\/2011\/10\/24\/1991-2011-20-anni-fidas\/"},"modified":"2011-10-24T08:37:16","modified_gmt":"2011-10-24T08:37:16","slug":"1991-2011-20-anni-fidas","status":"publish","type":"post","link":"https:\/\/archivioturi.lavocedelpaese.info\/index.php\/2011\/10\/24\/1991-2011-20-anni-fidas\/","title":{"rendered":"1991-2011: 20 ANNI FIDAS"},"content":{"rendered":"<p><img loading=\"lazy\" decoding=\"async\" class=\" size-full wp-image-7200\" src=\"https:\/\/archivioturi.lavocedelpaese.info\/wp-content\/uploads\/2011\/10\/ventennale_fidas_231.jpg\" width=\"320\" height=\"150\" alt=\"ventennale fidas_231\" style=\"margin-top: 0px; margin-right: 3px; margin-bottom: 0px; margin-left: 3px;\" srcset=\"https:\/\/archivioturi.lavocedelpaese.info\/wp-content\/uploads\/2011\/10\/ventennale_fidas_231.jpg 640w, https:\/\/archivioturi.lavocedelpaese.info\/wp-content\/uploads\/2011\/10\/ventennale_fidas_231-300x141.jpg 300w\" sizes=\"auto, (max-width: 320px) 100vw, 320px\" \/><\/p>\n<p style=\"text-align: justify;\">Una festa di compleanno in grande stile, quella organizzata dalla FIDAS \u2013 TURI la scorsa domenica 16 ottobre. Un\u2019occasione per celebrare i suoi primi venti anni di attivit\u00e0 e per dire grazie a tutti coloro che si impegnano responsabilmente per garantire una speranza a chiunque ne avesse bisogno. \u00c8 con lo stesso spirito di unione e gioia che dalle prime ore della giornata, i volontari FIDAS, insieme al gruppo MTB biker 5&amp;9, hanno accolto ed invitato tutti coloro che volessero partecipare alla BICIPASEGGIATA per le vie cittadine. Sfidando le basse temperature che hanno investito il nostro territorio da qualche giorno e godendo di qualche timido raggio di sole che faceva sperare per la bella riuscita della mattinata, in tanti si sono radunati nella piazza prospiciente la Chiesetta di San Rocco. Ad allietare le operazioni ed accompagnare i partecipanti, le note suonate dalla Banda Musicale Cittadina \u201cDon Giovanni Cipriani\u201d, mentre i pi\u00f9 piccoli venivano coinvolti dalle creazioni degli artisti di strada.<\/p>\n<p style=\"text-align: justify;\">Con una sola \u201cdivisa\u201d, una grande margherita con un petalo che si trasforma in goccia di sangue, tutti son stati coinvolti in questo clima di festa a cui ha dato benedizione Don Giovanni Amodio dall\u2019ingresso posto gentilmente in concessione dai coniugi Sabatelli. Un forte applauso ha inondato la piazza al momento dello scoprimento di una unit\u00e0 ciclistica di soccorso offerta da Ampioraggio Bike Hospital al gruppo di Pubblica Assistenza Turi Soccorso.<\/p>\n<p style=\"text-align: justify;\">Alle 10.15 circa, quindi, tutti in sella alle proprie \u2018due ruote\u2019 e, preceduti sempre dal ritmo della Banda Musicale Cittadina, una marea di ciclisti ha dato il via alla Bici Passeggiata. Lungo le principali vie del centro cittadino, guidati e assistiti dai biker 5&amp;9 e scortati dalla nuova unit\u00e0 ciclistica del Turi Soccorso, hanno percorso il paese dimostrando l\u2019unit\u00e0 e il piacere di far parte di un\u2019unica e grande famiglia: donatori di sangue FIDAS. Tutti con la comune t-shirt bianca e azzurra per dire \u201ce se donassi anche tu?\u201d hanno pedalato per circa 7 km, per giungere di nuovo al punto di partenza dove sono stati accolti dalla presidente regionale Fidas, Rosita Orlandi.<\/p>\n<p style=\"text-align: justify;\">Dalla sua voce, un sentito grazie a tutti i partecipanti, alla presidente Enza Mercieri e a tutti coloro che compongono il gruppo FIDAS TURI che in questi venti anni hanno reso la sezione turese una delle pi\u00f9 belle. &nbsp;Tra i ciclisti della giornata, \u00e8 stata sorteggiata la signora Giovanna Ligurgo alla quale \u00e8 andata una Regina, messa a disposizione da Ampioraggio Bike Hospital di Pierino Sabatelli. Nelle sue mani \u00e8 stata consegnata una targa di ringraziamento al gruppo 5&amp;9 dalla FIDAS. Per esprimere la propria gratitudine, i donatori turesi hanno consegnato dalle mani della presidente regionale R. Orlandi, una targa anche alla Banda Musicale Cittadina \u201cDon Giovanni Cipriani\u201d, per la loro collaborazione.<\/p>\n<p style=\"text-align: justify;\">\u201cRingrazio tutti coloro che hanno partecipato: i 5&amp;9, la Banda Musicale, l\u2019Amministrazione comunale nella persona di Paolo Tundo che ha partecipato all\u2019intera giornata, agli sponsor Ampioraggio Bike Hospital, Acqua Amata, il Grano D\u2019oro di Puglia e la Nuova Pro Loco\u201d \u2013 commenta l presidente turese Enza Mercieri.<\/p>\n<p style=\"text-align: justify;\">Una messa nella Chiesa Madre ha chiuso questa mattinata di festa per il gruppo FIDAS Turi, proseguito da un pranzo per tutti i soci.<\/p>\n<p><embed type=\"application\/x-shockwave-flash\" src=\"https:\/\/picasaweb.google.com\/s\/c\/bin\/slideshow.swf\" width=\"660\" height=\"660\" flashvars=\"host=picasaweb.google.com&#038;hl=it&#038;feat=flashalbum&#038;RGB=0x000000&#038;feed=https%3A%2F%2Fpicasaweb.google.com%2Fdata%2Ffeed%2Fapi%2Fuser%2Fredazioneturiweb%2Falbumid%2F5666976074158407009%3Falt%3Drss%26kind%3Dphoto%26authkey%3DGv1sRgCPm3__GAvvP1AQ%26hl%3Dit\" pluginspage=\"http:\/\/www.macromedia.com\/go\/getflashplayer\"><\/embed><\/p>\n","protected":false},"excerpt":{"rendered":"<p><img loading=\"lazy\" decoding=\"async\" class=\" size-full wp-image-7200\" src=\"https:\/\/archivioturi.lavocedelpaese.info\/wp-content\/uploads\/2011\/10\/ventennale_fidas_231.jpg\" width=\"320\" height=\"150\" alt=\"ventennale fidas_231\" style=\"margin-top: 0px; margin-right: 3px; margin-bottom: 0px; margin-left: 3px;\" srcset=\"https:\/\/archivioturi.lavocedelpaese.info\/wp-content\/uploads\/2011\/10\/ventennale_fidas_231.jpg 640w, https:\/\/archivioturi.lavocedelpaese.info\/wp-content\/uploads\/2011\/10\/ventennale_fidas_231-300x141.jpg 300w\" sizes=\"auto, (max-width: 320px) 100vw, 320px\" \/><\/p>\n","protected":false},"author":1,"featured_media":7200,"comment_status":"open","ping_status":"closed","sticky":false,"template":"","format":"standard","meta":{"colormag_page_container_layout":"default_layout","colormag_page_sidebar_layout":"default_layout","footnotes":""},"categories":[7],"tags":[],"class_list":["post-7201","post","type-post","status-publish","format-standard","has-post-thumbnail","hentry","category-attualita"],"_links":{"self":[{"href":"https:\/\/archivioturi.lavocedelpaese.info\/index.php\/wp-json\/wp\/v2\/posts\/7201","targetHints":{"allow":["GET"]}}],"collection":[{"href":"https:\/\/archivioturi.lavocedelpaese.info\/index.php\/wp-json\/wp\/v2\/posts"}],"about":[{"href":"https:\/\/archivioturi.lavocedelpaese.info\/index.php\/wp-json\/wp\/v2\/types\/post"}],"author":[{"embeddable":true,"href":"https:\/\/archivioturi.lavocedelpaese.info\/index.php\/wp-json\/wp\/v2\/users\/1"}],"replies":[{"embeddable":true,"href":"https:\/\/archivioturi.lavocedelpaese.info\/index.php\/wp-json\/wp\/v2\/comments?post=7201"}],"version-history":[{"count":0,"href":"https:\/\/archivioturi.lavocedelpaese.info\/index.php\/wp-json\/wp\/v2\/posts\/7201\/revisions"}],"wp:featuredmedia":[{"embeddable":true,"href":"https:\/\/archivioturi.lavocedelpaese.info\/index.php\/wp-json\/wp\/v2\/media\/7200"}],"wp:attachment":[{"href":"https:\/\/archivioturi.lavocedelpaese.info\/index.php\/wp-json\/wp\/v2\/media?parent=7201"}],"wp:term":[{"taxonomy":"category","embeddable":true,"href":"https:\/\/archivioturi.lavocedelpaese.info\/index.php\/wp-json\/wp\/v2\/categories?post=7201"},{"taxonomy":"post_tag","embeddable":true,"href":"https:\/\/archivioturi.lavocedelpaese.info\/index.php\/wp-json\/wp\/v2\/tags?post=7201"}],"curies":[{"name":"wp","href":"https:\/\/api.w.org\/{rel}","templated":true}]}}